{"id":351414,"date":"2025-08-29T04:50:10","date_gmt":"2025-08-29T04:50:10","guid":{"rendered":"https:\/\/www.europesays.com\/fr\/351414\/"},"modified":"2025-08-29T04:50:10","modified_gmt":"2025-08-29T04:50:10","slug":"un-cas-dinfection-equine-au-virus-west-nile-confirme-dans-le-gard","status":"publish","type":"post","link":"https:\/\/www.europesays.com\/fr\/351414\/","title":{"rendered":"Un cas d\u2019infection \u00e9quine au virus West Nile confirm\u00e9 dans le Gard"},"content":{"rendered":"<p>\n                                                                Le pr\u00e9fet du Gard appelle \u00e0 la vigilance les \u00e9leveurs et les v\u00e9t\u00e9rinaires en fili\u00e8re \u00e9quine apr\u00e8s la d\u00e9couverte de cas d\u2019infection au West Nile sur un cheval \u00e0 Meynes.\n                            <\/p>\n<p>Le pr\u00e9fet du Gard appelle \u00e0 la vigilance les \u00e9leveurs et les v\u00e9t\u00e9rinaires en fili\u00e8re \u00e9quine apr\u00e8s la confirmation d\u2019un cas d\u2019infection \u00e9quine au West Nile. La direction d\u00e9partementale de la protection des populations du Gard a \u00e9t\u00e9 inform\u00e9e de deux suspicions \u00e9quines de virus West Nile. Les analyses ont permis de confirmer un cas sur un cheval \u00e0 Meynes alors qu\u2019un second, au Cailar, est en cours de d\u00e9pistage.<\/p>\n<p>Traitement, vaccination et d\u00e9claration<\/p>\n<p>Le pr\u00e9fet demande une mise en place dans les zones \u00e0 risque d\u2019un traitement insecticide pr\u00e9ventif, la vaccination des chevaux contre ce virus et la d\u00e9claration de tout cheval malade. Chez les \u00e9quid\u00e9s, la maladie se manifeste soit sous une forme f\u00e9brile pure, inapparente, soit sous une forme nerveuse comme l\u2019abattement, les tremblements, les troubles neurologiques. La gu\u00e9rison intervient au bout de trois \u00e0 quatre semaines. Les formes graves peuvent entra\u00eener la paralysie ou m\u00eame la mort.<\/p>\n<p>\u00c0 ce jour, aucun cas d\u2019infection humaine n\u2019a \u00e9t\u00e9 d\u00e9tect\u00e9 dans le Gard.<\/p>\n","protected":false},"excerpt":{"rendered":"Le pr\u00e9fet du Gard appelle \u00e0 la vigilance les \u00e9leveurs et les v\u00e9t\u00e9rinaires en fili\u00e8re \u00e9quine apr\u00e8s la&hellip;\n","protected":false},"author":2,"featured_media":351415,"comment_status":"","ping_status":"","sticky":false,"template":"","format":"standard","meta":{"footnotes":""},"categories":[10],"tags":[1011,27,72,71],"class_list":{"0":"post-351414","1":"post","2":"type-post","3":"status-publish","4":"format-standard","5":"has-post-thumbnail","7":"category-sante","8":"tag-fr","9":"tag-france","10":"tag-health","11":"tag-sante"},"share_on_mastodon":{"url":"https:\/\/pubeurope.com\/@fr\/115110256555612964","error":""},"_links":{"self":[{"href":"https:\/\/www.europesays.com\/fr\/wp-json\/wp\/v2\/posts\/351414","targetHints":{"allow":["GET"]}}],"collection":[{"href":"https:\/\/www.europesays.com\/fr\/wp-json\/wp\/v2\/posts"}],"about":[{"href":"https:\/\/www.europesays.com\/fr\/wp-json\/wp\/v2\/types\/post"}],"author":[{"embeddable":true,"href":"https:\/\/www.europesays.com\/fr\/wp-json\/wp\/v2\/users\/2"}],"replies":[{"embeddable":true,"href":"https:\/\/www.europesays.com\/fr\/wp-json\/wp\/v2\/comments?post=351414"}],"version-history":[{"count":0,"href":"https:\/\/www.europesays.com\/fr\/wp-json\/wp\/v2\/posts\/351414\/revisions"}],"wp:featuredmedia":[{"embeddable":true,"href":"https:\/\/www.europesays.com\/fr\/wp-json\/wp\/v2\/media\/351415"}],"wp:attachment":[{"href":"https:\/\/www.europesays.com\/fr\/wp-json\/wp\/v2\/media?parent=351414"}],"wp:term":[{"taxonomy":"category","embeddable":true,"href":"https:\/\/www.europesays.com\/fr\/wp-json\/wp\/v2\/categories?post=351414"},{"taxonomy":"post_tag","embeddable":true,"href":"https:\/\/www.europesays.com\/fr\/wp-json\/wp\/v2\/tags?post=351414"}],"curies":[{"name":"wp","href":"https:\/\/api.w.org\/{rel}","templated":true}]}}