{"id":351420,"date":"2025-08-29T04:53:10","date_gmt":"2025-08-29T04:53:10","guid":{"rendered":"https:\/\/www.europesays.com\/fr\/351420\/"},"modified":"2025-08-29T04:53:10","modified_gmt":"2025-08-29T04:53:10","slug":"les-eaux-australiennes-abritent-une-tour-vivante-de-500-metres-de-haut","status":"publish","type":"post","link":"https:\/\/www.europesays.com\/fr\/351420\/","title":{"rendered":"les eaux australiennes abritent une \u00ab tour vivante \u00bb de 500 m\u00e8tres de haut"},"content":{"rendered":"<p><img fetchpriority=\"high\" decoding=\"async\" width=\"1024\" height=\"576\" src=\"https:\/\/www.europesays.com\/fr\/wp-content\/uploads\/2025\/08\/une-planete-ocean-1024x576.jpeg\" alt=\"oc\u00e9an\" class=\"wp-image-673584\"  \/>\u2014  PHOTO JUNCTION \/ Shutterstock.com<\/p>\n<p><strong>Si nous disposons aujourd\u2019hui d\u2019un large \u00e9ventail de technologies pour sonder les <a href=\"https:\/\/dailygeekshow.com\/tag\/ocean\" target=\"_blank\" rel=\"noreferrer noopener\">oc\u00e9ans<\/a>, il a fallu attendre 2020 pour qu\u2019un gigantesque r\u00e9cif corallien, plus haut que la <a href=\"https:\/\/dailygeekshow.com\/tour-eiffel-anecdotes\/\" target=\"_blank\" rel=\"noreferrer noopener\">tour Eiffel<\/a> ou l\u2019<a href=\"https:\/\/dailygeekshow.com\/empire-state-building-histoire\/\" target=\"_blank\" rel=\"noreferrer noopener\">Empire State Building<\/a>, ne soit identifi\u00e9.<\/strong><\/p>\n<p><strong>Un (tr\u00e8s) haut lieu de biodiversit\u00e9<\/strong><\/p>\n<p>Vieille d\u2019environ 20 millions d\u2019ann\u00e9es, cette monstrueuse structure sous-marine se cache dans les eaux entourant la <a href=\"https:\/\/dailygeekshow.com\/recif-corail-australien\/\" target=\"_blank\" rel=\"noreferrer noopener\"><strong>Grande Barri\u00e8re de corail<\/strong><\/a>, longue de 2 300 kilom\u00e8tres et compos\u00e9e de plusieurs milliers de r\u00e9cifs. On doit sa d\u00e9couverte \u00e0 <a href=\"https:\/\/dailygeekshow.com\/vie-ocean-pacifique\/\" target=\"_blank\" rel=\"noreferrer noopener\">SuBastian<\/a>, l\u2019incontournable submersible de l\u2019Institut Schmidt de l\u2019oc\u00e9an qui nous a r\u00e9cemment offert des aper\u00e7us fascinants de <a href=\"https:\/\/dailygeekshow.com\/vie-canyon-sous-marin\/\" target=\"_blank\" rel=\"noreferrer noopener\">mondes sous-marins isol\u00e9s<\/a>.<\/p>\n<p>Lire aussi <a href=\"https:\/\/dailygeekshow.com\/une-decouverte-archeologique-inedite-cette-mysterieuse-population-humaine-disparue-il-y-a-6-000-ans-qui-refait-surface-intrigue-les-chercheurs\/\" target=\"_blank\" rel=\"noopener\">Une d\u00e9couverte arch\u00e9ologique in\u00e9dite : cette myst\u00e9rieuse population humaine disparue il y a 6 000 ans qui refait surface intrigue les chercheurs<\/a><\/p>\n<p>Les relev\u00e9s r\u00e9alis\u00e9s ont r\u00e9v\u00e9l\u00e9 que la base de la \u00ab tour \u00bb s\u2019\u00e9tendait sur environ 1,5 kilom\u00e8tre, et qu\u2019elle atteignait une hauteur d\u2019environ 500 m\u00e8tres. Situ\u00e9e \u00e0 une quarantaine de m\u00e8tres seulement sous les vagues, sa pointe ne d\u00e9passe pas 15 m\u00e8tres de large.<\/p>\n<p>\u00ab La d\u00e9couverte d\u2019un nouveau r\u00e9cif d\u2019un demi-kilom\u00e8tre de haut au large du Cap York montre \u00e0 quel point il nous reste \u00e0 d\u00e9couvrir juste au-del\u00e0 de nos c\u00f4tes \u00bb, avait a l\u2019\u00e9poque d\u00e9clar\u00e9 Jyotika Virmani, qui supervisait la mission. \u00ab Cet ensemble de clich\u00e9s sous-marins et de donn\u00e9es cartographiques vont nous aider \u00e0 pr\u00e9ciser son r\u00f4le au sein de cet \u00e9cosyst\u00e8me remarquable. \u00bb<\/p>\n<p><img loading=\"lazy\" decoding=\"async\" width=\"730\" height=\"411\" src=\"https:\/\/www.europesays.com\/fr\/wp-content\/uploads\/2025\/08\/corail-geant-australie.jpg\" alt=\"\" class=\"wp-image-987723\"  \/>Le r\u00e9cif corallien identifi\u00e9 (\u00e0 droite de l\u2019image) \u2014 \u00a9 Schmidt Ocean Institute \/ CC-BY<\/p>\n<p>Il s\u2019est av\u00e9r\u00e9 que ce r\u00e9cif g\u00e9ant compos\u00e9 de coraux durs et mous abritait une vie marine foisonnante, contrastant fortement avec ses voisins peu profonds frapp\u00e9s de plein fouet par un \u00e9v\u00e8nement de <a href=\"https:\/\/dailygeekshow.com\/coraux-blanchissement-australie\/\" target=\"_blank\" rel=\"noreferrer noopener\">blanchissement massif<\/a>. Mardi McNeil, de l\u2019universit\u00e9 technologique du Queensland, allant m\u00eame jusqu\u2019\u00e0 \u00e9voquer une \u00ab d\u00e9ferlante de poissons et de requins \u00bb.<\/p>\n<p>Lire aussi <a href=\"https:\/\/dailygeekshow.com\/vie-souterraine-terre\/\" target=\"_blank\" rel=\"noopener\">\u00c0 des kilom\u00e8tres sous la surface de la Terre se cache un \u00e9cosyst\u00e8me g\u00e9ant grouillant de vie<\/a><\/p>\n<p><strong>Les derni\u00e8res d\u00e9couvertes de ce type remontaient \u00e0 la fin du XIXe si\u00e8cle<\/strong><\/p>\n<p>Huiti\u00e8me r\u00e9cif corallien massif d\u00e9tach\u00e9 de la Grande Barri\u00e8re jamais identifi\u00e9, il constituait \u00e9galement le premier depuis plus d\u2019un si\u00e8cle. Selon Robin Beaman, de l\u2019universit\u00e9 James-Cook, les sept premiers, visibles sur de vieilles cartes marines, avaient \u00e9t\u00e9 cartographi\u00e9s \u00e0 la fin du XIXe si\u00e8cle.<\/p>\n<p>Proche de l\u2019\u00eele de Raine, l\u2019un d\u2019entre eux constitue le plus important site de nidification des tortues vertes, cr\u00e9atures marines remarquablement rapides, capables d\u2019effectuer des pointes \u00e0 pr\u00e8s de 35 km\/h.<\/p>\n<p>Fin 2024, <a href=\"https:\/\/dailygeekshow.com\/corail-geant-record\/\" target=\"_blank\" rel=\"noreferrer noopener\">le plus grand corail au monde avait \u00e9t\u00e9 d\u00e9couvert dans le Pacifique<\/a>.<\/p>\n<p>Lire aussi <a href=\"https:\/\/dailygeekshow.com\/stele-romaine-syrie\/\" target=\"_blank\" rel=\"noopener\">Une st\u00e8le romaine orn\u00e9e d\u2019un aigle et d\u2019inscriptions grecques en Syrie fascine les arch\u00e9ologues<\/a><\/p>\n","protected":false},"excerpt":{"rendered":"\u2014 PHOTO JUNCTION \/ Shutterstock.com Si nous disposons aujourd\u2019hui d\u2019un large \u00e9ventail de technologies pour sonder les oc\u00e9ans,&hellip;\n","protected":false},"author":2,"featured_media":351421,"comment_status":"","ping_status":"","sticky":false,"template":"","format":"standard","meta":{"footnotes":""},"categories":[7],"tags":[43783,1011,27,12517,43,40,41,39,42,44],"class_list":{"0":"post-351420","1":"post","2":"type-post","3":"status-publish","4":"format-standard","5":"has-post-thumbnail","7":"category-sciences-et-technologies","8":"tag-corail","9":"tag-fr","10":"tag-france","11":"tag-ocean","12":"tag-science","13":"tag-science-and-technology","14":"tag-sciences","15":"tag-sciences-et-technologies","16":"tag-technologies","17":"tag-technology"},"share_on_mastodon":{"url":"https:\/\/pubeurope.com\/@fr\/115110268377103798","error":""},"_links":{"self":[{"href":"https:\/\/www.europesays.com\/fr\/wp-json\/wp\/v2\/posts\/351420","targetHints":{"allow":["GET"]}}],"collection":[{"href":"https:\/\/www.europesays.com\/fr\/wp-json\/wp\/v2\/posts"}],"about":[{"href":"https:\/\/www.europesays.com\/fr\/wp-json\/wp\/v2\/types\/post"}],"author":[{"embeddable":true,"href":"https:\/\/www.europesays.com\/fr\/wp-json\/wp\/v2\/users\/2"}],"replies":[{"embeddable":true,"href":"https:\/\/www.europesays.com\/fr\/wp-json\/wp\/v2\/comments?post=351420"}],"version-history":[{"count":0,"href":"https:\/\/www.europesays.com\/fr\/wp-json\/wp\/v2\/posts\/351420\/revisions"}],"wp:featuredmedia":[{"embeddable":true,"href":"https:\/\/www.europesays.com\/fr\/wp-json\/wp\/v2\/media\/351421"}],"wp:attachment":[{"href":"https:\/\/www.europesays.com\/fr\/wp-json\/wp\/v2\/media?parent=351420"}],"wp:term":[{"taxonomy":"category","embeddable":true,"href":"https:\/\/www.europesays.com\/fr\/wp-json\/wp\/v2\/categories?post=351420"},{"taxonomy":"post_tag","embeddable":true,"href":"https:\/\/www.europesays.com\/fr\/wp-json\/wp\/v2\/tags?post=351420"}],"curies":[{"name":"wp","href":"https:\/\/api.w.org\/{rel}","templated":true}]}}