{"id":351422,"date":"2025-08-29T04:54:10","date_gmt":"2025-08-29T04:54:10","guid":{"rendered":"https:\/\/www.europesays.com\/fr\/351422\/"},"modified":"2025-08-29T04:54:10","modified_gmt":"2025-08-29T04:54:10","slug":"le-carburant-a-prix-coutant-est-de-retour-pendant-deux-jours-dans-cette-grande-enseigne","status":"publish","type":"post","link":"https:\/\/www.europesays.com\/fr\/351422\/","title":{"rendered":"Le carburant \u00e0 prix co\u00fbtant est de retour pendant deux jours dans cette grande enseigne"},"content":{"rendered":"<p>Ce vendredi 29 et ce samedi 30 ao\u00fbt, <strong>le carburant sera vendu \u00ab\u00a0\u00e0 prix co\u00fbtant\u00a0\u00bb dans 711 stations-service<\/strong>\u00a0Leclerc et partenaires, sur les 1.100 pr\u00e9sentes sur le territoire.\u00a0<\/p>\n<p>L&rsquo;enseigne a annonc\u00e9 ce jeudi 28 ao\u00fbt renouveler son op\u00e9ration.\u00a0<\/p>\n<p>                                \u00ab\u00a0Agir sur le budget des Fran\u00e7ais\u00a0\u00bb<\/p>\n<p>\u00ab\u00a0Les vacances ont entra\u00een\u00e9 des d\u00e9penses, la rentr\u00e9e arrive avec son lot de sollicitations: on veut agir pour le budget des Fran\u00e7ais et <strong>faire baisser le co\u00fbt du transport<\/strong> en fait partie\u00a0\u00bb,\u00a0d\u00e9clare Michel-\u00c9douard Leclerc, Pr\u00e9sident du comit\u00e9 strat\u00e9gique des centres E. Leclerc.<\/p>\n<p>Le fait d&rsquo;\u00eatre \u00e0 \u00ab\u00a0prix co\u00fbtant\u00a0\u00bb signifie qu&rsquo;aucune marge n&rsquo;est appliqu\u00e9e sur l\u2019essence ou le diesel.\u00a0<\/p>\n","protected":false},"excerpt":{"rendered":"Ce vendredi 29 et ce samedi 30 ao\u00fbt, le carburant sera vendu \u00ab\u00a0\u00e0 prix co\u00fbtant\u00a0\u00bb dans 711 stations-service\u00a0Leclerc&hellip;\n","protected":false},"author":2,"featured_media":351423,"comment_status":"","ping_status":"","sticky":false,"template":"","format":"standard","meta":{"footnotes":""},"categories":[6],"tags":[35,2876,33,34,893,1011,27],"class_list":{"0":"post-351422","1":"post","2":"type-post","3":"status-publish","4":"format-standard","5":"has-post-thumbnail","7":"category-economie","8":"tag-business","9":"tag-conso-shopping","10":"tag-economie","11":"tag-economy","12":"tag-energie","13":"tag-fr","14":"tag-france"},"share_on_mastodon":{"url":"https:\/\/pubeurope.com\/@fr\/115110272361835679","error":""},"_links":{"self":[{"href":"https:\/\/www.europesays.com\/fr\/wp-json\/wp\/v2\/posts\/351422","targetHints":{"allow":["GET"]}}],"collection":[{"href":"https:\/\/www.europesays.com\/fr\/wp-json\/wp\/v2\/posts"}],"about":[{"href":"https:\/\/www.europesays.com\/fr\/wp-json\/wp\/v2\/types\/post"}],"author":[{"embeddable":true,"href":"https:\/\/www.europesays.com\/fr\/wp-json\/wp\/v2\/users\/2"}],"replies":[{"embeddable":true,"href":"https:\/\/www.europesays.com\/fr\/wp-json\/wp\/v2\/comments?post=351422"}],"version-history":[{"count":0,"href":"https:\/\/www.europesays.com\/fr\/wp-json\/wp\/v2\/posts\/351422\/revisions"}],"wp:featuredmedia":[{"embeddable":true,"href":"https:\/\/www.europesays.com\/fr\/wp-json\/wp\/v2\/media\/351423"}],"wp:attachment":[{"href":"https:\/\/www.europesays.com\/fr\/wp-json\/wp\/v2\/media?parent=351422"}],"wp:term":[{"taxonomy":"category","embeddable":true,"href":"https:\/\/www.europesays.com\/fr\/wp-json\/wp\/v2\/categories?post=351422"},{"taxonomy":"post_tag","embeddable":true,"href":"https:\/\/www.europesays.com\/fr\/wp-json\/wp\/v2\/tags?post=351422"}],"curies":[{"name":"wp","href":"https:\/\/api.w.org\/{rel}","templated":true}]}}