{"id":351424,"date":"2025-08-29T04:55:13","date_gmt":"2025-08-29T04:55:13","guid":{"rendered":"https:\/\/www.europesays.com\/fr\/351424\/"},"modified":"2025-08-29T04:55:13","modified_gmt":"2025-08-29T04:55:13","slug":"un-avion-atlantique-2-a-t-il-ete-engage-dans-la-traque-de-sous-marins-nucleaires-russes-en-mer-de-norvege","status":"publish","type":"post","link":"https:\/\/www.europesays.com\/fr\/351424\/","title":{"rendered":"Un avion Atlantique 2 a-t-il \u00e9t\u00e9 engag\u00e9 dans la traque de sous-marins nucl\u00e9aires russes en mer de Norv\u00e8ge ?"},"content":{"rendered":"<p><img fetchpriority=\"high\" decoding=\"async\" src=\"https:\/\/www.europesays.com\/fr\/wp-content\/uploads\/2025\/08\/atl2-20221001.jpg\" alt=\"\" width=\"600\" height=\"337\" class=\"alignnone size-full wp-image-67737\"  \/><\/p>\n<p>Apr\u00e8s une escale m\u00e9diatis\u00e9e \u00e0 Marseille, le porte-avions am\u00e9ricain USS Gerald R. Ford a mis le cap sur la mer du Nord, o\u00f9 il est arriv\u00e9 le 17 ao\u00fbt, avec son groupe a\u00e9ronaval [CSG-12], form\u00e9 par les \u00ab\u00a0destroyers\u00a0\u00bb USS Winston S. Churchill, USS Mahan et USS Bainbridge. Ce d\u00e9ploiement \u00ab\u00a0d\u00e9montre notre d\u00e9termination \u00e0 renforcer la paix, la stabilit\u00e9 et la dissuasion sur le continent europ\u00e9en\u00a0\u00bb, a alors fait valoir l\u2019US Navy. <\/p>\n<p>Puis, le CSG-12 a poursuivi sa route vers la mer de Norv\u00e8ge pour prendre part \u00e0 un exercice planifi\u00e9 avec la Marine royale norv\u00e9gienne, celle-ci ayant d\u00e9ploy\u00e9 la fr\u00e9gate HNoMS Thor Heyerdahl et le navire ravitailleur HNoMS Maud \u00e0 cette occasion. Une man\u0153uvre de type PASSEX a ainsi \u00e9t\u00e9 r\u00e9alis\u00e9e le 23 ao\u00fbt. <\/p>\n<blockquote class=\"twitter-tweet\">\n<p lang=\"en\" dir=\"ltr\">\ud83c\uddfa\ud83c\uddf8USS Gerald R. Ford carrier strike group exercising with \ud83c\uddf3\ud83c\uddf4Norwegian Navy units, HNoMS Thor Heyerdahl and HNoMS Maud in the Norwegian Sea. (PHOTEX 23\/8\/25) <a href=\"https:\/\/t.co\/iI4yvbzA06\">pic.twitter.com\/iI4yvbzA06<\/a><\/p>\n<p>\u2014 Navy Lookout (@NavyLookout) <a href=\"https:\/\/twitter.com\/NavyLookout\/status\/1960013548052172977?ref_src=twsrc%5Etfw\" target=\"_blank\" rel=\"noopener\">August 25, 2025<\/a><\/p>\n<\/blockquote>\n<p>Depuis, une activit\u00e9 inhabituelle a \u00e9t\u00e9 observ\u00e9e en mer de Norv\u00e8ge, avec plus d\u2019une vingtaine de sorties effectu\u00e9es par des avions de patrouille maritime P-8A Poseidon de la Royal Air Force, de la force a\u00e9rienne norv\u00e9gienne et de l\u2019US Navy. <\/p>\n<p>Gr\u00e2ce aux sites de suivi du trafic a\u00e9rien, comme Flight Radar, ces vols ont pu \u00eatre observ\u00e9s \u00e0 partir des bases de Lossiemouth [\u00c9cosse], d\u2019Evenes [Norv\u00e8ge] et de Keflavik [Islande], o\u00f9 l\u2019US Navy a d\u00e9ploy\u00e9 six P-8A Poseidon, et, pour au moins deux d\u2019entre eux, de Sigonella [Sicile, Italie]. <\/p>\n<blockquote class=\"twitter-tweet\">\n<p lang=\"en\" dir=\"ltr\">RAF P-8 activity over 24 hours. <\/p>\n<p>5 aircraft been used to keep one on station over the Norwegian Sea. (We need more than 9 P-8s) <a href=\"https:\/\/t.co\/cVR0iJ5Vh3\">pic.twitter.com\/cVR0iJ5Vh3<\/a><\/p>\n<p>\u2014 Britsky (@TBrit90) <a href=\"https:\/\/twitter.com\/TBrit90\/status\/1959981641612562534?ref_src=twsrc%5Etfw\" target=\"_blank\" rel=\"noopener\">August 25, 2025<\/a><\/p>\n<\/blockquote>\n<p>Ces P-8A Poseidon ont vol\u00e9 le long des c\u00f4tes norv\u00e9giennes avant de patrouiller \u00e0 basse altitude, dans le secteur des \u00eeles Lofoten. Chacun d\u2019entre eux a \u00e9t\u00e9 relev\u00e9 sur cette zone, ce qui a permis d\u2019assurer une couverture continue. Mais ils n\u2019ont pas \u00e9t\u00e9, a priori, les seuls appareils sollicit\u00e9s : le 27 ao\u00fbt, un avion de patrouille maritime Atlantique 2 de la Marine nationale <a href=\"https:\/\/globe.adsbexchange.com\/?icao=3b9bd3\" target=\"_blank\" rel=\"noopener\">a \u00e9t\u00e9 rep\u00e9r\u00e9<\/a> alors qu\u2019il se dirigeait vers la Norv\u00e8ge apr\u00e8s avoir d\u00e9coll\u00e9 de la base a\u00e9ronavale [BAN] de Lann-Bihou\u00e9, laquelle abrite les Flottilles 21F et 23F. <\/p>\n<p><img loading=\"lazy\" decoding=\"async\" src=\"https:\/\/www.europesays.com\/fr\/wp-content\/uploads\/2025\/08\/atl2-norvege-20250828.jpg\" alt=\"\" width=\"600\" height=\"343\" class=\"alignnone size-full wp-image-83617\"  \/><\/p>\n<p>Ce qui ne serait \u00e9videmment pas in\u00e9dit. D\u2019ailleurs, l\u2019an pass\u00e9, le chef d\u2019\u00e9tat-major de la Marine nationale [CEMM], l\u2019amiral Nicolas Vaujour, avait expliqu\u00e9 que les Atlantique 2 \u00e9taient r\u00e9guli\u00e8rement sollicit\u00e9s pour pr\u00eater main forte aux P-8A Poseidon britanniques et am\u00e9ricains. <\/p>\n<p>\u00ab\u00a0Nous surveillons les missions de sous-marins russes en Atlantique. C\u2019est ce qu\u2019on appelle la lutte anti-sous-marine de th\u00e9\u00e2tre. Nous faisons \u00e7a avec nos alli\u00e9s, am\u00e9ricains et britanniques, de fa\u00e7on \u00e0 les surveiller et \u00e0 mesurer leur taux d\u2019activit\u00e9\u00a0\u00bb, avait dit le CEMM, lors d\u2019une audition parlementaire, en octobre 2024. \u00ab\u00a0Le dernier Atlantique 2, qui vient d\u2019\u00eatre qualifi\u00e9, est parti en pistage d\u2019un sous-marin russe en Atlantique. Il a fait des merveilles. \u00c7a montre que notre pr\u00e9paration est au bon niveau\u00a0\u00bb, avait-il pr\u00e9cis\u00e9, \u00e0 l\u2019\u00e9poque. <\/p>\n<p>Cette intense activit\u00e9 de l\u2019Otan, qui ne fait pas partie d\u2019un exercice en lien avec le porte-avions am\u00e9ricain, serait motiv\u00e9e par le fait que trois sous-marins nucl\u00e9aires d\u2019attaque [SNA] russes, de type Iassen, ont r\u00e9cemment quitt\u00e9 la base navale de Nerpitchia, situ\u00e9e dans le fjord de Litsa, \u00e0 environ 60 kilom\u00e8tres de la fronti\u00e8re russo-norv\u00e9gienne. <\/p>\n<p>\u00ab\u00a0Les images satellite \u00e9tudi\u00e9es montrent qu\u2019au 25 ao\u00fbt, les trois sous-marins polyvalents de la classe Iassen et Iassen-M appartenant \u00e0 la flotte russe du Nord sont en mer\u00a0\u00bb, a en effet avanc\u00e9 le Barents Observer, avant de pr\u00e9ciser qu\u2019il s\u2019agirait du Severodvinsk [K-573], du Kazan [K-561] et de l\u2019Arkhangelsk [K-564]. <\/p>\n<p>Par ailleurs, outre les vols d\u2019avions de patrouille maritime, il est possible que des SNA de pays membres de l\u2019Otan soient aussi de la partie. On sait que le HMS Anson [classe Astute] de la Royal Navy a appareill\u00e9 de Faslane le 19 ao\u00fbt, soit deux jours apr\u00e8s l\u2019entr\u00e9e du CSG 25 en mer du Nord et que l\u2019USS New Mexico [classe Virginia] est arriv\u00e9 en \u00c9cosse le 25 ao\u00fbt. <\/p>\n<blockquote class=\"twitter-tweet\">\n<p lang=\"en\" dir=\"ltr\">USS New Mexico (SSN 779) Virginia-class Block II attack submarine leaving Faslane, Scotland \u2013 August 25, 2025 <\/p>\n<p>SRC: TW-<a href=\"https:\/\/twitter.com\/MichaelJWC626?ref_src=twsrc%5Etfw\" target=\"_blank\" rel=\"noopener\">@MichaelJWC626<\/a> <a href=\"https:\/\/t.co\/yP9g1lFgu2\">pic.twitter.com\/yP9g1lFgu2<\/a><\/p>\n<p>\u2014 WarshipCam (@WarshipCam) <a href=\"https:\/\/twitter.com\/WarshipCam\/status\/1960020656998715751?ref_src=twsrc%5Etfw\" target=\"_blank\" rel=\"noopener\">August 25, 2025<\/a><\/p>\n<\/blockquote>\n<p>Pour le moment, aucun commentaire n\u2019a \u00e9t\u00e9 fait par les forces engag\u00e9es dans cette op\u00e9ration. <\/p>\n<p>\u00ab\u00a0En mer du Nord, l\u2019USS Gerald R. Ford et son groupe a\u00e9ronaval travaillent aux c\u00f4t\u00e9s de notre alli\u00e9 de la Marine royale norv\u00e9gienne. Mettre en pratique notre interop\u00e9rabilit\u00e9 dans l\u2019environnement du Grand Nord garantit une r\u00e9gion s\u00fbre et stable gr\u00e2ce \u00e0 la d\u00e9fense contre les influences malveillantes dans les voies navigables critiques\u00a0\u00bb, a seulement affirm\u00e9 l\u2019US Navy, apr\u00e8s le PASSEX du 23 ao\u00fbt. <\/p>\n<p>\t\t\t\t\t\t\t\t\t\t\t\t\t<script async src=\"https:\/\/platform.twitter.com\/widgets.js\" charset=\"utf-8\"><\/script><\/p>\n","protected":false},"excerpt":{"rendered":"Apr\u00e8s une escale m\u00e9diatis\u00e9e \u00e0 Marseille, le porte-avions am\u00e9ricain USS Gerald R. Ford a mis le cap sur&hellip;\n","protected":false},"author":2,"featured_media":351425,"comment_status":"","ping_status":"","sticky":false,"template":"","format":"standard","meta":{"footnotes":""},"categories":[5],"tags":[11,48806,48807,1011,27,48808,14,567,48809,48810,12,136,48759,48811,27937,132,30741,30743,48812,28],"class_list":{"0":"post-351424","1":"post","2":"type-post","3":"status-publish","4":"format-standard","5":"has-post-thumbnail","7":"category-international","8":"tag-actualites","9":"tag-atlantique-2","10":"tag-csg-25","11":"tag-fr","12":"tag-france","13":"tag-iassen","14":"tag-international","15":"tag-marine-nationale","16":"tag-marine-norvegienne","17":"tag-mer-de-norvege","18":"tag-news","19":"tag-otan","20":"tag-p-8a-poseidon","21":"tag-patrouille-maritime","22":"tag-royal-navy","23":"tag-russie","24":"tag-sna","25":"tag-us-navy","26":"tag-uss-gerald-r-ford","27":"tag-world"},"share_on_mastodon":{"url":"https:\/\/pubeurope.com\/@fr\/115110276232466408","error":""},"_links":{"self":[{"href":"https:\/\/www.europesays.com\/fr\/wp-json\/wp\/v2\/posts\/351424","targetHints":{"allow":["GET"]}}],"collection":[{"href":"https:\/\/www.europesays.com\/fr\/wp-json\/wp\/v2\/posts"}],"about":[{"href":"https:\/\/www.europesays.com\/fr\/wp-json\/wp\/v2\/types\/post"}],"author":[{"embeddable":true,"href":"https:\/\/www.europesays.com\/fr\/wp-json\/wp\/v2\/users\/2"}],"replies":[{"embeddable":true,"href":"https:\/\/www.europesays.com\/fr\/wp-json\/wp\/v2\/comments?post=351424"}],"version-history":[{"count":0,"href":"https:\/\/www.europesays.com\/fr\/wp-json\/wp\/v2\/posts\/351424\/revisions"}],"wp:featuredmedia":[{"embeddable":true,"href":"https:\/\/www.europesays.com\/fr\/wp-json\/wp\/v2\/media\/351425"}],"wp:attachment":[{"href":"https:\/\/www.europesays.com\/fr\/wp-json\/wp\/v2\/media?parent=351424"}],"wp:term":[{"taxonomy":"category","embeddable":true,"href":"https:\/\/www.europesays.com\/fr\/wp-json\/wp\/v2\/categories?post=351424"},{"taxonomy":"post_tag","embeddable":true,"href":"https:\/\/www.europesays.com\/fr\/wp-json\/wp\/v2\/tags?post=351424"}],"curies":[{"name":"wp","href":"https:\/\/api.w.org\/{rel}","templated":true}]}}