{"id":351430,"date":"2025-08-29T04:58:13","date_gmt":"2025-08-29T04:58:13","guid":{"rendered":"https:\/\/www.europesays.com\/fr\/351430\/"},"modified":"2025-08-29T04:58:13","modified_gmt":"2025-08-29T04:58:13","slug":"les-anecdotes-insolites-dun-spectacle-emouvant","status":"publish","type":"post","link":"https:\/\/www.europesays.com\/fr\/351430\/","title":{"rendered":"les anecdotes insolites d&rsquo;un spectacle \u00e9mouvant"},"content":{"rendered":"<p>  Le ch\u00e2teau des Bruneaux ouvre le bal<\/p>\n<p>C\u2019est la premi\u00e8re sc\u00e8ne de ce spectacle d\u2019une quinzaine de minutes. Un focus est effectu\u00e9 sur le ch\u00e2teau des Bruneaux, avec une s\u00e9rie d\u2019\u00e9l\u00e9ments dont la plupart se trouvent \u00e0 l\u2019int\u00e9rieur de la b\u00e2tisse au style Louis XVI.<\/p>\n<p>Le d\u00e9cor s\u2019ouvre avec les portraits de la derni\u00e8re descendante, Anne-Marie Anselmet des Bruneaux, et Jean-Baptiste de Charpin, chevalier et baron du Chambon-Feugerolles. Ils se sont mari\u00e9s en juillet 1753. On y voit un piano en bas \u00e0 droite de la fa\u00e7ade, auquel un clin d\u2019\u0153il est effectu\u00e9 puisqu\u2019un clavier d\u00e9file au centre.<\/p>\n<p>\u00ab\u00a0Nous avons ajout\u00e9 des \u00e9l\u00e9ments pour rendre la sc\u00e8ne vivante, comme une danseuse de ballet ou un chat\u00a0\u00bb, souligne Estelle Baudet, directrice de production des Allumeurs de r\u00eaves, la compagnie qui a con\u00e7u le show.<\/p>\n<p>  Le salut des petits clous<\/p>\n<p>On les voit partout. En boules, de toutes les couleurs, en forme de fleurs,\u00a0etc. Les clous sont l\u2019une des stars du spectacle. Premi\u00e8re fili\u00e8re industrielle \u00e9tablie \u00e0 Firminy avant les forges, l\u2019aci\u00e9rie ou la mine, aussi int\u00e9gr\u00e9es au show, la clouterie serait, selon la plus plausible des explications de la Soci\u00e9t\u00e9 d\u2019histoire de Firminy, \u00e0 l\u2019origine du nom des habitants de la ville. Les cloutiers ont fait leur apparition \u00e0 la fin du XVIe ou au d\u00e9but du XVIIe\u00a0si\u00e8cle.<\/p>\n<p>Les hommes travaillaient le fer en le chauffant pour en faire des clous et utilisaient une peau tann\u00e9e en guise de tablier appel\u00e9e \u201cla pelou\u201d, <a href=\"https:\/\/www.leprogres.fr\/loire-42-edition-ondaine\/2018\/02\/22\/les-appelous-un-gentile-plein-de-legendes\" target=\"_blank\" rel=\"noopener\"> laquelle aurait donn\u00e9 son nom aux Appelous<\/a>.<\/p>\n<p>Au fait, au c\u0153ur de cette sayn\u00e8te color\u00e9e et entra\u00eenante, avez-vous bien not\u00e9 que les deux cloutiers, arm\u00e9s d\u2019un marteau, jouaient \u00e0 l\u2019\u00e9preuve du clou \u00e0 enfoncer notamment popularis\u00e9e dans le jeu t\u00e9l\u00e9vis\u00e9 Fort Boyard\u00a0?<\/p>\n<p>  Le Corbusier en po\u00e9sie<\/p>\n<p>Le patrimoine Le Corbusier de Firminy-Vert est \u00e9videmment \u00e0 l\u2019honneur. La Maison de la culture est le seul \u00e9difice (presque) achev\u00e9 avant la disparition de Charles-\u00c9douard Jeanneret-Gris, mort le 27\u00a0ao\u00fbt 1965. Elle s\u2019inscrit dans un ensemble compos\u00e9 \u00e9galement du stade, de l\u2019\u00e9glise et de la piscine.<\/p>\n<p>Sur les hauteurs de la ville, la construction de l\u2019Unit\u00e9 d\u2019habitation a \u00e9t\u00e9 entam\u00e9e en 1964 et inaugur\u00e9e en 1967 par Andr\u00e9 Wogencsky, disciple de l\u2019architecte. Dans une sc\u00e8ne douce et po\u00e9tique, le spectateur per\u00e7oit la fa\u00e7ade de l\u2019UH et les immenses fen\u00eatres des appartements. Il remarque aussi les piliers de la b\u00e2tisse retravaill\u00e9s, que l\u2019on pourrait presque confondre avec des livres rang\u00e9s dans une biblioth\u00e8que.<\/p>\n<p>Le chantier de l\u2019\u00e9glise Saint-Pierre a \u00e9t\u00e9 arr\u00eat\u00e9 en 1978 puis termin\u00e9 entre\u00a02003 et\u00a02006. Dans le spectacle, la constellation d\u2019Orion \u00e0 l\u2019int\u00e9rieur de l\u2019\u00e9difice religieux est repr\u00e9sent\u00e9e. \u00ab\u00a0Cette illustration permet d\u2019appuyer cette pr\u00e9sence dans l\u2019\u00e9glise\u00a0\u00bb, renseigne Estelle Baudet.<\/p>\n<p>Dans un autre style graphique, dans la sc\u00e8ne retra\u00e7ant <a href=\"https:\/\/www.leprogres.fr\/sport\/2024\/06\/22\/une-foule-dense-pour-accueillir-la-flamme-au-stade-le-corbusier\" target=\"_blank\" rel=\"noopener\">le passage de la flamme olympique \u00e0 Firminy<\/a> et la formidable quinzaine sportive de 2024, un match de football se dispute dans un stade surplomb\u00e9 par des maisons, comme celles de la rue de Saint-Just-Malmont au-dessus de l\u2019enceinte sportive du quartier appelou, la seule de France class\u00e9e aux Monuments historiques. \u00ab\u00a0On essaie \u00e0 chaque fois de revenir au lieu o\u00f9 l\u2019on se trouve\u00a0\u00bb, rappelle l\u2019une des cr\u00e9atrices du show.<\/p>\n<p>  Les festivit\u00e9s d\u2019automne, Saint-Firmin, des balcons du centre-ville&#8230;<\/p>\n<p>Cr\u00e9\u00e9e officiellement en 1507, la Vogue des noix aussi fait rayonner Firminy chaque ann\u00e9e au mois d\u2019octobre tandis que le Corso a \u00e9t\u00e9 lanc\u00e9 en 1972. Les \u00e9v\u00e9nements festifs d\u2019automne sont imagin\u00e9s avec f\u00e9\u00e9rie par des man\u00e8ges et attractions, des noix, l\u2019\u00e9lection de Miss Corso et m\u00eame une voiture de rallye flanqu\u00e9e du num\u00e9ro\u00a042, rappelant le d\u00e9partement de la Loire et l\u2019\u00e9preuve automobile qui se d\u00e9roule deux semaines avant le coup d\u2019envoi de la f\u00eate foraine.<\/p>\n<p>D\u2019autres sc\u00e8nes mettent en valeur de mani\u00e8re artistique les quartiers de la ville ou encore l\u2019\u00e9glise Saint-Firmin, color\u00e9e et stylis\u00e9e, la Sainte-Barbe et les sapeurs-pompiers porteurs d\u2019une torche, la mine o\u00f9 l\u2019on appr\u00e9cie la berline sur les rails, les mineurs et les lampes qui \u00e9clairent le chevalement qui encadre la porte du ch\u00e2teau des Bruneaux&#8230;<\/p>\n<p>Au c\u0153ur du passage sur le pass\u00e9 industriel de la ville, ayez l\u2019\u0153il : des d\u00e9corations inspir\u00e9es des balcons de la rue Jean-Jaur\u00e8s, autour de la place du Breuil, ont \u00e9t\u00e9 int\u00e9gr\u00e9es.<\/p>\n<p class=\"note\">Le spectacle est \u00e0 voir tous les soirs jusqu&rsquo;\u00e0 23\u00a0h\u00a030.<\/p>\n<p>        &#13;<br \/>\n          <a href=\"https:\/\/cdn-s-www.leprogres.fr\/images\/81300599-0dc1-4829-9ef4-f1570705609d\/NW_raw\/la-scene-d-ouverture-du-spectacle-est-consacree-au-chateau-des-bruneaux-et-son-ecomusee-photo-sonia-barcet-1756400338.jpg\" title=\"La sc\u00e8ne d\u2019ouverture du spectacle est consacr\u00e9e au ch\u00e2teau des Bruneaux et son \u00e9comus\u00e9e. Photo\u00a0Sonia Barcet\" class=\"chocolat-image GA-tracking\" data-ga_type=\"click\" data-ga_category=\"D\u00e9tail\" data-ga_action=\"zoomer\" data-ga_label=\"agrandir image\" target=\"_blank\" rel=\"noopener\">&#13;<br \/>\n            <img loading=\"lazy\" decoding=\"async\" src=\"https:\/\/www.europesays.com\/fr\/wp-content\/uploads\/2025\/08\/la-scene-d-ouverture-du-spectacle-est-consacree-au-chateau-des-bruneaux-et-son-ecomusee-photo-sonia-.jpeg\" alt=\"La sc\u00e8ne d\u2019ouverture du spectacle est consacr\u00e9e au ch\u00e2teau des Bruneaux et son \u00e9comus\u00e9e. Photo\u00a0Sonia Barcet\"\/>&#13;<br \/>\n          <\/a>&#13;<br \/>\n          &#13;<\/p>\n<p class=\"insetTitle\">D\u00e9j\u00e0 une hausse d\u2019affluence au ch\u00e2teau<\/p>\n<p>Ouvert au public les apr\u00e8s-midi, l\u2019\u00c9comus\u00e9e des Bruneaux comporte une vingtaine de pi\u00e8ces. Sa mine t\u00e9moin est actuellement ferm\u00e9e. Une lampe de mineur s\u2019affiche sur la fa\u00e7ade du b\u00e2timent, notamment entre les projections. Depuis samedi, le site a connu un pic d\u2019affluence. \u00ab\u00a0Dimanche, nous avons eu plus de monde que d\u2019habitude\u00a0\u00bb, se r\u00e9jouit Yves Moulinier, pr\u00e9sident de la Soci\u00e9t\u00e9 d\u2019histoire de Firminy, dont les b\u00e9n\u00e9voles ont \u00e9largi les horaires d\u2019ouverture jusqu\u2019\u00e0 20 heures le week-end.<\/p>\n<p>\u00ab\u00a0Cela permet aux gens de venir au ch\u00e2teau avant le spectacle, qui est une belle vitrine et une tr\u00e8s bonne chose pour nous. D\u2019autant plus que nous ne sommes pas pr\u00e8s de revoir un tel \u00e9v\u00e9nement dans la ville.\u00a0\u00bb<\/p>\n<p>Mercredi apr\u00e8s-midi, 60 personnes qui devaient effectuer la croisi\u00e8re sur la retenue de Grangent ont remplac\u00e9 cette activit\u00e9 par la visite de l\u2019\u00e9comus\u00e9e. Le bal de Firminy-Vert pr\u00e9vu dans le courant du mois prochain dans la cour, c\u00f4t\u00e9 rue de Chanzy, devrait \u00e9galement apporter un flux plus important de visiteurs.<\/p>\n","protected":false},"excerpt":{"rendered":"Le ch\u00e2teau des Bruneaux ouvre le bal C\u2019est la premi\u00e8re sc\u00e8ne de ce spectacle d\u2019une quinzaine de minutes.&hellip;\n","protected":false},"author":2,"featured_media":351431,"comment_status":"","ping_status":"","sticky":false,"template":"","format":"standard","meta":{"footnotes":""},"categories":[9653],"tags":[1111,11,2430,1687,7539,1777,674,10282,10283,1011,27,12,2661,25,4001,3140],"class_list":{"0":"post-351430","1":"post","2":"type-post","3":"status-publish","4":"format-standard","5":"has-post-thumbnail","7":"category-saint-etienne","8":"tag-actu","9":"tag-actualites","10":"tag-auvergne-rhone-alpes","11":"tag-culture-loisirs","12":"tag-edition-loire-sud","13":"tag-eu","14":"tag-europe","15":"tag-firminy","16":"tag-firminy-ville","17":"tag-fr","18":"tag-france","19":"tag-news","20":"tag-patrimoine-culturel","21":"tag-republique-francaise","22":"tag-saint-etienne","23":"tag-spectacle"},"share_on_mastodon":{"url":"https:\/\/pubeurope.com\/@fr\/115110288026946902","error":""},"_links":{"self":[{"href":"https:\/\/www.europesays.com\/fr\/wp-json\/wp\/v2\/posts\/351430","targetHints":{"allow":["GET"]}}],"collection":[{"href":"https:\/\/www.europesays.com\/fr\/wp-json\/wp\/v2\/posts"}],"about":[{"href":"https:\/\/www.europesays.com\/fr\/wp-json\/wp\/v2\/types\/post"}],"author":[{"embeddable":true,"href":"https:\/\/www.europesays.com\/fr\/wp-json\/wp\/v2\/users\/2"}],"replies":[{"embeddable":true,"href":"https:\/\/www.europesays.com\/fr\/wp-json\/wp\/v2\/comments?post=351430"}],"version-history":[{"count":0,"href":"https:\/\/www.europesays.com\/fr\/wp-json\/wp\/v2\/posts\/351430\/revisions"}],"wp:featuredmedia":[{"embeddable":true,"href":"https:\/\/www.europesays.com\/fr\/wp-json\/wp\/v2\/media\/351431"}],"wp:attachment":[{"href":"https:\/\/www.europesays.com\/fr\/wp-json\/wp\/v2\/media?parent=351430"}],"wp:term":[{"taxonomy":"category","embeddable":true,"href":"https:\/\/www.europesays.com\/fr\/wp-json\/wp\/v2\/categories?post=351430"},{"taxonomy":"post_tag","embeddable":true,"href":"https:\/\/www.europesays.com\/fr\/wp-json\/wp\/v2\/tags?post=351430"}],"curies":[{"name":"wp","href":"https:\/\/api.w.org\/{rel}","templated":true}]}}