{"id":351442,"date":"2025-08-29T05:04:09","date_gmt":"2025-08-29T05:04:09","guid":{"rendered":"https:\/\/www.europesays.com\/fr\/351442\/"},"modified":"2025-08-29T05:04:09","modified_gmt":"2025-08-29T05:04:09","slug":"cette-fin-de-semaine-le-club-des-simone-vide-ses-portants","status":"publish","type":"post","link":"https:\/\/www.europesays.com\/fr\/351442\/","title":{"rendered":"Cette fin de semaine, le Club des Simone vide ses portants"},"content":{"rendered":"<p>\n                                                                La boutique de v\u00eatements de deuxi\u00e8me main du quartier des Beaux-Arts propose des pi\u00e8ces \u00e0 un tarif unique.\n                            <\/p>\n<p>\u00ab\u00a0Le Club des Simone vide ses portants et propose : bons plans et dressing illimit\u00e9 pour une rentr\u00e9e styl\u00e9e !\u00a0\u00bb, annonce Pauline, cr\u00e9atrice du Club install\u00e9 au num\u00e9ro 2 de la rue Daniel-Sage. Elle poursuit : \u00ab\u00a0Avant de faire place aux nouveaut\u00e9s de la rentr\u00e9e, nous organisons un grand vide boutique d\u2019\u00e9t\u00e9, les vendredi 29 et samedi 30 ao\u00fbt, de 10 h \u00e0 18 h, au c\u0153ur des Beaux-Arts. Ce sont deux jours pour faire le plein de v\u00eatements et de styles avec un tarif unique \u00e0 35 \u20ac et surtout, sans limite. On prend tout ce que l\u2019on veut !\u00a0\u00bb.<\/p>\n<p>Militante de l\u2019\u00e9conomie circulaire et de l\u2019\u00e9coresponsabilit\u00e9, la jeune femme explique l\u2019id\u00e9e de ces deux jours : \u00ab\u00a0C\u2019est une mani\u00e8re de prolonger la vie des v\u00eatements, de consommer autrement et avec conscience, et de se faire plaisir sans se ruiner ! L\u2019\u00e9t\u00e9 \u00e0 Montpellier dure jusqu\u2019\u00e0 mi-octobre certaines ann\u00e9es, c\u2019est donc l\u2019occasion d\u2019aller \u00e0 la chasse au tr\u00e9sor. Les pr\u00e9sentoirs offrent toutes les tailles du 34 au 46, v\u00eatements femme, homme, enfant, chaussures, sacs, accessoires\u2026 Rien n\u2019est exclu\u00a0\u00bb. Elle esp\u00e8re donc voir venir le chaland pour installer ensuite l\u2019automne et l\u2019hiver : \u00ab\u00a0C\u2019est le moment de refaire son dressing en une seule vir\u00e9e shopping, le tout dans une ambiance conviviale et responsable. Au Club des Simone, on pense que la mode circulaire est une f\u00eate permanente\u00a0\u00bb.<\/p>\n<p>Correspondante 07 86 12 64 91<\/p>\n","protected":false},"excerpt":{"rendered":"La boutique de v\u00eatements de deuxi\u00e8me main du quartier des Beaux-Arts propose des pi\u00e8ces \u00e0 un tarif unique.&hellip;\n","protected":false},"author":2,"featured_media":351443,"comment_status":"","ping_status":"","sticky":false,"template":"","format":"standard","meta":{"footnotes":""},"categories":[9599],"tags":[1111,11,1777,674,1011,27,2208,12,2680,25],"class_list":{"0":"post-351442","1":"post","2":"type-post","3":"status-publish","4":"format-standard","5":"has-post-thumbnail","7":"category-montpellier","8":"tag-actu","9":"tag-actualites","10":"tag-eu","11":"tag-europe","12":"tag-fr","13":"tag-france","14":"tag-montpellier","15":"tag-news","16":"tag-occitanie","17":"tag-republique-francaise"},"share_on_mastodon":{"url":"https:\/\/pubeurope.com\/@fr\/115110312005059071","error":""},"_links":{"self":[{"href":"https:\/\/www.europesays.com\/fr\/wp-json\/wp\/v2\/posts\/351442","targetHints":{"allow":["GET"]}}],"collection":[{"href":"https:\/\/www.europesays.com\/fr\/wp-json\/wp\/v2\/posts"}],"about":[{"href":"https:\/\/www.europesays.com\/fr\/wp-json\/wp\/v2\/types\/post"}],"author":[{"embeddable":true,"href":"https:\/\/www.europesays.com\/fr\/wp-json\/wp\/v2\/users\/2"}],"replies":[{"embeddable":true,"href":"https:\/\/www.europesays.com\/fr\/wp-json\/wp\/v2\/comments?post=351442"}],"version-history":[{"count":0,"href":"https:\/\/www.europesays.com\/fr\/wp-json\/wp\/v2\/posts\/351442\/revisions"}],"wp:featuredmedia":[{"embeddable":true,"href":"https:\/\/www.europesays.com\/fr\/wp-json\/wp\/v2\/media\/351443"}],"wp:attachment":[{"href":"https:\/\/www.europesays.com\/fr\/wp-json\/wp\/v2\/media?parent=351442"}],"wp:term":[{"taxonomy":"category","embeddable":true,"href":"https:\/\/www.europesays.com\/fr\/wp-json\/wp\/v2\/categories?post=351442"},{"taxonomy":"post_tag","embeddable":true,"href":"https:\/\/www.europesays.com\/fr\/wp-json\/wp\/v2\/tags?post=351442"}],"curies":[{"name":"wp","href":"https:\/\/api.w.org\/{rel}","templated":true}]}}