{"id":351444,"date":"2025-08-29T05:05:12","date_gmt":"2025-08-29T05:05:12","guid":{"rendered":"https:\/\/www.europesays.com\/fr\/351444\/"},"modified":"2025-08-29T05:05:12","modified_gmt":"2025-08-29T05:05:12","slug":"montpellier-prepare-la-rentree-scolaire","status":"publish","type":"post","link":"https:\/\/www.europesays.com\/fr\/351444\/","title":{"rendered":"Montpellier pr\u00e9pare la rentr\u00e9e scolaire"},"content":{"rendered":"<p>Nouvelles \u00e9coles, r\u00e9novations et r\u00e9am\u00e9nagements, cours v\u00e9g\u00e9talis\u00e9es&#8230; Montpellier investit massivement pour ses 21 000 \u00e9coliers, et leur offre des lieux d\u2019apprentissage modernes et adapt\u00e9s au climat. Deux nouveaux groupes scolaires ouvrent leurs portes ce 1er septembre, Hypatie (Mosson) et Jules Isaac\/Sophie Scholl (Nouveau Saint-Roch).\u00a0\u00a0<\/p>\n<p><strong>Hypatie\u00a0: une \u00e9cole innovante \u00e0 la Mosson\u00a0<\/strong><\/p>\n<p>\u00c0 la lisi\u00e8re des quartiers Malbosc et Mosson, la nouvelle \u00e9cole Hypatie accueille ses premiers \u00e9l\u00e8ves en cette rentr\u00e9e 2025, apr\u00e8s un an et demi de chantier. Premier \u00e9tablissement de l\u2019acad\u00e9mie b\u00e9n\u00e9ficiant du <a href=\"https:\/\/encommun.montpellier.fr\/articles\/2025-03-25-label-mixite-excellence-pour-lecole-hypatie\" target=\"_blank\" rel=\"noopener\">Label Mixit\u00e9-Excellence<\/a>, et premi\u00e8re \u00e9cole de France avec un accueil p\u00e9riscolaire en anglais, Hypatie b\u00e9n\u00e9ficie aussi des programmes <a href=\"https:\/\/www.programme-emile.org\/\" target=\"_blank\" rel=\"noopener\">EMILE <\/a>(enseignement en anglais) et 100 % \u00c9ducation Artistique et Culturelle. Ses locaux, construits sur trois niveaux avec des mat\u00e9riaux durables (b\u00e9ton bas carbone, bois, terre crue\u2026), sont agr\u00e9ment\u00e9s de deux cours ludiques et v\u00e9g\u00e9talis\u00e9es, dont l\u2019une dispose de gradins permettant de faire classe en ext\u00e9rieur. L\u2019\u00e9cole poss\u00e8de son propre syst\u00e8me g\u00e9othermique pour rafra\u00eechir ou chauffer ses locaux. En plus de ses deux biblioth\u00e8ques, Hypatie propose des espaces in\u00e9dits\u00a0: salle polyvalente, salle motricit\u00e9, espace parentalit\u00e9, potager p\u00e9dagogique\u2026\u00a0<\/p>\n<p><strong>\u00ab Favoriser la mixit\u00e9 scolaire \u00bb\u00a0<\/strong><\/p>\n<p>\u00ab\u00a0La Ville est partenaire de l\u2019acte \u00e9ducatif. Hypatie est une tr\u00e8s belle \u00e9cole, moderne et pens\u00e9e pour la r\u00e9ussite de tous, avec une capacit\u00e9 globale de 300 \u00e9l\u00e8ves. Elle effectuera sa premi\u00e8re rentr\u00e9e avec 110 \u00e9l\u00e8ves. Cette mont\u00e9e en puissance des effectifs a pour but de favoriser la mixit\u00e9 scolaire. Les enfants de la Mosson et de Malbosc, mais aussi ceux dont les parents travaillent \u00e0 la TaM ou au CHU, y seront scolaris\u00e9s. Cette mixit\u00e9 se construira en donnant confiance dans l\u2019\u00e9cole publique, et Hypatie a les atouts pour cela\u00a0\u00bb, d\u00e9taille le maire\u00a0Micha\u00ebl Delafosse. Au total, 22,8 millions d\u2019euros ont \u00e9t\u00e9 allou\u00e9s au projet, partie int\u00e9grante du\u00a0<a href=\"https:\/\/www.montpellier.fr\/actions\/les-grands-projets\/plan-ecole-2030\" target=\"_blank\" rel=\"noopener\">Plan \u00e9cole 2030<\/a>. Fait exceptionnel, l\u2019<a href=\"https:\/\/www.anru.fr\/\" target=\"_blank\" rel=\"noopener\">ANRU<\/a> a particip\u00e9 \u00e0 hauteur de 5 millions d\u2019euros car ce nouvel \u00e9tablissement s\u2019inscrit dans la r\u00e9novation globale du quartier Mosson.\u00a0<\/p>\n","protected":false},"excerpt":{"rendered":"Nouvelles \u00e9coles, r\u00e9novations et r\u00e9am\u00e9nagements, cours v\u00e9g\u00e9talis\u00e9es&#8230; Montpellier investit massivement pour ses 21 000 \u00e9coliers, et leur offre&hellip;\n","protected":false},"author":2,"featured_media":351445,"comment_status":"","ping_status":"","sticky":false,"template":"","format":"standard","meta":{"footnotes":""},"categories":[9599],"tags":[1111,11,1777,674,1011,27,2208,12,2680,25],"class_list":{"0":"post-351444","1":"post","2":"type-post","3":"status-publish","4":"format-standard","5":"has-post-thumbnail","7":"category-montpellier","8":"tag-actu","9":"tag-actualites","10":"tag-eu","11":"tag-europe","12":"tag-fr","13":"tag-france","14":"tag-montpellier","15":"tag-news","16":"tag-occitanie","17":"tag-republique-francaise"},"share_on_mastodon":{"url":"https:\/\/pubeurope.com\/@fr\/115110315552245232","error":""},"_links":{"self":[{"href":"https:\/\/www.europesays.com\/fr\/wp-json\/wp\/v2\/posts\/351444","targetHints":{"allow":["GET"]}}],"collection":[{"href":"https:\/\/www.europesays.com\/fr\/wp-json\/wp\/v2\/posts"}],"about":[{"href":"https:\/\/www.europesays.com\/fr\/wp-json\/wp\/v2\/types\/post"}],"author":[{"embeddable":true,"href":"https:\/\/www.europesays.com\/fr\/wp-json\/wp\/v2\/users\/2"}],"replies":[{"embeddable":true,"href":"https:\/\/www.europesays.com\/fr\/wp-json\/wp\/v2\/comments?post=351444"}],"version-history":[{"count":0,"href":"https:\/\/www.europesays.com\/fr\/wp-json\/wp\/v2\/posts\/351444\/revisions"}],"wp:featuredmedia":[{"embeddable":true,"href":"https:\/\/www.europesays.com\/fr\/wp-json\/wp\/v2\/media\/351445"}],"wp:attachment":[{"href":"https:\/\/www.europesays.com\/fr\/wp-json\/wp\/v2\/media?parent=351444"}],"wp:term":[{"taxonomy":"category","embeddable":true,"href":"https:\/\/www.europesays.com\/fr\/wp-json\/wp\/v2\/categories?post=351444"},{"taxonomy":"post_tag","embeddable":true,"href":"https:\/\/www.europesays.com\/fr\/wp-json\/wp\/v2\/tags?post=351444"}],"curies":[{"name":"wp","href":"https:\/\/api.w.org\/{rel}","templated":true}]}}