{"id":351446,"date":"2025-08-29T05:06:10","date_gmt":"2025-08-29T05:06:10","guid":{"rendered":"https:\/\/www.europesays.com\/fr\/351446\/"},"modified":"2025-08-29T05:06:10","modified_gmt":"2025-08-29T05:06:10","slug":"solitaire-du-figaro-2025-le-programme-du-depart-a-rouen-et-au-havre","status":"publish","type":"post","link":"https:\/\/www.europesays.com\/fr\/351446\/","title":{"rendered":"Solitaire du Figaro 2025 : le programme du d\u00e9part \u00e0 Rouen et au Havre"},"content":{"rendered":"<p>La Solitaire du Figaro (re)prendra son d\u00e9part de Rouen et du Havre, en ce mois de septembre 2025, retrouvez le programme des animations et du d\u00e9part.<\/p>\n<p>La <strong>Solitaire du Figaro<\/strong> 2025 ouvre son village d\u00e9part ce samedi 30 ao\u00fbt, sur les quais de la rive droite de <strong>Rouen, pr\u00e8s du pont Guillaume-le-Conqu\u00e9rant<\/strong>. Les <strong>35 bateaux des skippers<\/strong> resteront une petite semaine, avant de reprendre la route du fleuve vers <strong>Le Havre<\/strong> le vendredi 5 septembre \u00e0 la mi-journ\u00e9e, avant le d\u00e9part officiel de la course, qui sera donn\u00e9 depuis Le Havre dimanche 7 septembre. Voici ce qu&rsquo;il faut savoir sur ce deuxi\u00e8me d\u00e9part rouennais de suite.<\/p>\n<p>Les dates du village et de la course<\/p>\n<p>Le village d\u00e9part ouvrira ses portes ce samedi 30 ao\u00fbt, de 10h \u00e0 21\u00a0h\u00a030. Il sera ensuite ouvert tous les jours du dimanche 31 ao\u00fbt au jeudi 4 septembre de 10h \u00e0 19h, puis de 10h \u00e0 14\u00a0h\u00a030 le vendredi 5 septembre, quand les bateaux partiront pour le convoyage vers Le Havre. La premi\u00e8re \u00e9tape, la plus longue, entre Le Havre et Morlaix, avec un passage obligatoire par la pointe sud de l&rsquo;Irlande, d&rsquo;environ 1.250 kilom\u00e8tres, d\u00e9butera le dimanche 7 septembre \u00e0 13\u00a0h\u00a002, avec une arriv\u00e9e pr\u00e9vue le 11 septembre.<\/p>\n<p>La Solitaire du Figaro se dispute en trois \u00e9tapes. La deuxi\u00e8me ira de Morlaix \u00e0 Vigo, en Espagne, sur 1.000 kilom\u00e8tres, la troisi\u00e8me entre Vigo et Saint-Vaast-la-Hougue, sur 1.100 kilom\u00e8tres.<\/p>\n<p>Les animations du village<\/p>\n<p>Comme l&rsquo;an dernier, des animations sont organis\u00e9es au niveau du village.<\/p>\n<p><strong>Samedi 30 ao\u00fbt<\/strong> : les bateaux arriveront autour de 20\u00a0h\u00a050. Un DJ set sera organis\u00e9 entre 18\u00a0h\u00a030 et 20h sur le village, tout comme un concert bal salsa entre 21h et 23h. Une fanfare d\u00e9ambulatoire entre le pont Flaubert et les pontons aura aussi lieu entre 19\u00a0h\u00a030 et 20\u00a0h\u00a030. Il sera aussi possible de faire des bapt\u00eames en go\u00e9lette sur la Seine entre 10h et 20h.<\/p>\n<p><strong>Dimanche 31 ao\u00fbt<\/strong> : inauguration du village \u00e0 14\u00a0h\u00a030 puis pr\u00e9sentation des skippers \u00e0 15\u00a0h\u00a030.<\/p>\n<p>Tous les jours \u00e0 partir du dimanche 31 ao\u00fbt\u00a0: il sera possible de faire des bapt\u00eames en go\u00e9lette sur la Seine, acc\u00e9der au simulateur Paprec Ark\u00e9a dans une r\u00e9plique de l&rsquo;Imoca de Yoann Richomme, entre 10h et 19h. Des visites de bateaux sur les pontons sont aussi organis\u00e9es, avec des s\u00e9ances de d\u00e9dicaces, des interventions de skippers dans le \u00ab\u00a0Journal de la solitaire\u00a0\u00bb sur sc\u00e8ne, et des d\u00e9ambulations musicales.<\/p>\n<p>Les bateaux partiront le vendredi 5 septembre, avec un <strong>salut au public<\/strong> sur sc\u00e8ne entre 12\u00a0h\u00a030 et 13\u00a0h\u00a015.<\/p>\n<p>Les d\u00e9tails des horaires jour par jour sont sur le\u00a0<a target=\"_blank\" rel=\"nofollow noopener noreferrer\" class=\"IciLink ici-link IciArticleLink g-ici-body-regular-1 underline brand svelte-lu7k6w\" href=\"https:\/\/www.lasolitaire.com\/escale-rouen\">site de la Solitaire du Figaro<\/a>.<\/p>\n<p>Les skippers engag\u00e9s<\/p>\n<p>Trente-cinq bateaux et donc 35 skippers seront pr\u00e9sents \u00e0 Rouen cette semaine. Parmi eux\u00a0: trois Normands\u00a0: <strong>Jules Ducelier<\/strong>, sur le bateau de la R\u00e9gion Normandie, le bizuth Yvon Larnicole, originaire de <strong>Dieppe<\/strong>, ainsi que l&rsquo;historique Alexis Loison, <strong>Rouennais<\/strong> et qui prendra le d\u00e9part de la Solitaire pour la 19\u1d49 fois. Sur les 35 bateaux, 13 skippers seront des novices de la Solitaire. Huit seront barr\u00e9s par des femmes. Cinq sont des concurrents \u00e9trangers\u00a0: un <strong>Irlandais<\/strong>, Tom Dolan, le dernier vainqueur, une <strong>Suisse<\/strong>, deux <strong>Anglais<\/strong> et une <strong>Am\u00e9ricaine<\/strong>.<\/p>\n","protected":false},"excerpt":{"rendered":"La Solitaire du Figaro (re)prendra son d\u00e9part de Rouen et du Havre, en ce mois de septembre 2025,&hellip;\n","protected":false},"author":2,"featured_media":351447,"comment_status":"","ping_status":"","sticky":false,"template":"","format":"standard","meta":{"footnotes":""},"categories":[9587],"tags":[1111,11,1777,674,1011,27,12,5161,25,9590],"class_list":{"0":"post-351446","1":"post","2":"type-post","3":"status-publish","4":"format-standard","5":"has-post-thumbnail","7":"category-rouen","8":"tag-actu","9":"tag-actualites","10":"tag-eu","11":"tag-europe","12":"tag-fr","13":"tag-france","14":"tag-news","15":"tag-normandie","16":"tag-republique-francaise","17":"tag-rouen"},"share_on_mastodon":{"url":"https:\/\/pubeurope.com\/@fr\/115110319624374337","error":""},"_links":{"self":[{"href":"https:\/\/www.europesays.com\/fr\/wp-json\/wp\/v2\/posts\/351446","targetHints":{"allow":["GET"]}}],"collection":[{"href":"https:\/\/www.europesays.com\/fr\/wp-json\/wp\/v2\/posts"}],"about":[{"href":"https:\/\/www.europesays.com\/fr\/wp-json\/wp\/v2\/types\/post"}],"author":[{"embeddable":true,"href":"https:\/\/www.europesays.com\/fr\/wp-json\/wp\/v2\/users\/2"}],"replies":[{"embeddable":true,"href":"https:\/\/www.europesays.com\/fr\/wp-json\/wp\/v2\/comments?post=351446"}],"version-history":[{"count":0,"href":"https:\/\/www.europesays.com\/fr\/wp-json\/wp\/v2\/posts\/351446\/revisions"}],"wp:featuredmedia":[{"embeddable":true,"href":"https:\/\/www.europesays.com\/fr\/wp-json\/wp\/v2\/media\/351447"}],"wp:attachment":[{"href":"https:\/\/www.europesays.com\/fr\/wp-json\/wp\/v2\/media?parent=351446"}],"wp:term":[{"taxonomy":"category","embeddable":true,"href":"https:\/\/www.europesays.com\/fr\/wp-json\/wp\/v2\/categories?post=351446"},{"taxonomy":"post_tag","embeddable":true,"href":"https:\/\/www.europesays.com\/fr\/wp-json\/wp\/v2\/tags?post=351446"}],"curies":[{"name":"wp","href":"https:\/\/api.w.org\/{rel}","templated":true}]}}