{"id":351448,"date":"2025-08-29T05:07:11","date_gmt":"2025-08-29T05:07:11","guid":{"rendered":"https:\/\/www.europesays.com\/fr\/351448\/"},"modified":"2025-08-29T05:07:11","modified_gmt":"2025-08-29T05:07:11","slug":"le-mode-demploi-pour-en-beneficier","status":"publish","type":"post","link":"https:\/\/www.europesays.com\/fr\/351448\/","title":{"rendered":"le mode d&#8217;emploi pour en b\u00e9n\u00e9ficier"},"content":{"rendered":"<p class=\"article__intro\">\u00c0 partir du lundi 1er septembre 2025, les moins de 18 ans de la m\u00e9tropole de Rouen Normandie ne paieront plus leurs trajets en bus ou en m\u00e9tro. 80 000 jeunes vont b\u00e9n\u00e9ficier de cette mesure vot\u00e9e par les \u00e9lus m\u00e9tropolitains. Attention, il faudra toujours pr\u00e9senter un titre de transport en r\u00e8gle.<\/p>\n<p>\n      La Quotidienne Soci\u00e9t\u00e9\n    <\/p>\n<p>\n      De la vie quotidienne aux grands enjeux, recevez tous les jours les sujets qui font la soci\u00e9t\u00e9 locale, comme la justice, l\u2019\u00e9ducation, la sant\u00e9 et la famille.\n    <\/p>\n<p>    France T\u00e9l\u00e9visions utilise votre adresse e-mail afin de vous envoyer la newsletter \u00ab\u00a0La Quotidienne Soci\u00e9t\u00e9\u00a0\u00bb. Vous pouvez vous d\u00e9sinscrire \u00e0 tout moment via le lien en bas de cette newsletter. <a target=\"_blank\" href=\"https:\/\/www.francetelevisions.fr\/groupe\/confidentialite\/politique-de-confidentialite\/politique-de-confidentialite-de-france-televisions-6503\" rel=\"nofollow noopener\">Notre politique de confidentialit\u00e9<\/a><\/p>\n<p data-pm-slice=\"1 1 []\">\u00c0 partir du 1er septembre 2025, les passagers de moins de 18 ans voyageront gratuitement dans tous les transports en commun de la m\u00e9tropole de Rouen. Une grande majorit\u00e9 des 125 \u00e9lus de la M\u00e9tropole de Rouen Normandie a <a href=\"https:\/\/france3-regions.franceinfo.fr\/normandie\/seine-maritime\/rouen\/les-transports-en-commun-gratuits-pour-tous-les-moins-de-18-ans-dans-la-metropole-de-rouen-3180612.html\" target=\"_blank\" rel=\"noopener nofollow\">vot\u00e9, lundi 30 juin<\/a> 2025, pour cette mesure.<\/p>\n<p>Seuls les enfants de moins de quatre ans b\u00e9n\u00e9ficiaient jusqu&rsquo;alors de la gratuit\u00e9.<\/p>\n<p data-pm-slice=\"1 1 []\">La gratuit\u00e9 pour les adultes et les jeunes \u00e9tait jusqu&rsquo;\u00e0 pr\u00e9sent limit\u00e9e <a href=\"https:\/\/france3-regions.franceinfo.fr\/normandie\/seine-maritime\/rouen\/samedi-rouen-c-est-gratuit-transports-urbains-1872368.html\" target=\"_blank\" data-tooltip-url=\"https:\/\/france3-regions.franceinfo.fr\/normandie\/seine-maritime\/rouen\/samedi-rouen-c-est-gratuit-transports-urbains-1872368.html\" rel=\"noopener nofollow\">aux samedis<\/a> (pour tous), aux p\u00e9riodes de pics de pollution, pour les sorties scolaires des \u00e9coles et lors de grands \u00e9v\u00e8nements.<\/p>\n<ul>\n<li>Les enfants et jeunes de 4 \u00e0 18 ans (jusqu\u2019\u00e0 la date anniversaire des 18 ans)<\/li>\n<li>Soit 80 000 enfants et jeunes \u00e2g\u00e9s de 4 \u00e0 18 ans. 22% des passagers des transports de la m\u00e9tropole sont mineurs.\u00a0<\/li>\n<li>Les enfants et jeunes de qui habitent en dehors de la m\u00e9tropole b\u00e9n\u00e9ficient aussi de la gratuit\u00e9.<\/li>\n<\/ul>\n<p data-pm-slice=\"1 1 []\">Pour \u00eatre en r\u00e8gle, les b\u00e9n\u00e9ficiaires de la gratuit\u00e9 devront valider \u00e0 chaque mont\u00e9e leur abonnement (carte plastifi\u00e9e ou sur smartphone) ou leur titre (ticket papier ou sur smartphone) individuel.<\/p>\n<p data-pm-slice=\"1 1 []\">Abonnement gratuit (pour les trajets r\u00e9guliers) :<\/p>\n<p>Il faut souscrire l&rsquo;abonnement depuis l\u2019appli MyAstuce ou sur la boutique en ligne (M-Ticket uniquement) du<a href=\"https:\/\/www.myastuce.fr\/fr\/transport-public-info?disruptionId=21881&amp;context=DisruptionDetail\" target=\"_blank\" rel=\"noopener nofollow\"> site MyAstuce<\/a>.<\/p>\n<p>Trois \u00e9tapes :<\/p>\n<ul>\n<li>Cr\u00e9er un compte MyAstuce.<\/li>\n<li>Demander le profil -18 ans.<\/li>\n<li>Une fois le profil valid\u00e9, ajouter l\u2019abonnement -18 ans depuis l\u2019appli ou le site.<\/li>\n<\/ul>\n<p>Le\u00a0r\u00e9seau My Astuce pr\u00e9cise :\u00a0<\/p>\n<blockquote class=\"ftvi_content_quote\">\n<p class=\"ftvi_citation_quote\">Le compte MyAstuce doit \u00eatre cr\u00e9\u00e9 au nom de la personne qui utilisera l\u2019abonnement.<\/p>\n<p>R\u00e9seau de transports MyAstuce (M\u00e9tropole Rouen Normandie)<\/p>\n<\/blockquote>\n<p><a data-article-figure=\"\" href=\"https:\/\/france3-regions.franceinfo.fr\/image\/z5W_6CHqQdEYKPLjmbjUkt1JV4E\/410x273\/regions\/2024\/05\/27\/bus-teor-665492aa38504890882665.jpg\" data-pswp-width=\"410\" data-pswp-height=\"273\" target=\"_blank\" rel=\"nofollow noopener\"><\/p>\n<p>          <img width=\"600\" height=\"400\" class=\"article-image lazy\" data-src=\"https:\/\/www.europesays.com\/fr\/wp-content\/uploads\/2025\/08\/bus-teor-665492aa38504890882665.jpg\" alt=\"Bus Teor \u00e0 une station\" fetchpriority=\"high\" as=\"image\"\/><\/p>\n<p>\n            Bus Teor \u00e0 une station<br \/>\n                           \u2022<br \/>\n                                      \u00a9 F3 Normandie\n                      <\/p>\n<p><\/a><\/p>\n<p data-pm-slice=\"1 1 []\"><strong>Trajets ponctuels :\u00a0<\/strong><\/p>\n<p data-pm-slice=\"1 1 []\">Le jeune devra valider un titre de transport \u00e0 chaque mont\u00e9e.\u00a0C&rsquo;est un titre valable sept jours sur support magn\u00e9tique \u00e0 retirer en agence Astuce ou \u00e0 charger sur l\u2019application My Astuce (M-Ticket).<\/p>\n<p data-pm-slice=\"1 1 []\">S&rsquo;agissant de gratuit\u00e9 pour une tranche d&rsquo;\u00e2ge, il faut bien s\u00fbr pouvoir pr\u00e9senter une pi\u00e8ce d\u2019identit\u00e9.<\/p>\n<p data-pm-slice=\"1 1 []\"><strong>Trajets en groupe :\u00a0<\/strong><\/p>\n<p data-pm-slice=\"1 1 []\">D\u00e9placements p\u00e9riscolaires ou extrascolaires, centres de loisirs et assimil\u00e9s :\u00a0<\/p>\n<p data-pm-slice=\"1 1 []\">Le responsable du d\u00e9placement devra valider \u00e0 chaque mont\u00e9e \u00e0 bord le titre de transport \u00a0\u00ab Groupes jeunes moins de 18 ans \u00bb sur support magn\u00e9tique \u00e0 retirer en agence Astuce.<\/p>\n<p data-pm-slice=\"1 1 []\">Il est valable pour 30 personnes maximum (jeunes \u00e2g\u00e9s de moins de 18 ans et leurs accompagnateurs).<\/p>\n<p data-pm-slice=\"1 1 []\">Le <a href=\"https:\/\/www.metropole-rouen-normandie.fr\/transport-en-commun\/le-reseau-de-transports-en-commun\" target=\"_blank\" rel=\"noopener nofollow\">r\u00e9seau de transports <\/a>de la m\u00e9tropole de Rouen Normandie pr\u00e9cise que pour les abonnements &#8211; 12 ans et &#8211; 18 ans en cours, \u00ab\u00a0les pr\u00e9l\u00e8vements automatiques seront suspendus \u00e0 compter de fin ao\u00fbt. Ceux ayant achet\u00e9 leur abonnement au comptant seront rembours\u00e9s au prorata des mois non utilis\u00e9s.\u00a0\u00bb<\/p>\n<p data-pm-slice=\"1 1 []\">Cette proc\u00e9dure de remboursement pourra s&rsquo;effectuer jusqu\u2019au 31 d\u00e9cembre 2025.<\/p>\n","protected":false},"excerpt":{"rendered":"\u00c0 partir du lundi 1er septembre 2025, les moins de 18 ans de la m\u00e9tropole de Rouen Normandie&hellip;\n","protected":false},"author":2,"featured_media":351449,"comment_status":"","ping_status":"","sticky":false,"template":"","format":"standard","meta":{"footnotes":""},"categories":[9587],"tags":[1111,11,1777,674,1011,27,12,5161,25,9590],"class_list":{"0":"post-351448","1":"post","2":"type-post","3":"status-publish","4":"format-standard","5":"has-post-thumbnail","7":"category-rouen","8":"tag-actu","9":"tag-actualites","10":"tag-eu","11":"tag-europe","12":"tag-fr","13":"tag-france","14":"tag-news","15":"tag-normandie","16":"tag-republique-francaise","17":"tag-rouen"},"share_on_mastodon":{"url":"https:\/\/pubeurope.com\/@fr\/115110323352398498","error":""},"_links":{"self":[{"href":"https:\/\/www.europesays.com\/fr\/wp-json\/wp\/v2\/posts\/351448","targetHints":{"allow":["GET"]}}],"collection":[{"href":"https:\/\/www.europesays.com\/fr\/wp-json\/wp\/v2\/posts"}],"about":[{"href":"https:\/\/www.europesays.com\/fr\/wp-json\/wp\/v2\/types\/post"}],"author":[{"embeddable":true,"href":"https:\/\/www.europesays.com\/fr\/wp-json\/wp\/v2\/users\/2"}],"replies":[{"embeddable":true,"href":"https:\/\/www.europesays.com\/fr\/wp-json\/wp\/v2\/comments?post=351448"}],"version-history":[{"count":0,"href":"https:\/\/www.europesays.com\/fr\/wp-json\/wp\/v2\/posts\/351448\/revisions"}],"wp:featuredmedia":[{"embeddable":true,"href":"https:\/\/www.europesays.com\/fr\/wp-json\/wp\/v2\/media\/351449"}],"wp:attachment":[{"href":"https:\/\/www.europesays.com\/fr\/wp-json\/wp\/v2\/media?parent=351448"}],"wp:term":[{"taxonomy":"category","embeddable":true,"href":"https:\/\/www.europesays.com\/fr\/wp-json\/wp\/v2\/categories?post=351448"},{"taxonomy":"post_tag","embeddable":true,"href":"https:\/\/www.europesays.com\/fr\/wp-json\/wp\/v2\/tags?post=351448"}],"curies":[{"name":"wp","href":"https:\/\/api.w.org\/{rel}","templated":true}]}}