{"id":351450,"date":"2025-08-29T05:08:19","date_gmt":"2025-08-29T05:08:19","guid":{"rendered":"https:\/\/www.europesays.com\/fr\/351450\/"},"modified":"2025-08-29T05:08:19","modified_gmt":"2025-08-29T05:08:19","slug":"grenoble-va-devoir-soulever-des-montagnes-pour-esperer-battre-saint-etienne-ce-samedi","status":"publish","type":"post","link":"https:\/\/www.europesays.com\/fr\/351450\/","title":{"rendered":"Grenoble va devoir soulever des montagnes pour esp\u00e9rer battre Saint-Etienne ce samedi"},"content":{"rendered":"<p itemprop=\"description\"><strong>C\u2019est un d\u00e9but de saison peu convaincant du c\u00f4t\u00e9 de Grenoble.<\/strong><\/p>\n<p>N\u00e9anmoins, au vu du peu d\u2019ambitions d\u00e9voil\u00e9es par les dirigeants, la crise \u00e9conomique qui touche le club et une pr\u00e9saison catastrophique, c\u2019\u00e9tait tout sauf inesp\u00e9r\u00e9. Apr\u00e8s deux d\u00e9faites \u00e0 l\u2019ext\u00e9rieur contre Troyes (2-1) et Clermont (2-1) et un nul face \u00e0 Laval (1-1) \u00e0 domicile, le Grenoble Foot 38 se d\u00e9place dans le Forez ce samedi soir, \u00e0 20h (beIN SPORTS), pour le compte de la quatri\u00e8me journ\u00e9e de Ligue 2.<\/p>\n<p>Un nouveau d\u00e9placement qui s\u2019annonce tr\u00e8s compliqu\u00e9 pour les Is\u00e9rois, qui vont clairement tenter de sauver les meubles cette saison. Pour autant, ils n\u2019auront d\u2019autres choix que de chercher un r\u00e9sultat face \u00e0 Saint-Etienne, leader du championnat.<\/p>\n<p>Un d\u00e9fi de taille qui risque de tourner \u00e0 la correction si les Grenoblois ne changent rien sur le plan offensif. \u00ab\u00a0On doit \u00eatre mieux dans notre jeu, plus saignant, plus vif, et \u00e7a nous manque souvent un petit peu (\u2026) On se met \u00e0 d\u00e9faut, m\u00eame quand il n\u2019y a pas la pression de l\u2019adversaire. Ce n\u2019est pas normal\u00a0\u00bb, avait d\u00e9clar\u00e9 Franck Rizzetto apr\u00e8s la d\u00e9faite \u00e0 Clermont-Ferrand.<\/p>\n<p>Le technicien de 54 ans pourra compter sur son nouvel attaquant, Evans Maurin, recrut\u00e9 cette semaine en provenance du Grasshopper Z\u00fcrich, pour tenter de rectifier le tir sur le plan offensif. Pr\u00e8s de 450 supporters grenoblois sont attendus au stade Geoffroy-Guichard.<\/p>\n","protected":false},"excerpt":{"rendered":"C\u2019est un d\u00e9but de saison peu convaincant du c\u00f4t\u00e9 de Grenoble. N\u00e9anmoins, au vu du peu d\u2019ambitions d\u00e9voil\u00e9es&hellip;\n","protected":false},"author":2,"featured_media":351451,"comment_status":"","ping_status":"","sticky":false,"template":"","format":"standard","meta":{"footnotes":""},"categories":[9566],"tags":[1111,11,7733,8279,2430,7736,650,7734,2889,2263,1777,674,1011,27,2731,8280,6417,1114,108,4662,12,3725,1825,25,7737],"class_list":{"0":"post-351450","1":"post","2":"type-post","3":"status-publish","4":"format-standard","5":"has-post-thumbnail","7":"category-grenoble","8":"tag-actu","9":"tag-actualites","10":"tag-alpes","11":"tag-alpes1","12":"tag-auvergne-rhone-alpes","13":"tag-cds","14":"tag-cinema","15":"tag-ecoute","16":"tag-emission","17":"tag-equipe","18":"tag-eu","19":"tag-europe","20":"tag-fr","21":"tag-france","22":"tag-grenoble","23":"tag-haute","24":"tag-information","25":"tag-infos","26":"tag-isere","27":"tag-journal","28":"tag-news","29":"tag-podcast","30":"tag-radio","31":"tag-republique-francaise","32":"tag-winamp"},"share_on_mastodon":{"url":"https:\/\/pubeurope.com\/@fr\/115110327332996132","error":""},"_links":{"self":[{"href":"https:\/\/www.europesays.com\/fr\/wp-json\/wp\/v2\/posts\/351450","targetHints":{"allow":["GET"]}}],"collection":[{"href":"https:\/\/www.europesays.com\/fr\/wp-json\/wp\/v2\/posts"}],"about":[{"href":"https:\/\/www.europesays.com\/fr\/wp-json\/wp\/v2\/types\/post"}],"author":[{"embeddable":true,"href":"https:\/\/www.europesays.com\/fr\/wp-json\/wp\/v2\/users\/2"}],"replies":[{"embeddable":true,"href":"https:\/\/www.europesays.com\/fr\/wp-json\/wp\/v2\/comments?post=351450"}],"version-history":[{"count":0,"href":"https:\/\/www.europesays.com\/fr\/wp-json\/wp\/v2\/posts\/351450\/revisions"}],"wp:featuredmedia":[{"embeddable":true,"href":"https:\/\/www.europesays.com\/fr\/wp-json\/wp\/v2\/media\/351451"}],"wp:attachment":[{"href":"https:\/\/www.europesays.com\/fr\/wp-json\/wp\/v2\/media?parent=351450"}],"wp:term":[{"taxonomy":"category","embeddable":true,"href":"https:\/\/www.europesays.com\/fr\/wp-json\/wp\/v2\/categories?post=351450"},{"taxonomy":"post_tag","embeddable":true,"href":"https:\/\/www.europesays.com\/fr\/wp-json\/wp\/v2\/tags?post=351450"}],"curies":[{"name":"wp","href":"https:\/\/api.w.org\/{rel}","templated":true}]}}