{"id":351454,"date":"2025-08-29T05:10:10","date_gmt":"2025-08-29T05:10:10","guid":{"rendered":"https:\/\/www.europesays.com\/fr\/351454\/"},"modified":"2025-08-29T05:10:10","modified_gmt":"2025-08-29T05:10:10","slug":"on-nessaye-meme-plus-de-discuter-une-association-vent-debout-face-a-lorganisation-dun-salon-du-chiot-pres-de-rennes","status":"publish","type":"post","link":"https:\/\/www.europesays.com\/fr\/351454\/","title":{"rendered":"\u00ab\u00a0On n\u2019essaye m\u00eame plus de discuter\u00a0\u00bb\u00a0: une association vent debout face \u00e0 l\u2019organisation d\u2019un salon du chiot pr\u00e8s de Rennes"},"content":{"rendered":"<p>Samedi 30 et dimanche 31 ao\u00fbt, un salon du chiot se tiendra sur la commune de Chavagne, pr\u00e8s de Rennes, au lieu-dit Les Houris. Organis\u00e9 chaque ann\u00e9e depuis 2008, le rendez-vous est pr\u00e9sent\u00e9 par les organisateurs comme \u00ab incontournable pour les amoureux des chiens \u00bb.<\/p>\n<blockquote class=\"instagram-media\" data-instgrm-captioned=\"\" data-instgrm-permalink=\"https:\/\/www.instagram.com\/p\/DNfszHVob6e\/?utm_source=ig_embed&amp;utm_campaign=loading\" data-instgrm-version=\"14\" style=\" background:#FFF; border:0; border-radius:3px; box-shadow:0 0 1px 0 rgba(0,0,0,0.5),0 1px 10px 0 rgba(0,0,0,0.15); margin: 1px; max-width:540px; min-width:326px; padding:0; width:99.375%; width:-webkit-calc(100% - 2px); width:calc(100% - 2px);\"\/>\n<p>Durant deux jours, de nombreux b\u00e9b\u00e9s chiots issus d\u2018\u00e9levages fran\u00e7ais seront expos\u00e9s aux yeux des visiteurs. Plus de 40 races seront repr\u00e9sent\u00e9es au total. \u00ab On travaille avec des \u00e9leveurs qu\u2019on conna\u00eet tr\u00e8s bien \u00bb, pr\u00e9cise Bernard Moreau, pr\u00e9sident de Passion Chiots Organisation, la soci\u00e9t\u00e9 organisatrice. \u00ab Il n\u2019y\u2019a pas d\u2019animaux issus d\u2019importation ou de n\u00e9goce au sein du salon \u00bb.<\/p>\n<p>Le Parti animaliste monte au cr\u00e9neau<\/p>\n<p>Si l\u2019\u00e9v\u00e9nement attire un certain public, il est pourtant loin de faire l\u2019unanimit\u00e9 aupr\u00e8s de tous. \u00ab Une r\u00e9alit\u00e9 inqui\u00e9tante se cache derri\u00e8re ces \u00e9v\u00e9nements \u00e0 l\u2019instar du salon du chiot \u00e0 Chavagne : la marchandisation des animaux et la banalisation de leur abandon \u00bb, d\u00e9nonce le parti animaliste.<\/p>\n<p>\u00ab Align\u00e9s derri\u00e8re des stands, les chiots sont propos\u00e9s au public comme de simples biens \u00e0 acqu\u00e9rir sur un coup de c\u0153ur \u00bb, peut-on lire dans un communiqu\u00e9. \u00ab Cette mise en sc\u00e8ne commerciale nie leur sensibilit\u00e9 et encourage des achats impulsifs, contraires au respect de la vie animale \u00bb.<\/p>\n<p>L\u2019organisateur se d\u00e9fend<\/p>\n<p>Le Parti animaliste souhaite la fin de ces pratiques et demande une loi pour interdire les salons du chiot. \u00ab Une fa\u00e7on de rompre avec la logique marchande et d\u2019affirmer que les animaux ne sont pas des biens de consommation \u00bb.<\/p>\n<p>\u00ab On n\u2019essaye m\u00eame plus de discuter avec ces gens-l\u00e0 \u00bb, se d\u00e9fend Bernard Moreau pr\u00e9sident de Passion Chiots Organisation, l\u2019entreprise qui organise l\u2018\u00a0\u00e9v\u00e9nement. \u00ab Surtout qu\u2019il y a en v\u00e9rit\u00e9 tr\u00e8s peu de chiens abandonn\u00e9s qui sont issus des ventes en salon. Et puis, la plupart des visiteurs viennent juste d\u00e9couvrir les races, ce ne sont pas forc\u00e9ment des acheteurs. Ce qui est certain, c\u2019est que l\u2019espace des \u00e9levages s\u2019est vraiment assaini au fil des ann\u00e9es. Les chiens vendus en salon sont extr\u00eamement contr\u00f4l\u00e9s avec la pr\u00e9sence de v\u00e9t\u00e9rinaires \u00bb.<\/p>\n<p>Contact\u00e9e, la mairie de Chavagne pr\u00e9cise qu\u2019elle n\u2019a pas son mot \u00e0 dore car ce salon du chiot est organis\u00e9 \u00ab sur un terrain priv\u00e9 \u00bb. \u00ab La commune n\u2018\u00a0est pas l\u2019organisatrice de cet \u00e9v\u00e9nement et n\u2019est m\u00eame pas sollicit\u00e9e pr\u00e9alablement pour une autorisation \u00e9ventuelle. La d\u00e9claration s\u2019effectue en pr\u00e9fecture \u00bb.<\/p>\n<p><script async src=\"\/\/www.instagram.com\/embed.js\"><\/script><\/p>\n","protected":false},"excerpt":{"rendered":"Samedi 30 et dimanche 31 ao\u00fbt, un salon du chiot se tiendra sur la commune de Chavagne, pr\u00e8s&hellip;\n","protected":false},"author":2,"featured_media":351455,"comment_status":"","ping_status":"","sticky":false,"template":"","format":"standard","meta":{"footnotes":""},"categories":[2821],"tags":[1111,11,829,1777,674,1011,27,848,12,584,25],"class_list":{"0":"post-351454","1":"post","2":"type-post","3":"status-publish","4":"format-standard","5":"has-post-thumbnail","7":"category-rennes","8":"tag-actu","9":"tag-actualites","10":"tag-bretagne","11":"tag-eu","12":"tag-europe","13":"tag-fr","14":"tag-france","15":"tag-ille-et-vilaine","16":"tag-news","17":"tag-rennes","18":"tag-republique-francaise"},"share_on_mastodon":{"url":"https:\/\/pubeurope.com\/@fr\/115110335305201784","error":""},"_links":{"self":[{"href":"https:\/\/www.europesays.com\/fr\/wp-json\/wp\/v2\/posts\/351454","targetHints":{"allow":["GET"]}}],"collection":[{"href":"https:\/\/www.europesays.com\/fr\/wp-json\/wp\/v2\/posts"}],"about":[{"href":"https:\/\/www.europesays.com\/fr\/wp-json\/wp\/v2\/types\/post"}],"author":[{"embeddable":true,"href":"https:\/\/www.europesays.com\/fr\/wp-json\/wp\/v2\/users\/2"}],"replies":[{"embeddable":true,"href":"https:\/\/www.europesays.com\/fr\/wp-json\/wp\/v2\/comments?post=351454"}],"version-history":[{"count":0,"href":"https:\/\/www.europesays.com\/fr\/wp-json\/wp\/v2\/posts\/351454\/revisions"}],"wp:featuredmedia":[{"embeddable":true,"href":"https:\/\/www.europesays.com\/fr\/wp-json\/wp\/v2\/media\/351455"}],"wp:attachment":[{"href":"https:\/\/www.europesays.com\/fr\/wp-json\/wp\/v2\/media?parent=351454"}],"wp:term":[{"taxonomy":"category","embeddable":true,"href":"https:\/\/www.europesays.com\/fr\/wp-json\/wp\/v2\/categories?post=351454"},{"taxonomy":"post_tag","embeddable":true,"href":"https:\/\/www.europesays.com\/fr\/wp-json\/wp\/v2\/tags?post=351454"}],"curies":[{"name":"wp","href":"https:\/\/api.w.org\/{rel}","templated":true}]}}