{"id":351456,"date":"2025-08-29T05:11:13","date_gmt":"2025-08-29T05:11:13","guid":{"rendered":"https:\/\/www.europesays.com\/fr\/351456\/"},"modified":"2025-08-29T05:11:13","modified_gmt":"2025-08-29T05:11:13","slug":"contre-la-suppression-du-parking-vilaine-un-appel-au-rassemblement-ce-vendredi","status":"publish","type":"post","link":"https:\/\/www.europesays.com\/fr\/351456\/","title":{"rendered":"contre la suppression du parking Vilaine, un appel au rassemblement ce vendredi"},"content":{"rendered":"<p>            Par<br \/>\n        <strong><br \/>\n            <a href=\"https:\/\/actu.fr\/auteur\/brian-legoff\" title=\"Consulter tous les articles de Brian Le Goff\" target=\"_blank\" rel=\"noopener\">Brian Le Goff<\/a><br \/>\n        <\/strong><\/p>\n<p>        Publi\u00e9 le<\/p>\n<p>            29 ao\u00fbt 2025 \u00e0 7h02        <\/p>\n<p>C\u2019est<strong> le d\u00e9but de la fin<\/strong> pour le <a href=\"https:\/\/actu.fr\/bretagne\/rennes_35238\/photos-rennes-voici-a-quoi-va-ressembler-republique-une-fois-le-parking-vilaine-supprime_60719407.html\" target=\"_blank\" rel=\"noopener\">parking Vilaine \u00e0 Rennes<\/a>. Situ\u00e9 en plein c\u0153ur du centre-ville, il <a href=\"https:\/\/actu.fr\/bretagne\/rennes_35238\/suppression-du-parking-vilaine-a-rennes-voici-a-partir-de-quand-il-ne-sera-plus-possible-d-y-stationner_62737310.html\" target=\"_blank\" rel=\"noopener\">va \u00eatre supprim\u00e9<\/a> pour d\u00e9couvrir la Vilaine, fleuve qui traverse la capitale bretonne, avec l\u2019objectif de <strong>rendre le secteur moins min\u00e9ral et l\u2019adapter au changement climatique<\/strong>. Sa fermeture d\u00e9finitive aura lieu <strong>ce dimanche 31\u00a0ao\u00fbt<\/strong> pour un d\u00e9but de chantier dans les prochaines semaines.<\/p>\n<p class=\" wall-content\">Pour autant, les <strong>opposants<\/strong> de ce choix conduit par la municipalit\u00e9 <strong>comptent bien continuer \u00e0 faire entendre leur voix<\/strong>. Sur les r\u00e9seaux sociaux, un appel \u00e0 un rassemblement contre sa d\u00e9molition a \u00e9t\u00e9 lanc\u00e9 par un habitant.<\/p>\n<p>\u00ab\u2009Encore trop de questions\u2009\u00bb<\/p>\n<p class=\" wall-content\">Il invite ainsi le plus grand nombre \u00e0 prendre part \u00e0 un <strong>pique-nique citoyen, ce vendredi 29\u00a0ao\u00fbt, \u00e0 partir de 12h,<\/strong> sur le parking Vilaine, du c\u00f4t\u00e9 de la place de la R\u00e9publique.<\/p>\n<blockquote class=\"ac-article-quote wall-content\">\n<p>Encore trop de questions sans r\u00e9ponse. Un financement approximatif non finalis\u00e9. Encore trop d&rsquo;incertitudes autour de la d\u00e9molition. \u00c0 proximit\u00e9 d&rsquo;une \u00e9ch\u00e9ance \u00e9lectorale de premier ordre pour Rennes\u2026 (la d\u00e9molition du parking ne sera pas termin\u00e9e, quel cadeau pour la prochaine municipalit\u00e9 \u00e9lue ?) Les commer\u00e7ants sacrifi\u00e9s. O\u00f9 iront les utilisateurs actuels de ce parking (PMR, personnes \u00e2g\u00e9es). Un questionnaire sera remis aux derniers utilisateurs de ce parking tr\u00e8s utile du centre-ville.<\/p>\n<p>    <strong>Publication de \u00ab\u00a0Patoubreizh\u00a0\u00bb sur Facebook<\/strong><br \/>\n        Appelant au pique-nique citoyen sur le parking ce vendredi    <\/p><\/blockquote>\n<p class=\" wall-content\">Contact\u00e9 par <a href=\"https:\/\/actu.fr\/rennes\/\" target=\"_blank\" rel=\"noopener\">actu Rennes<\/a>,<strong> Charles Compagnon, \u00e9lu d\u2019opposition<\/strong> \u00e0 la majorit\u00e9 et fervent d\u00e9fenseur de la d\u00e9molition du parking Vilaine, explique ne <strong>pas \u00eatre \u00e0 l\u2019origine<\/strong> de cet appel, mais affirme qu\u2019il <strong>se rendra sur place.<\/strong><\/p>\n<p class=\" wall-content\"><strong>Nos diff\u00e9rents articles sur le parking Vilaine\u2009:<\/strong><\/p>\n<p class=\" wall-content\">Personnalisez votre actualit\u00e9 en ajoutant vos villes et m\u00e9dias en favori avec <a href=\"https:\/\/moncompte.actu.fr\" title=\"D\u00e9couvez Mon Actu\" rel=\"nofollow noopener\" data-trk=\"{&quot;cta&quot;:{&quot;action&quot;:&quot;https:\\\/\\\/moncompte.actu.fr&quot;,&quot;category&quot;:&quot;mon compte&quot;,&quot;from&quot;:&quot;article footer&quot;,&quot;name&quot;:&quot;Mon actu&quot;,&quot;type&quot;:&quot;cta&quot;}}\" target=\"_blank\">Mon Actu<\/a>.<\/p>\n","protected":false},"excerpt":{"rendered":"Par Brian Le Goff Publi\u00e9 le 29 ao\u00fbt 2025 \u00e0 7h02 C\u2019est le d\u00e9but de la fin pour&hellip;\n","protected":false},"author":2,"featured_media":351457,"comment_status":"","ping_status":"","sticky":false,"template":"","format":"standard","meta":{"footnotes":""},"categories":[2821],"tags":[1111,11,829,3542,1777,674,1011,27,12,584,25,104,6173,7009],"class_list":{"0":"post-351456","1":"post","2":"type-post","3":"status-publish","4":"format-standard","5":"has-post-thumbnail","7":"category-rennes","8":"tag-actu","9":"tag-actualites","10":"tag-bretagne","11":"tag-circulation","12":"tag-eu","13":"tag-europe","14":"tag-fr","15":"tag-france","16":"tag-news","17":"tag-rennes","18":"tag-republique-francaise","19":"tag-societe","20":"tag-stationnement","21":"tag-vilaine"},"share_on_mastodon":{"url":"https:\/\/pubeurope.com\/@fr\/115110339491130057","error":""},"_links":{"self":[{"href":"https:\/\/www.europesays.com\/fr\/wp-json\/wp\/v2\/posts\/351456","targetHints":{"allow":["GET"]}}],"collection":[{"href":"https:\/\/www.europesays.com\/fr\/wp-json\/wp\/v2\/posts"}],"about":[{"href":"https:\/\/www.europesays.com\/fr\/wp-json\/wp\/v2\/types\/post"}],"author":[{"embeddable":true,"href":"https:\/\/www.europesays.com\/fr\/wp-json\/wp\/v2\/users\/2"}],"replies":[{"embeddable":true,"href":"https:\/\/www.europesays.com\/fr\/wp-json\/wp\/v2\/comments?post=351456"}],"version-history":[{"count":0,"href":"https:\/\/www.europesays.com\/fr\/wp-json\/wp\/v2\/posts\/351456\/revisions"}],"wp:featuredmedia":[{"embeddable":true,"href":"https:\/\/www.europesays.com\/fr\/wp-json\/wp\/v2\/media\/351457"}],"wp:attachment":[{"href":"https:\/\/www.europesays.com\/fr\/wp-json\/wp\/v2\/media?parent=351456"}],"wp:term":[{"taxonomy":"category","embeddable":true,"href":"https:\/\/www.europesays.com\/fr\/wp-json\/wp\/v2\/categories?post=351456"},{"taxonomy":"post_tag","embeddable":true,"href":"https:\/\/www.europesays.com\/fr\/wp-json\/wp\/v2\/tags?post=351456"}],"curies":[{"name":"wp","href":"https:\/\/api.w.org\/{rel}","templated":true}]}}