{"id":351458,"date":"2025-08-29T05:12:48","date_gmt":"2025-08-29T05:12:48","guid":{"rendered":"https:\/\/www.europesays.com\/fr\/351458\/"},"modified":"2025-08-29T05:12:48","modified_gmt":"2025-08-29T05:12:48","slug":"20-sorties-pour-bien-commencer-son-annee-etudiante-a-strasbourg","status":"publish","type":"post","link":"https:\/\/www.europesays.com\/fr\/351458\/","title":{"rendered":"20 sorties pour bien commencer son ann\u00e9e \u00e9tudiante \u00e0 Strasbourg"},"content":{"rendered":"<p><b>Tic-tac, tic-tac : c\u2019est bient\u00f4t la rentr\u00e9e ! Que ton cursus commence ou non cette ann\u00e9e, pour bien t\u2019y pr\u00e9parer, Strasbourg s\u2019active et d\u00e9ploie un sacr\u00e9 calendrier \u00e0 destination de ses \u00e9tudiant(e)s. Brocantes solidaires, \u00e9v\u00e9nements culturels, barbecue gratuit et rencontres en tout genre : sors ton agenda, on a quelques bons plans pour toi.<\/b><\/p>\n<p>Pour se rencontrer et s&rsquo;engager<\/p>\n<p>Tu viens d\u2019arriver par ici ?<strong> Envie de rencontrer du monde<\/strong> ou de t\u2019engager pour cette nouvelle ann\u00e9e \u00e9tudiante ? On d\u00e9marre en fanfare avec l\u2019un des spots mis \u00e0 dispo par l\u2019Universit\u00e9 de Strasbourg \u00ab pour se d\u00e9tendre, faire des rencontres, s\u2019informer et d\u00e9couvrir de nouveaux centres d\u2019int\u00e9r\u00eat \u00bb\u00a0: <b>l\u2019espace Tohu-Bohu<\/b>.<\/p>\n<p>                <img width=\"750\" height=\"500\" src=\"https:\/\/www.europesays.com\/fr\/wp-content\/uploads\/2025\/08\/etudiants-campus-esplanade-750x500.jpg\" class=\"attachment-gallery size-gallery\" alt=\"Etudiants campus esplanade\" data-full-url=\"https:\/\/pokaa.fr\/wp-content\/uploads\/2024\/09\/12\/etudiants-campus-esplanade.jpg\" decoding=\"async\" loading=\"lazy\"  \/>            <\/p>\n<p>                <img width=\"750\" height=\"500\" src=\"https:\/\/www.europesays.com\/fr\/wp-content\/uploads\/2025\/08\/campus-esplanade-4-750x500.jpg\" class=\"attachment-gallery size-gallery\" alt=\"Campus Esplanade 4\" data-full-url=\"https:\/\/pokaa.fr\/wp-content\/uploads\/2024\/09\/12\/campus-esplanade-4.jpg\" decoding=\"async\" loading=\"lazy\"  \/>            <\/p>\n<p>                <img width=\"750\" height=\"500\" src=\"https:\/\/www.europesays.com\/fr\/wp-content\/uploads\/2025\/08\/campus-esplanade-3-750x500.jpg\" class=\"attachment-gallery size-gallery\" alt=\"Campus Esplanade 3\" data-full-url=\"https:\/\/pokaa.fr\/wp-content\/uploads\/2024\/09\/12\/campus-esplanade-3.jpg\" decoding=\"async\" loading=\"lazy\"  \/>            <\/p>\n<p>                    \u00a9 David Lev\u00eaque \/ Pokaa<\/p>\n<p>Il s\u2019installera <b>du 1er au 5 septembre sur le parvis de la fac de droit, de sciences politiques et de gestion<\/b> (campus de l\u2019Esplanade) ou, en cas de pluie, dans le hall du Patio, sous le pr\u00e9au de L\u2019Alin\u00e9a et au Studium, salle In Quarto. (Avec petite restauration aupr\u00e8s de l\u2019Agoratruck de l\u2019AFGES et la <b>buvette solidaire <\/b>tenue par le Service de la vie universitaire de 10h \u00e0 17h).<\/p>\n<p><b>Le mardi 2 septembre, s\u2019y dressera le Village Vie \u00e9tudiante<\/b> pour rencontrer les principaux services universitaires : vie \u00e9tudiante, r\u00e9ussite \u00e9tudiante, sport, sant\u00e9, responsabilit\u00e9 soci\u00e9tale et durable et vie associative ; et <strong>le<b> jeudi 4\u00a0: un Village des associations \u00e9tudiantes<\/b><\/strong><strong>.<\/strong><\/p>\n<p>Sans oublier le <b>vendredi 5\u00a0: le Village Campus Angels, un village de pr\u00e9vention et d\u2019information<\/b> compos\u00e9 d\u2019une dizaine de structures engag\u00e9es pour r\u00e9fl\u00e9chir collectivement \u00e0 \u00ab\u00a0des solutions concr\u00e8tes face aux violences sexistes, sexuelles et homophobes dans le monde \u00e9tudiant\u00a0\u00bb.<\/p>\n<p>    <img width=\"800\" height=\"533\" src=\"https:\/\/www.europesays.com\/fr\/wp-content\/uploads\/2025\/08\/fontaine-fac-de-droit-1-800x533.jpg\" class=\"attachment-image-size-L size-image-size-L\" alt=\"Fontaine Fac de droit 1\" decoding=\"async\" loading=\"lazy\"  \/>         \u00a9 David Lev\u00eaque \/ Pokaa <\/p>\n<p>Pour faire connaissance, on peut aussi faire confiance \u00e0 <b>l\u2019AFGES, <\/b>l\u2019association des \u00e9tudiant(e)s d\u2019Alsace qui f\u00e9d\u00e8re \u00e9galement 47 assos \u00e9tudiantes, qui t\u2019accompagnera d\u00e8s la rentr\u00e9e, avec plusieurs rendez-vous et accompagnements (logement provisoire, \u00e9piceries sociales et solidaires, etc.).<\/p>\n<p>Parmi eux\u00a0: son <b>Barbecue de rentr\u00e9e, le jeudi 4 septembre d\u00e8s 11h sur le parvis de la fac de droit<\/b>. <b>Un repas offert <\/b>\u2013<b> <\/b>pour rencontrer les associations \u2013 avec de la viande mais aussi des options v\u00e9g\u00e9 et vegan \u00e0 faire griller, et en musique gr\u00e2ce \u00e0 <b>FEU (la fanfare \u00e9tudiante universitaire)<\/b>.<\/p>\n<\/p>\n<p>Tu pourras retrouver l\u2019AFGES au m\u00eame endroit, avec <b>le Cin\u00e9 Flam\u2019s du mardi 16 septembre<\/b> (\u00e0 partir de 19h). Sur grand \u00e9cran\u00a0: <b>la projection (gratuite) du dessin anim\u00e9<\/b> <b>Dragons<\/b> (2010) en fran\u00e7ais sous-titr\u00e9 anglais ; et au menu :<b> tartes flamb\u00e9es \u00e0 petits prix <\/b>(options v\u00e9g\u00e9 et carn\u00e9e).<\/p>\n<p>Autre rendez-vous\u00a0: <b>la Guinguette de l\u2019AFGES, le mardi 30 septembre<\/b> dans les jardins du campus de l\u2019Esplanade. Pour profiter des derniers restes de l\u2019\u00e9t\u00e9 avec <b>une ambiance musicale, des jeux en bois, de la petite restauration<\/b>, le tout en plein air. On y trouvera \u00e9galement des stands de partenaires, dont un sur la sensibilisation \u00e0 la s\u00e9curit\u00e9 routi\u00e8re en r\u00e9alit\u00e9 virtuelle.<\/p>\n<p>Pour se divertir<br \/>\nAvec l&rsquo;Universit\u00e9 de Strasbourg, le Crous et le Suac<\/p>\n<p>Pour commencer l\u2019ann\u00e9e sur une bonne note, <b>l\u2019Universit\u00e9 de Strasbourg d\u00e9cline toute une partition d\u2019\u00e9v\u00e9nements pour septembre.<\/b><\/p>\n<p>    <img width=\"400\" height=\"600\" src=\"https:\/\/www.europesays.com\/fr\/wp-content\/uploads\/2025\/08\/jeux-campus-alternatif-2021-7-manugrimm-400x600.jpg\" class=\"attachment-image-size-M size-image-size-M\" alt=\"Campus Alternatif\" decoding=\"async\" loading=\"lazy\"  \/>         Campus Alternatif. \u00a9 Manu Grimm \/ Document remis <\/p>\n<p>Tout d\u2019abord, <b>le jeudi 4<\/b>. Une fois la C\u00e9r\u00e9monie de rentr\u00e9e lanc\u00e9e (de 10h30 \u00e0 12h), le Suac (Service universitaire de l\u2019action culturelle) et le Crous Strasbourg animeront le campus de l\u2019Esplanade avec l\u2019annuel<b><a href=\"https:\/\/www.strasbourgaimesesetudiants.eu\/evenement\/-\/entity\/id\/545139525\/campus-alternatif\" target=\"_blank\" rel=\"noopener\"> Campus Alternatif<\/a> <\/b>(de 17h30 \u00e0 23h).<\/p>\n<p><strong><b>Une soir\u00e9e de concerts gratuits et en plein air<\/b><\/strong><strong>, avec \u00e0 l\u2019affiche : les groupes <\/strong><b>Except One<\/b> (rock, finaliste du tremplin Pulsations 2025), <b>Aoraki<\/b> (indie pop, 1er laur\u00e9at r\u00e9gional du tremplin Pulsations 2024), et <b>Treaks<\/b> (noise punk). Sur place\u00a0:<b> des jeux, des food trucks et une buvette<\/b>.<\/p>\n<p>                <img width=\"750\" height=\"500\" src=\"https:\/\/www.europesays.com\/fr\/wp-content\/uploads\/2025\/08\/3-marisben-scene-campus-22-750x500.jpg\" class=\"attachment-gallery size-gallery\" alt=\"Campus Alternatif Maris Ben\" data-full-url=\"https:\/\/pokaa.fr\/wp-content\/uploads\/2023\/08\/3-marisben-scene-campus-22.jpg\" decoding=\"async\" loading=\"lazy\"  \/>            <\/p>\n<p>                <img width=\"750\" height=\"500\" src=\"https:\/\/www.europesays.com\/fr\/wp-content\/uploads\/2025\/08\/espacefoodtrucks-campusalternatif2022-26-750x500.jpg\" class=\"attachment-gallery size-gallery\" alt=\"Campus Alternatif\" data-full-url=\"https:\/\/pokaa.fr\/wp-content\/uploads\/2023\/08\/espacefoodtrucks-campusalternatif2022-26.jpg\" decoding=\"async\" loading=\"lazy\"  \/>            <\/p>\n<p>                <img width=\"333\" height=\"500\" src=\"https:\/\/www.europesays.com\/fr\/wp-content\/uploads\/2025\/08\/foule-campusalternatif2021-125-333x500.jpg\" class=\"attachment-gallery size-gallery\" alt=\"Campus alternatif\" data-full-url=\"https:\/\/pokaa.fr\/wp-content\/uploads\/2023\/08\/foule-campusalternatif2021-125.jpg\" decoding=\"async\" loading=\"lazy\"  \/>            <\/p>\n<p>                    Campus Alternatif. \u00a9 Manu Grimm \/ Documents remis<\/p>\n<p><b>Les vendredi 5 et samedi 6 septembre<\/b>, direction cette fois le <b>Palais des f\u00eates avec le concert de l\u2019Orchestre philharmonique de Strasbourg<\/b> et de l\u2019OUS \u2013 l\u2019Orchestre universitaire de Strasbourg \u2013 et ses 80 musicien(ne)s.<\/p>\n<p>Dans la ville<\/p>\n<p><strong>Ville aussi festive que culturelle, Strasbourg offre \u00e0 l\u2019ann\u00e9e une belle programmation vari\u00e9e.<\/strong> Entre les institutions, les collectifs : il y a de quoi faire pour se distraire. Pour mieux conna\u00eetre celles et ceux qui feront bouger ta saison, plusieurs rendez-vous \u00e0 noter.<\/p>\n<p>    <img width=\"800\" height=\"600\" src=\"https:\/\/www.europesays.com\/fr\/wp-content\/uploads\/2025\/08\/valentine-zelei-pour-strasbourg-eurometropole-strasculture.jpg\" class=\"attachment-image-size-L size-image-size-L\" alt=\"Strasculture 2021\" decoding=\"async\" loading=\"lazy\"  \/>         Strasculture 2021. \u00a9 Valentine Zeler &#8211; Strasbourg Eurom\u00e9tropole \/ Document remis <\/p>\n<p>Parmi eux\u00a0: <b>Strasculture, le samedi 6 septembre<\/b> (de 10h \u00e0 19h), sur <b>la place du Ch\u00e2teau, au pied de la cath\u00e9drale<\/b>. Une journ\u00e9e ouverte \u00e0 toutes et tous <b>pour rencontrer les associations et structures culturelles, artistiques et sportives<\/b> de la ville.<\/p>\n<p>Cirque, danse, chant, musique, th\u00e9\u00e2tre\u2026 Outre les stands qui te pr\u00e9senteront leurs activit\u00e9s et sorties de la saison, <b>une programmation \u00e9clectique et pluridisciplinaire \u00e0 d\u00e9couvrir le jour J gratuitement <\/b>sur quatre sc\u00e8nes. Bonus\u00a0: une roue de la chance, pour <b>remporter l\u2019un des 1000 lots culturels<\/b> mis en jeu\u00a0!<\/p>\n<p>                <img width=\"667\" height=\"500\" src=\"https:\/\/www.europesays.com\/fr\/wp-content\/uploads\/2025\/08\/strasbourg-eurometropole-strasculture.jpg\" class=\"attachment-gallery size-gallery\" alt=\"Strasculture\" data-full-url=\"https:\/\/www.europesays.com\/fr\/wp-content\/uploads\/2025\/08\/strasbourg-eurometropole-strasculture.jpg\" decoding=\"async\" loading=\"lazy\"  \/>            <\/p>\n<p>                <img width=\"876\" height=\"500\" src=\"https:\/\/www.europesays.com\/fr\/wp-content\/uploads\/2025\/08\/strasculture-credit-page-facebook-stras-culture2021.jpg\" class=\"attachment-gallery size-gallery\" alt=\"strasculture-credit-page-facebook-stras-culture2021\" data-full-url=\"https:\/\/www.europesays.com\/fr\/wp-content\/uploads\/2025\/08\/strasculture-credit-page-facebook-stras-culture2021.jpg\" decoding=\"async\" loading=\"lazy\"  \/>            <\/p>\n<p>                    Strasculture : 1. \u00a9 Strasbourg Eurom\u00e9tropole \/ Document remis ; 3. \u00a9 Genevieve Engel &#8211; Page Facebook de Strasculture \/ Document remis<\/p>\n<p><b>Le samedi 13 septembre <\/b>(de 16h \u00e0 22h), le dispositif <b><a href=\"https:\/\/carte-culture.org\/\" target=\"_blank\" rel=\"noopener\">Carte Culture<\/a> <\/b>qui propose des tarifs avantageux dans le domaine culturel pour les \u00e9tudiant(e)s ainsi qu\u2019une programmation offerte tout au long de la saison, t\u2019invite \u00e0 \u00ab\u00a0faire culture ensemble\u00a0\u00bb, avec <b>CraftCulture<\/b>.<\/p>\n<p><b>Un \u00e9v\u00e9nement festif et participatif \u00e0 la Pokop, \u00e0 base d\u2019ateliers, performances drag, DJ sets et tables rondes<\/b>, pour \u00ab\u00a0une rentr\u00e9e sous le signe de la cr\u00e9ation collective\u00a0\u00bb.<\/p>\n<p>    <img width=\"400\" height=\"600\" src=\"https:\/\/www.europesays.com\/fr\/wp-content\/uploads\/2025\/08\/2024-09-19-w-i-teona-goreci-24-400x600.jpg\" class=\"attachment-image-size-M size-image-size-M\" alt=\"Atelier carte culture concert orchestre philharmonique OPS\" decoding=\"async\" loading=\"lazy\"  \/>         \u00a9 Teona Goreci \/ Document remis <\/p>\n<p>Peu apr\u00e8s, c\u2019est dans la sublime <strong>a<\/strong><b>ula du Palais Universitaire<\/b> que se tiendra <b>le vendredi 26 septembre <\/b>(20h30-22h30) <b>le concert de rentr\u00e9e de l\u2019Orchestre philharmonique de Strasbourg<\/b>, accompagn\u00e9 du c\u00e9l\u00e8bre pianiste <b>Alexandre Kantorow<\/b>. Un concert offert par le dispositif, sur inscription au pr\u00e9alable.<\/p>\n<p>Quant au<b> jeudi 2 octobre<\/b>, elle te convie \u00e0 son annuelle <b>Guinguette culturelle<\/b><strong> \u00e0 The People<\/strong> (\u00e0 la Manufacture des Tabacs) de 18h30 \u00e0 22h30.<\/p>\n<p>Un \u00e9v\u00e9nement gratuit, sur inscription \u00e9galement, avec <strong>DJ set, bar, petite restauration et des structures de Strasbourg et des alentours qui viennent pr\u00e9senter leur programmation culturelle<\/strong> en toute d\u00e9tente. En bonus\u00a0: un passeport \u00e0 remplir, et <b>une roue de la chance <\/b>pour tenter de remporter des lots (\u00e0 l\u2019instar de places de concerts ou spectacles).<\/p>\n<p>                <img width=\"750\" height=\"500\" src=\"https:\/\/www.europesays.com\/fr\/wp-content\/uploads\/2025\/08\/ok190926-guinguette_culturelle_070_web.jpg\" class=\"attachment-gallery size-gallery\" alt=\"guinguette culturelle + carte culture + universit\u00e9\" data-full-url=\"https:\/\/www.europesays.com\/fr\/wp-content\/uploads\/2025\/08\/ok190926-guinguette_culturelle_070_web.jpg\" decoding=\"async\" loading=\"lazy\"  \/>            <\/p>\n<p>                <img width=\"750\" height=\"500\" src=\"https:\/\/www.europesays.com\/fr\/wp-content\/uploads\/2025\/08\/ok190926-guinguette_culturelle_067_web.jpg\" class=\"attachment-gallery size-gallery\" alt=\"guinguette culturelle + carte culture + universit\u00e9\" data-full-url=\"https:\/\/www.europesays.com\/fr\/wp-content\/uploads\/2025\/08\/ok190926-guinguette_culturelle_067_web.jpg\" decoding=\"async\" loading=\"lazy\"  \/>            <\/p>\n<p>                <img width=\"750\" height=\"500\" src=\"https:\/\/www.europesays.com\/fr\/wp-content\/uploads\/2025\/08\/guinguetteculturelle-webteona-goreci-750x500.jpg\" class=\"attachment-gallery size-gallery\" alt=\"GuinguetteCulturelle- web\u00a9Teona Goreci carte culture\" data-full-url=\"https:\/\/pokaa.fr\/wp-content\/uploads\/2024\/09\/03\/guinguetteculturelle-webteona-goreci.jpg\" decoding=\"async\" loading=\"lazy\"  \/>            <\/p>\n<p>                    1. 2. Guinguette culturelle, 1\u00e8re \u00e9dition. \u00a9 Maxime Faury \/ Documents remis ; 3. \u00a9 Teona Goreci \/ Document remis<\/p>\n<p>Autre alternative pour d\u00e9couvrir Strasbourg par le prisme de sa culture locale : le <a href=\"https:\/\/culturathon.fr\/\" target=\"_blank\" rel=\"noopener\"><b>Culturathon<\/b><\/a>. <b>Un \u00e9v\u00e9nement culturel cr\u00e9\u00e9 par et pour les \u00e9tudiant(e)s<\/b>, et un \u00ab\u00a0rendez-vous incontournable des talents cr\u00e9atifs de Strasbourg\u00a0\u00bb. \u00ab Il y avait le marathon, puis le barathon, place au Culturathon \u00bb, nous dit-on.<\/p>\n<p>Cette ann\u00e9e, il t\u2019embarquera <b>le 21 septembre<\/b> pour un tour original : drag show, cin\u00e9, impro, mus\u00e9e\u2026 Si l\u2019affiche de cette ann\u00e9e n\u2019a pas encore \u00e9t\u00e9 d\u00e9voil\u00e9e, elle s\u2019annonce aussi curieuse que diversifi\u00e9e.<\/p>\n<p>                <img width=\"750\" height=\"500\" src=\"https:\/\/www.europesays.com\/fr\/wp-content\/uploads\/2025\/08\/cathedrale-29-750x500.jpg\" class=\"attachment-gallery size-gallery\" alt=\"Cath\u00e9drale (29) statue\" data-full-url=\"https:\/\/pokaa.fr\/wp-content\/uploads\/2024\/04\/14\/cathedrale-29.jpg\" decoding=\"async\" loading=\"lazy\"  \/>            <\/p>\n<p>                <img width=\"750\" height=\"500\" src=\"https:\/\/www.europesays.com\/fr\/wp-content\/uploads\/2025\/08\/cathedrale-27-750x500.jpg\" class=\"attachment-gallery size-gallery\" alt=\"Cath\u00e9drale (27) chien geiler\" data-full-url=\"https:\/\/pokaa.fr\/wp-content\/uploads\/2024\/04\/14\/cathedrale-27.jpg\" decoding=\"async\" loading=\"lazy\"  \/>            <\/p>\n<p>                <img width=\"750\" height=\"500\" src=\"https:\/\/www.europesays.com\/fr\/wp-content\/uploads\/2025\/08\/moman-cathedrale-8-750x500.jpg\" class=\"attachment-gallery size-gallery\" alt=\"M\u00f4man cath\u00e9drale (8)\" data-full-url=\"https:\/\/pokaa.fr\/wp-content\/uploads\/2024\/07\/27\/moman-cathedrale-8.jpg\" decoding=\"async\" loading=\"lazy\"  \/>            <\/p>\n<p>                    \u00a9 Marie Goehner-David \/ Pokaa<\/p>\n<p>On n\u2019oublie pas non plus le dispositif<a href=\"https:\/\/www.strasbourgaimesesetudiants.eu\/\" target=\"_blank\" rel=\"noopener\"><b> Strasbourg <\/b><\/a><b><a href=\"https:\/\/www.strasbourgaimesesetudiants.eu\/\" target=\"_blank\" rel=\"noopener\">aime ses \u00e9tudiant\u00b7es<\/a> <\/b>qui organisera tout au long de l\u2019ann\u00e9e de nombreuses sorties (culturelles, sportives, etc.). Comme par exemple, la <b>visite guid\u00e9e de la cath\u00e9drale de Strasbourg<\/b> (samedi 13 septembre de 10h \u00e0 11h), ou d\u2019un <b>\u00ab\u00a0Strasbourg insolite\u00a0\u00bb<\/b>, le mardi 23 septembre (18h-19h30).<\/p>\n<p>Et reste dans le coin, <a href=\"https:\/\/pokaa.fr\/tag\/agenda-des-sorties\/\" target=\"_blank\" rel=\"noopener\">on partage sur Pokaa de nombreuses id\u00e9es sorties tout au long de la saison<\/a>.<\/p>\n<p>Pour s&rsquo;\u00e9quiper<\/p>\n<p>Plus pragmatique\u00a0: <b>ton installation mat\u00e9rielle<\/b>\u2026 Besoin de <b>mobilier<\/b> ou de <b>d\u00e9co<\/b> pour ton nouveau studio, d\u2019un <b>ordi<\/b> ou d\u2019un <b>v\u00e9lo\u00a0<\/b>? Avec les nombreux frais de la rentr\u00e9e et un budget serr\u00e9, s\u2019\u00e9quiper peut \u00eatre compliqu\u00e9. Pour t\u2019aider \u00e0 trouver tes essentiels, plusieurs dates \u00e0 noter dans ton agenda.<\/p>\n<p>    <img width=\"800\" height=\"600\" src=\"https:\/\/www.europesays.com\/fr\/wp-content\/uploads\/2025\/08\/campus-etudiants-fac-esplanade-universite28.jpeg\" class=\"attachment-image-size-L size-image-size-L\" alt=\"campus e\u0301tudiants fac esplanade universite\u030128\" decoding=\"async\" loading=\"lazy\"  \/>         \u00a9 Samuel Compion \/ Pokaa <\/p>\n<p>Pour commencer\u00a0: <b>le Village \u00c9co-solidaire<\/b> qui se tiendra <b>le mercredi 3 septembre <\/b>(de 10h \u00e0 17h) <b>sur le campus de l\u2019Esplanade <\/b>ou, en cas de pluie, au c\u0153ur du Studium, salle In Quarto, et <b>le jeudi 18 septembre<\/b> (de 11h \u00e0 15h) <b>sur le campus d\u2019Illkirch<\/b>.<\/p>\n<p>L\u2019occasion de d\u00e9couvrir les initiatives solidaires, \u00e9cologiques et engag\u00e9es \u00e0 destination des \u00e9tudiant(e)s\u2026 Avec en sus, de <b>bonnes affaires gr\u00e2ce \u00e0 une friperie, des v\u00e9los et du mat\u00e9riel informatique<\/b>, et des \u00e9piceries \u00e0 prix solidaires.<\/p>\n<p>Le <b>mercredi 10 septembre<\/b> <b>au Studium<\/b> (de 9h \u00e0 17h), une brocante solidaire organis\u00e9e gr\u00e2ce aux dons des personnels de l\u2019Unistra (Universit\u00e9 de Strasbourg) et du r\u00e9seau Alumni avec des v\u00eatements, de la vaisselle et ustensiles de cuisine, des livres et fournitures scolaires, etc. Et le <b>samedi 27 septembre (de 11h \u00e0 14h), avec la Gratiferia<\/b> qui se tiendra au<b> Jardin partag\u00e9 du Lands\u2019herb<\/b>.<\/p>\n<p>    <img width=\"800\" height=\"601\" src=\"https:\/\/www.europesays.com\/fr\/wp-content\/uploads\/2025\/08\/pexels-photo-821721-1-e1568366757843.jpeg\" class=\"attachment-image-size-L size-image-size-L\" alt=\"ordinateur CC\" decoding=\"async\" loading=\"lazy\"\/>         \u00a9 Pokaa <\/p>\n<p><b>Autre bon plan pour les \u00e9tudiant(e)s\u00a0<\/b>: <b>Emma\u00fcs Mundo<\/b> (Bischheim) proposera <b>du 2 septembre au 4 octobre <\/b>une op\u00e9ration de<b> \u00ab\u00a0rentr\u00e9e solidaire\u00a0\u00bb<\/b>.<\/p>\n<p>Sur pr\u00e9sentation de ta carte \u00e9tudiante (ou justificatif d\u2019inscription), tu b\u00e9n\u00e9ficieras de <b>50% de r\u00e9duction en caisse<\/b> sur l\u2019ensemble de sa salle de vente \u2013 \u00e0 l\u2019exception de ses meubles r\u00e9nov\u00e9s et cr\u00e9ations. Des fringues, du mobilier, des v\u00e9los, de l\u2019\u00e9lectronique\u00a0: tout pour t\u2019\u00e9quiper \u00e0 bas prix.<\/p>\n<p>                <img width=\"333\" height=\"500\" src=\"https:\/\/www.europesays.com\/fr\/wp-content\/uploads\/2025\/08\/emmaus-mundo-5-333x500.jpg\" class=\"attachment-gallery size-gallery\" alt=\"Emmaus Mundo (5)\" data-full-url=\"https:\/\/pokaa.fr\/wp-content\/uploads\/2023\/02\/emmaus-mundo-5.jpg\" decoding=\"async\" loading=\"lazy\"  \/>            <\/p>\n<p>                <img width=\"333\" height=\"500\" src=\"https:\/\/www.europesays.com\/fr\/wp-content\/uploads\/2025\/08\/emmaus-mundo-16-333x500.jpg\" class=\"attachment-gallery size-gallery\" alt=\"Emmaus Mundo (16)\" data-full-url=\"https:\/\/pokaa.fr\/wp-content\/uploads\/2023\/02\/emmaus-mundo-16.jpg\" decoding=\"async\" loading=\"lazy\"  \/>            <\/p>\n<p>                    Emma\u00fcs Mundo. \u00a9 Mathilde Piaud \/ Pokaa<\/p>\n<p>Retrouve aussi d\u2019autres rendez-vous pour t\u2019\u00e9quiper pour la rentr\u00e9e, <strong>dans cet article publi\u00e9 il y a quelques jours<\/strong> :<\/p>\n<p>                <a href=\"https:\/\/pokaa.fr\/2025\/08\/24\/deco-fringues-velos-a-strasbourg-8-rendez-vous-pour-chiner-et-pimper-sa-rentree\/\" target=\"_blank\" rel=\"noopener\"><br \/>\n                    <img width=\"450\" height=\"270\" src=\"https:\/\/www.europesays.com\/fr\/wp-content\/uploads\/2025\/08\/d1-450x270.png\" class=\"attachment-card-horizontal--same-subject size-card-horizontal--same-subject wp-post-image\" alt=\"\" decoding=\"async\" loading=\"lazy\"\/>                <\/a><\/p>\n<p style=\"text-align: center;\"><strong>+ d\u2019infos<\/strong><\/p>\n<p style=\"text-align: center;\"><a href=\"https:\/\/bienvenue.unistra.fr\/\" target=\"_blank\" rel=\"noopener\">Le site web de l\u2019Unistra (Universit\u00e9 de Strasbourg)<\/a><br \/><a href=\"https:\/\/www.strasbourgaimesesetudiants.eu\/\" target=\"_blank\" rel=\"noopener\">Le site web de Strasbourg aime ses \u00e9tudiant\u00b7es<\/a><\/p>\n<p style=\"text-align: center;\"><strong>Si tu as d\u2019autres astuces \u00e0 proposer, partage-les dans les commentaires. Pour le reste, on te souhaite une bonne rentr\u00e9e universitaire !<\/strong><\/p>\n","protected":false},"excerpt":{"rendered":"Tic-tac, tic-tac : c\u2019est bient\u00f4t la rentr\u00e9e ! Que ton cursus commence ou non cette ann\u00e9e, pour bien&hellip;\n","protected":false},"author":2,"featured_media":351459,"comment_status":"","ping_status":"","sticky":false,"template":"","format":"standard","meta":{"footnotes":""},"categories":[2820],"tags":[1111,11,4763,4077,1134,6961,13701,251,4081,1777,674,1011,27,775,326,12,21919,3907,28313,25,12280,640,5768],"class_list":{"0":"post-351458","1":"post","2":"type-post","3":"status-publish","4":"format-standard","5":"has-post-thumbnail","7":"category-strasbourg","8":"tag-actu","9":"tag-actualites","10":"tag-agenda","11":"tag-association","12":"tag-bon-plan","13":"tag-brocante","14":"tag-campus","15":"tag-culture","16":"tag-etudiant","17":"tag-eu","18":"tag-europe","19":"tag-fr","20":"tag-france","21":"tag-grand-est","22":"tag-gratuit","23":"tag-news","24":"tag-ou-sortir","25":"tag-que-faire","26":"tag-rentree","27":"tag-republique-francaise","28":"tag-solidaire","29":"tag-strasbourg","30":"tag-universite"},"share_on_mastodon":{"url":"https:\/\/pubeurope.com\/@fr\/115110347971199024","error":""},"_links":{"self":[{"href":"https:\/\/www.europesays.com\/fr\/wp-json\/wp\/v2\/posts\/351458","targetHints":{"allow":["GET"]}}],"collection":[{"href":"https:\/\/www.europesays.com\/fr\/wp-json\/wp\/v2\/posts"}],"about":[{"href":"https:\/\/www.europesays.com\/fr\/wp-json\/wp\/v2\/types\/post"}],"author":[{"embeddable":true,"href":"https:\/\/www.europesays.com\/fr\/wp-json\/wp\/v2\/users\/2"}],"replies":[{"embeddable":true,"href":"https:\/\/www.europesays.com\/fr\/wp-json\/wp\/v2\/comments?post=351458"}],"version-history":[{"count":0,"href":"https:\/\/www.europesays.com\/fr\/wp-json\/wp\/v2\/posts\/351458\/revisions"}],"wp:featuredmedia":[{"embeddable":true,"href":"https:\/\/www.europesays.com\/fr\/wp-json\/wp\/v2\/media\/351459"}],"wp:attachment":[{"href":"https:\/\/www.europesays.com\/fr\/wp-json\/wp\/v2\/media?parent=351458"}],"wp:term":[{"taxonomy":"category","embeddable":true,"href":"https:\/\/www.europesays.com\/fr\/wp-json\/wp\/v2\/categories?post=351458"},{"taxonomy":"post_tag","embeddable":true,"href":"https:\/\/www.europesays.com\/fr\/wp-json\/wp\/v2\/tags?post=351458"}],"curies":[{"name":"wp","href":"https:\/\/api.w.org\/{rel}","templated":true}]}}