{"id":351460,"date":"2025-08-29T05:14:19","date_gmt":"2025-08-29T05:14:19","guid":{"rendered":"https:\/\/www.europesays.com\/fr\/351460\/"},"modified":"2025-08-29T05:14:19","modified_gmt":"2025-08-29T05:14:19","slug":"strasbourg-qualifie-le-mercato-accelere-alsasports","status":"publish","type":"post","link":"https:\/\/www.europesays.com\/fr\/351460\/","title":{"rendered":"Strasbourg qualifi\u00e9, le mercato acc\u00e9l\u00e9r\u00e9 ? \u2014 Alsa&rsquo;Sports"},"content":{"rendered":"<p><strong>Maintenant que la qualification europ\u00e9enne du Racing est acquise apr\u00e8s un succ\u00e8s 3-2 \u00e0 Brondby ce jeudi soir, plusieurs dossiers du mercato strasbourgeois devraient se d\u00e9canter ces prochaines heures.<\/strong><\/p>\n<p>Jouer officiellement la Ligue Conf\u00e9rence peut-il influer sur la fin de mercato du Racing ? Il est clair que le club est d\u00e9sormais plus \u00e0 m\u00eame de trancher sur les ultimes dossiers en cours sur le march\u00e9 des transferts en sachant qu\u2019il va jouer sur trois tableaux (Ligue 1, Coupe de France et Ligue Conf\u00e9rence). Les objectifs sont affich\u00e9s par l\u2019ensemble du club depuis le d\u00e9part : finir dans le top 6 de Ligue 1 et faire un bon parcours en C4. Et passeront par l\u2019utilisation du large effectif que Strasbourg s\u2019est forg\u00e9 en pr\u00e9vision naturellement de jouer la coupe d\u2019Europe. Si l\u2019effectif semble taill\u00e9 quantitativement pour jouer sur tous les tableaux, des ultimes ajustement qualitatifs devraient se d\u00e9bloquer apr\u00e8s la victoire de jeudi soir \u00e0 Brondby (2-3). <\/p>\n<p><strong>Bakwa convaincu, Mara maintenu ? <\/strong><\/p>\n<p>D\u2019abord le dossier Dilane Bakwa, largement courtis\u00e9 par Nottingham Forest et ses trois offres refus\u00e9es par Strasbourg (28M\u20ac, 31M\u20ac et 35M\u20ac). Les discussions entre les deux clubs se poursuivent et pourraient aboutir maintenant que le Racing est assur\u00e9 de jouer la C4 et conscient des besoins qui seront les siens pour cette saison. L\u2019affaire serait m\u00eame d\u00e9j\u00e0 boucl\u00e9e, \u00e0 en croire les quelques mots prononc\u00e9s par Dilane Bakwa dans le vestiaire hier soir, que l\u2019on a entendus dans le Live Instagram de Kendry Paez : \u00ab c\u2019\u00e9tait mon dernier match les gars, merci \u00e0 tous !\u00a0\u00bb. <\/p>\n<p>Autre profil offensif mais qui joue beaucoup moins : S\u00e9kou Mara. Devanc\u00e9 dans la hi\u00e9rarchie par Emanuel Emegha et Joaquin Panichelli, l\u2019attaquant fran\u00e7ais serait toujours sur les tablettes d\u2019Auxerre pour discuter d\u2019un pr\u00eat d\u2019un an. Parme, en Italie, et Anderlecht, en Belgique, seraient aussi int\u00e9ress\u00e9s par Mara. Mais la perspective de faire tourner l\u2019effectif pour jouer la Ligue Conf\u00e9rence en semaine pourrait permettre \u00e0 S\u00e9kou Mara de rester. Surtout que le quatri\u00e8me attaquant Milos Lukovic a \u00e9t\u00e9 pr\u00eat\u00e9 \u00e0 Las Palmas. <\/p>\n<p><strong>Des arriv\u00e9es imminentes ?<\/strong><\/p>\n<p>L\u2019effectif strasbourgeois est large, mais les informations sur de probables nouvelles arriv\u00e9es n\u2019en finissent plus. Pendant que le Racing validait son ticket pour la Ligue Conf\u00e9rence hier soir, le journaliste Fabrizio Romano confirmait que l\u2019ailier gauche ivoirien Martial Godo (22 ans) \u00e9tait sur le point de rallier l\u2019Alsace. Le transfert en provenance de Fulham serait sur le point d\u2019\u00eatre act\u00e9 et devrait se r\u00e9gler avant m\u00eame le match \u00e0 Monaco dimanche. <\/p>\n<p>Valentin Atangana est toujours aussi proche de Strasbourg. Alors que les indiscr\u00e9tions sur la venue du milieu de terrain r\u00e9mois confirment qu\u2019il va signer un contrat de cinq ans apr\u00e8s avoir pass\u00e9 et r\u00e9ussi sa visite m\u00e9dicale lundi, le succ\u00e8s strasbourgeois \u00e0 Brondby pourrait acc\u00e9l\u00e9rer le dossier. Le Fran\u00e7ais quitterait le stade de Reims apr\u00e8s trois saisons en professionnel, pour 15 millions d\u2019euros, et malgr\u00e9 les convoitises \u00e0 l\u2019\u00e9tranger (AS Rome, Al-Ahli).<\/p>\n","protected":false},"excerpt":{"rendered":"Maintenant que la qualification europ\u00e9enne du Racing est acquise apr\u00e8s un succ\u00e8s 3-2 \u00e0 Brondby ce jeudi soir,&hellip;\n","protected":false},"author":2,"featured_media":351461,"comment_status":"","ping_status":"","sticky":false,"template":"","format":"standard","meta":{"footnotes":""},"categories":[2820],"tags":[1111,11,1777,674,63,1011,27,775,12,4448,25,640],"class_list":{"0":"post-351460","1":"post","2":"type-post","3":"status-publish","4":"format-standard","5":"has-post-thumbnail","7":"category-strasbourg","8":"tag-actu","9":"tag-actualites","10":"tag-eu","11":"tag-europe","12":"tag-football","13":"tag-fr","14":"tag-france","15":"tag-grand-est","16":"tag-news","17":"tag-rc-strasbourg","18":"tag-republique-francaise","19":"tag-strasbourg"},"share_on_mastodon":{"url":"https:\/\/pubeurope.com\/@fr\/115110350861390681","error":""},"_links":{"self":[{"href":"https:\/\/www.europesays.com\/fr\/wp-json\/wp\/v2\/posts\/351460","targetHints":{"allow":["GET"]}}],"collection":[{"href":"https:\/\/www.europesays.com\/fr\/wp-json\/wp\/v2\/posts"}],"about":[{"href":"https:\/\/www.europesays.com\/fr\/wp-json\/wp\/v2\/types\/post"}],"author":[{"embeddable":true,"href":"https:\/\/www.europesays.com\/fr\/wp-json\/wp\/v2\/users\/2"}],"replies":[{"embeddable":true,"href":"https:\/\/www.europesays.com\/fr\/wp-json\/wp\/v2\/comments?post=351460"}],"version-history":[{"count":0,"href":"https:\/\/www.europesays.com\/fr\/wp-json\/wp\/v2\/posts\/351460\/revisions"}],"wp:featuredmedia":[{"embeddable":true,"href":"https:\/\/www.europesays.com\/fr\/wp-json\/wp\/v2\/media\/351461"}],"wp:attachment":[{"href":"https:\/\/www.europesays.com\/fr\/wp-json\/wp\/v2\/media?parent=351460"}],"wp:term":[{"taxonomy":"category","embeddable":true,"href":"https:\/\/www.europesays.com\/fr\/wp-json\/wp\/v2\/categories?post=351460"},{"taxonomy":"post_tag","embeddable":true,"href":"https:\/\/www.europesays.com\/fr\/wp-json\/wp\/v2\/tags?post=351460"}],"curies":[{"name":"wp","href":"https:\/\/api.w.org\/{rel}","templated":true}]}}