{"id":351462,"date":"2025-08-29T05:15:11","date_gmt":"2025-08-29T05:15:11","guid":{"rendered":"https:\/\/www.europesays.com\/fr\/351462\/"},"modified":"2025-08-29T05:15:11","modified_gmt":"2025-08-29T05:15:11","slug":"accompagner-les-femmes-victimes-dagressions-sexistes-ou-sexuelles-victime-dun-viol-elle-cree-une-nouvelle-association-a-nice-pour-les-victimes","status":"publish","type":"post","link":"https:\/\/www.europesays.com\/fr\/351462\/","title":{"rendered":"\u00ab\u00a0Accompagner les femmes victimes d\u2019agressions sexistes ou sexuelles\u00a0\u00bb: victime d\u2019un viol, elle cr\u00e9e une nouvelle association \u00e0 Nice pour les victimes"},"content":{"rendered":"<p>Claire G\u00e9ronimi attend toutes les femmes ce vendredi 29 ao\u00fbt 2025 \u00e0 Nice. En particulier, des femmes victimes de violences sexistes et sexuelles, que cette jeune entrepreneuse francilienne, \u00e9galement vice-pr\u00e9sidente de l\u2019Union des droites pour la R\u00e9publique (UDR), veut aider. Car elle aussi a connu l\u2019horreur. Celle d\u2019un viol qu\u2019elle a subi en novembre 2023, commis par un homme vis\u00e9 par plusieurs OQTF (obligation de quitter le territoire fran\u00e7ais). D\u2019o\u00f9 sa pr\u00e9sence \u00e0 Nice, ce vendredi, \u00e0 19 heures, au caf\u00e9-bar La B\u00e9lugue, 27, avenue Malauss\u00e9na. Elle explique la raison de sa venue.<\/p>\n<p><strong>Que venez-vous faire \u00e0 Nice ce vendredi?<\/strong><\/p>\n<p>Je viens lancer la section ni\u00e7oise d\u2019\u00c9clats de Femme, l\u2019association totalement apolitique, que j\u2019ai cr\u00e9\u00e9e, il y a environ un an \u00e0 Paris, et qui a pour but d\u2019accompagner les femmes victimes d\u2019agressions sexistes ou sexuelles. La section de Nantes a \u00e9t\u00e9 inaugur\u00e9e l\u2019ann\u00e9e derni\u00e8re. C\u2019est au tour de Nice \u00e0 pr\u00e9sent et il y en aura d\u2019autres en France.<\/p>\n<p><strong>Que pourront trouver les femmes dans cette structure?<\/strong><\/p>\n<p>Une d\u00e9clinaison copie conforme du si\u00e8ge national. Un accompagnement des victimes avec des \u00e9quipes de psychologues et d\u2019avocats, du d\u00e9p\u00f4t de plainte jusqu\u2019au proc\u00e8s en passant par des conseils, notamment juridiques. L\u2019association est l\u00e0 pour aider les victimes, qu\u2019il s\u2019agisse de formalit\u00e9s, de soutien. Il est \u00e9galement question d\u2019envisager un partenariat avec d\u2019autres associations soutenant les femmes.<\/p>\n<p><strong>Y aura-t-il des aides physiques?<\/strong><\/p>\n<p>Oui, gr\u00e2ce \u00e0 des cours de self-d\u00e9fense. Pourquoi? Parce que la reconstruction des victimes passe aussi par la reprise de leur corps, la confiance en elles. Ces cours seront dispens\u00e9s par des professeurs, mais des gendarmes et des policiers viendront \u00e9galement, car eux aussi savent exprimer les retours de terrain.<\/p>\n<p><strong>O\u00f9 seront dispens\u00e9s les cours?<\/strong><\/p>\n<p>Dans le futur local que nous cherchons actuellement sur Nice (1).<\/p>\n<p><strong>Quelle est votre actualit\u00e9?<\/strong><\/p>\n<p>J\u2019attends le proc\u00e8s de mon agresseur, qui aura lieu devant la cour d\u2019appel de Paris, les 24, 25 et 26 septembre. Ce sera un proc\u00e8s public. Je veux m\u00e9diatiser l\u2019affaire pour sensibiliser aux agressions de rue. Il s\u2019agit d\u2019un combat collectif.<\/p>\n<p><strong>Et politiquement, \u00eates-vous toujours vice-pr\u00e9sidente de l\u2019UDR?<\/strong><\/p>\n<p>Oui. Et en compagnie de la d\u00e9put\u00e9e UDR Christelle d\u2019Intorni, on a commenc\u00e9 \u00e0 travailler sur une proposition de loi visant \u00e0 condamner l\u2019\u00c9tat lorsqu\u2019une victime se fait agresser par un individu sous OQTF. Car si cette personne avait bien \u00e9t\u00e9 reconduite \u00e0 la fronti\u00e8re, l\u2019agression aurait pu \u00eatre \u00e9vit\u00e9e. Cela veut dire que l\u2019Etat n\u2019a pas su prot\u00e9ger certains de ses citoyens, qu\u2019il n\u2019a pas fait son travail en ne faisant pas ex\u00e9cuter les mesures qu\u2019il prononce et que donc, il doit d\u00e9dommager les victimes \u00e0 hauteur de 35.000 euros, ce qui est le co\u00fbt de la proc\u00e9dure comprenant les honoraires d\u2019avocat, la pr\u00e9paration du proc\u00e8s, le suivi par un m\u00e9decin.<\/p>\n","protected":false},"excerpt":{"rendered":"Claire G\u00e9ronimi attend toutes les femmes ce vendredi 29 ao\u00fbt 2025 \u00e0 Nice. En particulier, des femmes victimes&hellip;\n","protected":false},"author":2,"featured_media":351463,"comment_status":"","ping_status":"","sticky":false,"template":"","format":"standard","meta":{"footnotes":""},"categories":[2819],"tags":[1111,11,1777,674,118,1011,27,12,2401,882,25],"class_list":{"0":"post-351462","1":"post","2":"type-post","3":"status-publish","4":"format-standard","5":"has-post-thumbnail","7":"category-nice","8":"tag-actu","9":"tag-actualites","10":"tag-eu","11":"tag-europe","12":"tag-faits-divers","13":"tag-fr","14":"tag-france","15":"tag-news","16":"tag-nice","17":"tag-provence-alpes-cote-dazur","18":"tag-republique-francaise"},"share_on_mastodon":{"url":"","error":""},"_links":{"self":[{"href":"https:\/\/www.europesays.com\/fr\/wp-json\/wp\/v2\/posts\/351462","targetHints":{"allow":["GET"]}}],"collection":[{"href":"https:\/\/www.europesays.com\/fr\/wp-json\/wp\/v2\/posts"}],"about":[{"href":"https:\/\/www.europesays.com\/fr\/wp-json\/wp\/v2\/types\/post"}],"author":[{"embeddable":true,"href":"https:\/\/www.europesays.com\/fr\/wp-json\/wp\/v2\/users\/2"}],"replies":[{"embeddable":true,"href":"https:\/\/www.europesays.com\/fr\/wp-json\/wp\/v2\/comments?post=351462"}],"version-history":[{"count":0,"href":"https:\/\/www.europesays.com\/fr\/wp-json\/wp\/v2\/posts\/351462\/revisions"}],"wp:featuredmedia":[{"embeddable":true,"href":"https:\/\/www.europesays.com\/fr\/wp-json\/wp\/v2\/media\/351463"}],"wp:attachment":[{"href":"https:\/\/www.europesays.com\/fr\/wp-json\/wp\/v2\/media?parent=351462"}],"wp:term":[{"taxonomy":"category","embeddable":true,"href":"https:\/\/www.europesays.com\/fr\/wp-json\/wp\/v2\/categories?post=351462"},{"taxonomy":"post_tag","embeddable":true,"href":"https:\/\/www.europesays.com\/fr\/wp-json\/wp\/v2\/tags?post=351462"}],"curies":[{"name":"wp","href":"https:\/\/api.w.org\/{rel}","templated":true}]}}