{"id":351472,"date":"2025-08-29T05:26:12","date_gmt":"2025-08-29T05:26:12","guid":{"rendered":"https:\/\/www.europesays.com\/fr\/351472\/"},"modified":"2025-08-29T05:26:12","modified_gmt":"2025-08-29T05:26:12","slug":"voici-les-infos-pratiques-pour-circuler","status":"publish","type":"post","link":"https:\/\/www.europesays.com\/fr\/351472\/","title":{"rendered":"voici les infos pratiques pour circuler"},"content":{"rendered":"<p>            Par<br \/>\n        <strong><br \/>\n            <a href=\"https:\/\/actu.fr\/auteur\/lea-afonso\" title=\"Consulter tous les articles de L\u00e9a Afonso\" target=\"_blank\" rel=\"noopener\">L\u00e9a Afonso<\/a><br \/>\n        <\/strong><\/p>\n<p>        Publi\u00e9 le<\/p>\n<p>            29 ao\u00fbt 2025 \u00e0 7h12        <\/p>\n<p>La <strong>grande braderie<\/strong> de <a href=\"https:\/\/actu.fr\/toulouse\/\" target=\"_blank\" rel=\"noopener\">Toulouse<\/a> est de retour pour sa <strong>13e \u00e9dition<\/strong> ces jeudi 4, vendredi 5 et samedi 6 septembre 2025. Trois jours de shopping avec des rabais sur les \u00e9tals des commer\u00e7ants et d\u2019ambiance festive dans la ville. Mais se d\u00e9placer s\u2019annonce quelque peu compliqu\u00e9 avec de nombreuses<strong> rues ferm\u00e9es<\/strong>\u2009: voici lesquelles.<\/p>\n<p>Trois journ\u00e9es festives<\/p>\n<p class=\" wall-content\">Les Toulousains connaissent bien la grande braderie depuis 13\u00a0ann\u00e9es d\u00e9j\u00e0. Des journ\u00e9es plac\u00e9es sous le signe du <strong>shopping<\/strong>, des <strong>prix attractifs<\/strong> et surtout du dynamisme de la ville. Comme nous vous en parlions<a href=\"https:\/\/actu.fr\/occitanie\/toulouse_31555\/la-grande-braderie-revient-a-toulouse-pour-sa-13e-edition-ce-qui-est-prevu_63072979.html\" target=\"_blank\" rel=\"noopener\"> dans un pr\u00e9c\u00e9dent article<\/a>, de nombreuses activit\u00e9s sont pr\u00e9vues cette ann\u00e9e, pour petits et grands.<\/p>\n<p class=\" wall-content\">De l\u2019ambiance musicale, aux ateliers pour les enfants en passant par des stands de tatouages \u00e9ph\u00e9m\u00e8res et maquillage\u2026 Il y en aura pour tous les go\u00fbts.<\/p>\n<p>Des rues bloqu\u00e9es<\/p>\n<p class=\" wall-content\">Mais un tel \u00e9v\u00e9nement \u00e0 travers les rues de la Ville ne se fait pas sans une certaine organisation, d\u2019autant que\u00a0plusieurs <strong>rues<\/strong> sont pour l\u2019occasion totalement <strong>ferm\u00e9es aux voitures<\/strong>. L\u2019id\u00e9e \u00e9tant que les Toulousains en qu\u00eate de bonnes affaires puissent faire leurs emplettes tranquillement.<\/p>\n<p class=\" wall-content\"><strong>La circulation sera ainsi interdite aux v\u00e9hicules \u00e0 moteur les 4,5 et 6 septembre de 11h \u00e0 19h30\u2009sur els art\u00e8res suivantes :<\/strong><\/p>\n<p class=\" wall-content\">RUE DE BAYARD (section comprise entre le boulevard de Strasbourg et la rue d\u2019Alsace-Lorraine),<br \/>PLACE VICTOR HUGO (section comprise entre la rue du Rempart Matabiau et la rue du Rempart Villeneuve et section comprise entre la rue Victor Hugo et la rue du Rempart Villeneuve),<br \/>RUE LAFAYETTE,<br \/>RUE LAPEYROUSE,<br \/>RUE SAINT-ANTOINE DU T,<br \/>RUE FONVIELLE (section comprise entre la rue M\u00e9riel et la rue Saint-Antoine du T),<br \/>RUE SAINT-J\u00c9R\u00d4ME, RUE PAUL VIDAL (section comprise entre le n\u00b02 et le n\u00b011),<br \/>RUE FOURTANIER,<br \/>RUE MALARET (section comprise entre la rue des Chemin\u00e9es et la rue de Metz),<br \/>RUE DE METZ (section comprise entre la rue Malaret et la rue d\u2019Alsace-Lorraine),<br \/>RUE BOULBONNE,<br \/>RUE CROIX BARAGNON,<br \/>RUE TOLOSANE,<br \/>RUE BOUQUI\u00c8RES,<br \/>RUE DU CANARD,<br \/>RUE MALETACHE,<br \/>RUE DES FILATIERS (section comprise entre la place de la\u00a0Trinit\u00e9 et la rue Maletache),<br \/>RUE DE LA\u00a0TRINIT\u00c9,<br \/>RUE DES CHANGES (section comprise entre la rue des Changes et la place de la\u00a0Trinit\u00e9),<br \/>RUE DES MARCHANDS,<br \/>RUE DU COQ D\u2019INDE,<br \/>RUE JOUXT AIGUES,<br \/>RUE DES FILATIERS,<br \/>RUE D\u2019ALSACE-LORRAINE (section comprise entre la place Esquirol et le boulevard de Strasbourg),<br \/>RUE DES TOURNEURS (section comprise entre la place Esquirol et la rue Peyras),<br \/>RUE DES CHANGES (section comprise entre la place Esquirol et la rue Peyras),<br \/>RUE DE LA BOURSE,<br \/>RUE PEYROLI\u00c8RES (section comprise entre la rue de l\u2019\u00c9charpe et la rue Gambetta),<br \/>RUE DE LA DAURADE,<br \/>RUE SAINTE-URSULE,<br \/>RUE DES GESTES,<br \/>RUE GAMBETTA (section comprise entre la rue Mirepoix et la place du Capitole),<br \/>RUE MIREPOIX,<br \/>RUE DES JACOBINS,<br \/>RUE PARGAMINI\u00c8RES (section comprise entre la rue Lakanal et la rue Deville),<br \/>RUE DEVILLE (section comprise entre la rue du Coll\u00e8ge de Foix et la rue Pargamini\u00e8res),<br \/>RUE DES LOIS (section comprise entre la rue du Coll\u00e8ge de Foix et la place du Capitole),<br \/>RUE DU TAUR (section comprise entre la rue Montoyol et la place du Capitole),<br \/>RUE DE R\u00c9MUSAT,<br \/>RUE DU SAL\u00c9 ET TOUTES VOIES FAISANT PARTIE DE CE P\u00c9RIM\u00c8TRE<\/p>\n<p class=\" wall-content\"><strong>Le stationnement sera interdit du jeudi 4 \u00e0 minuit au samedi 6 \u00e0 23h59 \u2009:<\/strong><\/p>\n<p class=\" wall-content\">RUE CUJAS (section comprise entre le n\u00b01 et le n\u00b03),<br \/>RUE SAINTE-URSULE (section comprise entre le n\u00b015 et le n\u00b023),<br \/>RUE MIREPOIX,<br \/>RUE RIVALS (c\u00f4t\u00e9 place Victor Hugo),<br \/>RUE GAMBETTA (section comprise entre le n\u00b01bis et le n\u00b03),<br \/>RUE D\u2019ASTORG (section comprise entre le n\u00b024 et le n\u00b030),<br \/>RUE CROIX BARAGNON,<br \/>RUE M\u00c9RIEL,<br \/>RUE BOUQUI\u00c8RES,<br \/>PLACE MAGE,<br \/>RUE DU REMPART VILLENEUVE,<br \/>RUE KENNEDY,<br \/>RUE PAUL VIDAL,<br \/>RUE LAKANAL (section comprise entre le n\u00b015 et le n\u00b017) y compris les emplacements livraisons de ces rues.<\/p>\n<p>Stationnement et acc\u00e8s autoris\u00e9s aux contr\u00f4les d\u2019acc\u00e8s aux v\u00e9hicules \u00e0 moteurs de 8h \u00e0 22h pour les organisateurs\u2009:<\/p>\n<p class=\" wall-content\">PLACE DE LA\u00a0TRINIT\u00c9,<br \/>PLACE SAINT-GEORGES,<br \/>RUE D\u2019ALSACE-LORRAINE (face au magasin Zara),<br \/>RUE DE METZ (devant le mus\u00e9e des Augustins)<\/p>\n<p>Votre r\u00e9gion, votre actu !<\/p>\n<p>Recevez chaque jour les infos qui comptent pour vous.<\/p>\n<p>\t<a href=\"https:\/\/actu.fr\/newsletter\" class=\"ac-btn ac-btn--corner ac-btn--medium ac-btn--blue800\" target=\"_blank\" rel=\"noopener\">S&rsquo;incrire<\/a><\/p>\n<p class=\" wall-content\">Personnalisez votre actualit\u00e9 en ajoutant vos villes et m\u00e9dias en favori avec <a href=\"https:\/\/moncompte.actu.fr\" title=\"D\u00e9couvez Mon Actu\" rel=\"nofollow noopener\" data-trk=\"{&quot;cta&quot;:{&quot;action&quot;:&quot;https:\\\/\\\/moncompte.actu.fr&quot;,&quot;category&quot;:&quot;mon compte&quot;,&quot;from&quot;:&quot;article footer&quot;,&quot;name&quot;:&quot;Mon actu&quot;,&quot;type&quot;:&quot;cta&quot;}}\" target=\"_blank\">Mon Actu<\/a>.<\/p>\n","protected":false},"excerpt":{"rendered":"Par L\u00e9a Afonso Publi\u00e9 le 29 ao\u00fbt 2025 \u00e0 7h12 La grande braderie de Toulouse est de retour&hellip;\n","protected":false},"author":2,"featured_media":351473,"comment_status":"","ping_status":"","sticky":false,"template":"","format":"standard","meta":{"footnotes":""},"categories":[2816],"tags":[1111,11,215,1777,674,1011,27,1652,12,2680,25,1341,2312],"class_list":{"0":"post-351472","1":"post","2":"type-post","3":"status-publish","4":"format-standard","5":"has-post-thumbnail","7":"category-toulouse","8":"tag-actu","9":"tag-actualites","10":"tag-commerce","11":"tag-eu","12":"tag-europe","13":"tag-fr","14":"tag-france","15":"tag-loisirs-culture","16":"tag-news","17":"tag-occitanie","18":"tag-republique-francaise","19":"tag-sortir-a-toulouse","20":"tag-toulouse"},"share_on_mastodon":{"url":"","error":""},"_links":{"self":[{"href":"https:\/\/www.europesays.com\/fr\/wp-json\/wp\/v2\/posts\/351472","targetHints":{"allow":["GET"]}}],"collection":[{"href":"https:\/\/www.europesays.com\/fr\/wp-json\/wp\/v2\/posts"}],"about":[{"href":"https:\/\/www.europesays.com\/fr\/wp-json\/wp\/v2\/types\/post"}],"author":[{"embeddable":true,"href":"https:\/\/www.europesays.com\/fr\/wp-json\/wp\/v2\/users\/2"}],"replies":[{"embeddable":true,"href":"https:\/\/www.europesays.com\/fr\/wp-json\/wp\/v2\/comments?post=351472"}],"version-history":[{"count":0,"href":"https:\/\/www.europesays.com\/fr\/wp-json\/wp\/v2\/posts\/351472\/revisions"}],"wp:featuredmedia":[{"embeddable":true,"href":"https:\/\/www.europesays.com\/fr\/wp-json\/wp\/v2\/media\/351473"}],"wp:attachment":[{"href":"https:\/\/www.europesays.com\/fr\/wp-json\/wp\/v2\/media?parent=351472"}],"wp:term":[{"taxonomy":"category","embeddable":true,"href":"https:\/\/www.europesays.com\/fr\/wp-json\/wp\/v2\/categories?post=351472"},{"taxonomy":"post_tag","embeddable":true,"href":"https:\/\/www.europesays.com\/fr\/wp-json\/wp\/v2\/tags?post=351472"}],"curies":[{"name":"wp","href":"https:\/\/api.w.org\/{rel}","templated":true}]}}