{"id":351474,"date":"2025-08-29T05:26:24","date_gmt":"2025-08-29T05:26:24","guid":{"rendered":"https:\/\/www.europesays.com\/fr\/351474\/"},"modified":"2025-08-29T05:26:24","modified_gmt":"2025-08-29T05:26:24","slug":"le-prefet-met-en-garde-sur-ce-phenomene-dangereux-et-alerte-les-baigneurs","status":"publish","type":"post","link":"https:\/\/www.europesays.com\/fr\/351474\/","title":{"rendered":"le pr\u00e9fet met en garde sur ce ph\u00e9nom\u00e8ne \u00ab\u00a0dangereux\u00a0\u00bb et alerte les baigneurs"},"content":{"rendered":"<p>            Par<br \/>\n        <strong><br \/>\n            <a href=\"https:\/\/actu.fr\/auteur\/fabien-binacchi\" title=\"Consulter tous les articles de Fabien Binacchi\" target=\"_blank\" rel=\"noopener\">Fabien Binacchi<\/a><br \/>\n        <\/strong><\/p>\n<p>        Publi\u00e9 le<\/p>\n<p>            29 ao\u00fbt 2025 \u00e0 6h08        <\/p>\n<p>Si le ciel se d\u00e9gage ce vendredi 29\u00a0ao\u00fbt dans le d\u00e9partement des <a href=\"https:\/\/actu.fr\/provence-alpes-cote-d-azur\/alpes-maritimes_06\" target=\"_blank\" rel=\"noopener\">Alpes-Maritimes<\/a>, c\u2019est un autre <a href=\"https:\/\/actu.fr\/meteo\/\" target=\"_blank\" rel=\"noopener\">ph\u00e9nom\u00e8ne m\u00e9t\u00e9o<\/a> qui inqui\u00e8te les autorit\u00e9s. La pr\u00e9fecture met en garde contre <strong>la \u00ab\u2009forte houle\u2009\u00bb et les \u00ab\u2009vagues dangereuses\u2009\u00bb<\/strong> qui devraient arroser le littoral dans la journ\u00e9e.<\/p>\n<p class=\" wall-content\">La baignade est tr\u00e8s fortement d\u00e9conseill\u00e9e.<\/p>\n<p>Entre Antibes et Menton<\/p>\n<p class=\" wall-content\">Une tr\u00e8s large portion des c\u00f4tes azur\u00e9ennes, \u00ab\u2009entre le Cap d\u2019Antibes et Menton\u2009\u00bb est concern\u00e9e. \u00ab\u2009Un ph\u00e9nom\u00e8ne de forte houle et de vagues dangereuses est attendu\u2009\u00bb, annonce le pr\u00e9fet des Alpes-Maritimes, dans un post sur <a href=\"https:\/\/actu.fr\/tag\/reseaux-sociaux\" target=\"_blank\" rel=\"noopener\">les r\u00e9seaux sociaux<\/a>.<\/p>\n<p class=\" wall-content\">L\u2019alerte est <strong>en vigueur de 12h \u00e0 21h<\/strong> ce vendredi 29\u00a0ao\u00fbt.<\/p>\n<p>\u00ab\u2009Respecter les indications des postes de secours\u2009\u00bb<\/p>\n<p class=\" wall-content\">En cons\u00e9quence, <strong>\u00ab\u2009la baignade est fortement d\u00e9conseill\u00e9e en raison des risques\u2009\u00bb<\/strong> encourus, \u00e9crit encore le repr\u00e9sentant de l\u2019\u00c9tat. Il appelle ceux qui fr\u00e9quenteront tout de m\u00eame les plages cibl\u00e9es \u00e0 \u00ab\u2009respecter les indications des postes de secours\u2009\u00bb.<\/p>\n<p class=\" wall-content\">\n<p class=\" wall-content\">Et ce sera tentant, malgr\u00e9 tout. Apr\u00e8s des journ\u00e9es maussades, le soleil est de retour, au moins jusqu\u2019\u00e0 dimanche soir. Les maximales oscilleront <strong>entre 24\u00b0C et 27\u00b0C<\/strong> sur le littoral.<\/p>\n<p class=\" wall-content\">Personnalisez votre actualit\u00e9 en ajoutant vos villes et m\u00e9dias en favori avec <a href=\"https:\/\/moncompte.actu.fr\" title=\"D\u00e9couvez Mon Actu\" rel=\"nofollow noopener\" data-trk=\"{&quot;cta&quot;:{&quot;action&quot;:&quot;https:\\\/\\\/moncompte.actu.fr&quot;,&quot;category&quot;:&quot;mon compte&quot;,&quot;from&quot;:&quot;article footer&quot;,&quot;name&quot;:&quot;Mon actu&quot;,&quot;type&quot;:&quot;cta&quot;}}\" target=\"_blank\">Mon Actu<\/a>.<\/p>\n","protected":false},"excerpt":{"rendered":"Par Fabien Binacchi Publi\u00e9 le 29 ao\u00fbt 2025 \u00e0 6h08 Si le ciel se d\u00e9gage ce vendredi 29\u00a0ao\u00fbt&hellip;\n","protected":false},"author":2,"featured_media":351475,"comment_status":"","ping_status":"","sticky":false,"template":"","format":"standard","meta":{"footnotes":""},"categories":[2819],"tags":[1111,11,1777,674,1011,27,2487,2357,12,2401,8302,882,25],"class_list":{"0":"post-351474","1":"post","2":"type-post","3":"status-publish","4":"format-standard","5":"has-post-thumbnail","7":"category-nice","8":"tag-actu","9":"tag-actualites","10":"tag-eu","11":"tag-europe","12":"tag-fr","13":"tag-france","14":"tag-meteo","15":"tag-meteo-france","16":"tag-news","17":"tag-nice","18":"tag-plages","19":"tag-provence-alpes-cote-dazur","20":"tag-republique-francaise"},"share_on_mastodon":{"url":"https:\/\/pubeurope.com\/@fr\/115110398150719068","error":""},"_links":{"self":[{"href":"https:\/\/www.europesays.com\/fr\/wp-json\/wp\/v2\/posts\/351474","targetHints":{"allow":["GET"]}}],"collection":[{"href":"https:\/\/www.europesays.com\/fr\/wp-json\/wp\/v2\/posts"}],"about":[{"href":"https:\/\/www.europesays.com\/fr\/wp-json\/wp\/v2\/types\/post"}],"author":[{"embeddable":true,"href":"https:\/\/www.europesays.com\/fr\/wp-json\/wp\/v2\/users\/2"}],"replies":[{"embeddable":true,"href":"https:\/\/www.europesays.com\/fr\/wp-json\/wp\/v2\/comments?post=351474"}],"version-history":[{"count":0,"href":"https:\/\/www.europesays.com\/fr\/wp-json\/wp\/v2\/posts\/351474\/revisions"}],"wp:featuredmedia":[{"embeddable":true,"href":"https:\/\/www.europesays.com\/fr\/wp-json\/wp\/v2\/media\/351475"}],"wp:attachment":[{"href":"https:\/\/www.europesays.com\/fr\/wp-json\/wp\/v2\/media?parent=351474"}],"wp:term":[{"taxonomy":"category","embeddable":true,"href":"https:\/\/www.europesays.com\/fr\/wp-json\/wp\/v2\/categories?post=351474"},{"taxonomy":"post_tag","embeddable":true,"href":"https:\/\/www.europesays.com\/fr\/wp-json\/wp\/v2\/tags?post=351474"}],"curies":[{"name":"wp","href":"https:\/\/api.w.org\/{rel}","templated":true}]}}