{"id":351478,"date":"2025-08-29T05:29:09","date_gmt":"2025-08-29T05:29:09","guid":{"rendered":"https:\/\/www.europesays.com\/fr\/351478\/"},"modified":"2025-08-29T05:29:09","modified_gmt":"2025-08-29T05:29:09","slug":"paris-lille-lyon-montpellier-huit-mairies-suppriment-le-thon-des-menus-des-cantines-a-cause-de-la-presence-de-mercure","status":"publish","type":"post","link":"https:\/\/www.europesays.com\/fr\/351478\/","title":{"rendered":"Paris, Lille, Lyon, Montpellier&#8230; Huit mairies suppriment le thon des menus des cantines, \u00e0 cause de la pr\u00e9sence de mercure"},"content":{"rendered":"<p>Paris, Lille, Lyon, Montpellier&#8230; Huit mairies suppriment le thon des menus des cantines, \u00e0 cause de la pr\u00e9sence de mercureSur le m\u00eame sujet<a href=\"https:\/\/rmc.bfmtv.com\/conso\/video-paris-lille-lyon-montpellier-huit-mairies-suppriment-le-thon-des-menus-des-cantines-a-cause-de-la-presence-de-mercure_VN-202508290172.html\" title=\"Paris, Lille, Lyon, Montpellier... Huit mairies suppriment le thon des menus des cantines, \u00e0 cause de la pr\u00e9sence de mercure\" rel=\"nofollow noopener\" target=\"_blank\"><img width=\"16\" height=\"9\" class=\"lozad\"  alt=\"Paris, Lille, Lyon, Montpellier... Huit mairies suppriment le thon des menus des cantines, \u00e0 cause de la pr\u00e9sence de mercure\"\/>en lectureParis, Lille, Lyon, Montpellier&#8230; Huit mairies suppriment le thon des menus des cantines, \u00e0 cause de la pr\u00e9sence de mercure<\/a><a href=\"https:\/\/rmc.bfmtv.com\/conso\/video-lidl-et-aldi-relancent-la-baguette-a-29-centimes-soit-trois-fois-moins-chere-qu-en-boulangerie_VN-202508290095.html\" title=\"Lidl et Aldi relancent la baguette \u00e0 29 centimes, soit trois fois moins ch\u00e8re qu&#039;en boulangerie\" rel=\"nofollow noopener\" target=\"_blank\"><img width=\"16\" height=\"9\" class=\"lozad\"  alt=\"Lidl et Aldi relancent la baguette \u00e0 29 centimes, soit trois fois moins ch\u00e8re qu'en boulangerie\"\/>1:29Lidl et Aldi relancent la baguette \u00e0 29 centimes, soit trois fois moins ch\u00e8re qu&rsquo;en boulangerie<\/a><a href=\"https:\/\/rmc.bfmtv.com\/replay-emissions\/estelle-midi\/video-on-n-arrete-pas-le-progres-des-innovations-pour-lutter-contre-l-alcool-au-volant-28-08_VN-202508280457.html\" title=\"On n&#039;arr\u00eate pas le progr\u00e8s : Des innovations pour lutter contre l&#039;alcool au volant - 28\/08\" rel=\"nofollow noopener\" target=\"_blank\"><img width=\"16\" height=\"9\" class=\"lozad\"  alt=\"On n'arr\u00eate pas le progr\u00e8s : Des innovations pour lutter contre l'alcool au volant - 28\/08\"\/>4:51On n&rsquo;arr\u00eate pas le progr\u00e8s : Des innovations pour lutter contre l&rsquo;alcool au volant &#8211; 28\/08<\/a><a href=\"https:\/\/rmc.bfmtv.com\/conso\/video-pourquoi-il-n-y-aura-bientot-plus-de-coiffe-sur-les-bouteilles-de-champagne_VN-202508280155.html\" title=\"Pourquoi il n&#039;y aura bient\u00f4t plus de &quot;coiffe&quot; sur les bouteilles de champagne \" rel=\"nofollow noopener\" target=\"_blank\"><img width=\"16\" height=\"9\" class=\"lozad\"  alt=\"Pourquoi il n'y aura bient\u00f4t plus de &quot;coiffe&quot; sur les bouteilles de champagne \"\/>1:27Pourquoi il n&rsquo;y aura bient\u00f4t plus de \u00ab\u00a0coiffe\u00a0\u00bb sur les bouteilles de champagne<\/a><a href=\"https:\/\/rmc.bfmtv.com\/conso\/video-a-cause-des-fortes-chaleurs-et-des-maladies-ovines-la-france-pourrait-elle-faire-face-a-une-penurie-de-beurre_VN-202508270088.html\" title=\"\u00c0 cause des fortes chaleurs et des maladies ovines, la France pourrait-elle faire face \u00e0 une p\u00e9nurie de beurre?\" rel=\"nofollow noopener\" target=\"_blank\"><img width=\"16\" height=\"9\" class=\"lozad\"  alt=\"\u00c0 cause des fortes chaleurs et des maladies ovines, la France pourrait-elle faire face \u00e0 une p\u00e9nurie de beurre?\"\/>1:31\u00c0 cause des fortes chaleurs et des maladies ovines, la France pourrait-elle faire face \u00e0 une p\u00e9nurie de beurre?<\/a><a href=\"https:\/\/rmc.bfmtv.com\/conso\/video-la-solution-conso-vacances-quels-dedommagements-en-cas-de-galeres_VN-202508250196.html\" title=\"LA SOLUTION CONSO - Vacances : quels d\u00e9dommagements en cas de gal\u00e8res ?\" rel=\"nofollow noopener\" target=\"_blank\"><img width=\"16\" height=\"9\" class=\"lozad\"  alt=\"LA SOLUTION CONSO - Vacances : quels d\u00e9dommagements en cas de gal\u00e8res ?\"\/>2:40LA SOLUTION CONSO &#8211; Vacances : quels d\u00e9dommagements en cas de gal\u00e8res ?<\/a><a href=\"https:\/\/rmc.bfmtv.com\/conso\/video-fromages-contamines-a-la-listeria-je-travaille-avec-la-laiterie-de-verneuil-temoigne-cette-productrice-de-lait_VN-202508220382.html\" title=\"Fromages contamin\u00e9s \u00e0 la listeria : &quot;Je travaille avec la laiterie de Verneuil&quot;, t\u00e9moigne cette productrice de lait\" rel=\"nofollow noopener\" target=\"_blank\"><img width=\"16\" height=\"9\" class=\"lozad\"  alt=\"Fromages contamin\u00e9s \u00e0 la listeria : &quot;Je travaille avec la laiterie de Verneuil&quot;, t\u00e9moigne cette productrice de lait\"\/>2:53Fromages contamin\u00e9s \u00e0 la listeria : \u00ab\u00a0Je travaille avec la laiterie de Verneuil\u00a0\u00bb, t\u00e9moigne cette productrice de lait<\/a><a href=\"https:\/\/rmc.bfmtv.com\/conso\/video-la-solution-conso-de-retour-de-vacances-attention-aux-arnaques-sur-l-autoroute_VN-202508180213.html\" title=\"La solution conso - De retour de vacances, attention aux arnaques sur l&#039;autoroute\" rel=\"nofollow noopener\" target=\"_blank\"><img width=\"16\" height=\"9\" class=\"lozad\"  alt=\"La solution conso - De retour de vacances, attention aux arnaques sur l'autoroute\"\/>3:27La solution conso &#8211; De retour de vacances, attention aux arnaques sur l&rsquo;autoroute<\/a><a href=\"https:\/\/rmc.bfmtv.com\/conso\/video-la-solution-conso-partir-en-vacances-apres-le-15-aout-un-vrai-bon-plan_VN-202508150134.html\" title=\"La solution conso : partir en vacances apr\u00e8s le 15 ao\u00fbt, un vrai bon plan ?\" rel=\"nofollow noopener\" target=\"_blank\"><img width=\"16\" height=\"9\" class=\"lozad\"  alt=\"La solution conso : partir en vacances apr\u00e8s le 15 ao\u00fbt, un vrai bon plan ?\"\/>1:48La solution conso : partir en vacances apr\u00e8s le 15 ao\u00fbt, un vrai bon plan ?<\/a><a href=\"https:\/\/rmc.bfmtv.com\/replay-emissions\/apolline-matin\/video-l-humeur-de-victor-payer-plus-cher-pour-enlever-des-ingredients-d-une-pizza-14-08_VN-202508140130.html\" title=\"L&#039;humeur de Victor : Payer plus cher pour enlever des ingr\u00e9dients d&#039;une pizza - 14\/08\" rel=\"nofollow noopener\" target=\"_blank\"><img width=\"16\" height=\"9\" class=\"lozad\"  alt=\"L'humeur de Victor : Payer plus cher pour enlever des ingr\u00e9dients d'une pizza - 14\/08\"\/>1:50L&rsquo;humeur de Victor : Payer plus cher pour enlever des ingr\u00e9dients d&rsquo;une pizza &#8211; 14\/08<\/a><a href=\"https:\/\/rmc.bfmtv.com\/replay-emissions\/apolline-matin\/video-3-questions-pour-comprendre-21-cas-de-listeriose-dont-deux-mortels-en-france-13-08_VN-202508130093.html\" title=\"3 questions pour comprendre : 21 cas de list\u00e9riose, dont deux mortels en France - 13\/08\" rel=\"nofollow noopener\" target=\"_blank\"><img width=\"16\" height=\"9\" class=\"lozad\"  alt=\"3 questions pour comprendre : 21 cas de list\u00e9riose, dont deux mortels en France - 13\/08\"\/>4:313 questions pour comprendre : 21 cas de list\u00e9riose, dont deux mortels en France &#8211; 13\/08<\/a><a href=\"https:\/\/rmc.bfmtv.com\/replay-emissions\/apolline-matin\/video-3-questions-pour-comprendre-la-centrale-nucleaire-de-gravelines-face-aux-meduses-12-08_VN-202508120079.html\" title=\"3 questions pour comprendre : La centrale nucl\u00e9aire de Gravelines face aux m\u00e9duses - 12\/08\" rel=\"nofollow noopener\" target=\"_blank\"><img width=\"16\" height=\"9\" class=\"lozad\"  alt=\"3 questions pour comprendre : La centrale nucl\u00e9aire de Gravelines face aux m\u00e9duses - 12\/08\"\/>6:223 questions pour comprendre : La centrale nucl\u00e9aire de Gravelines face aux m\u00e9duses &#8211; 12\/08<\/a><a href=\"https:\/\/rmc.bfmtv.com\/conso\/video-robotaxis-en-europe-la-course-est-lancee_VN-202508060094.html\" title=\"Robotaxis en Europe : la course est lanc\u00e9e\" rel=\"nofollow noopener\" target=\"_blank\"><img width=\"16\" height=\"9\" class=\"lozad\"  alt=\"Robotaxis en Europe : la course est lanc\u00e9e\"\/>3:37Robotaxis en Europe : la course est lanc\u00e9e<\/a><a href=\"https:\/\/rmc.bfmtv.com\/conso\/video-le-cheque-energie-pourrait-il-disparaitre_VN-202508050047.html\" title=\"Le ch\u00e8que \u00e9nergie pourrait-il dispara\u00eetre ?\" rel=\"nofollow noopener\" target=\"_blank\"><img width=\"16\" height=\"9\" class=\"lozad\"  alt=\"Le ch\u00e8que \u00e9nergie pourrait-il dispara\u00eetre ?\"\/>1:25Le ch\u00e8que \u00e9nergie pourrait-il dispara\u00eetre ?<\/a><a class=\"jumpToVideo\" target=\"_blank\"><img class=\"thumbnailPreview\"\/><\/a><\/p>\n","protected":false},"excerpt":{"rendered":"Paris, Lille, Lyon, Montpellier&#8230; Huit mairies suppriment le thon des menus des cantines, \u00e0 cause de la pr\u00e9sence&hellip;\n","protected":false},"author":2,"featured_media":351479,"comment_status":"","ping_status":"","sticky":false,"template":"","format":"standard","meta":{"footnotes":""},"categories":[2815],"tags":[1111,11,1777,674,1011,27,811,1307,12,25],"class_list":{"0":"post-351478","1":"post","2":"type-post","3":"status-publish","4":"format-standard","5":"has-post-thumbnail","7":"category-lille","8":"tag-actu","9":"tag-actualites","10":"tag-eu","11":"tag-europe","12":"tag-fr","13":"tag-france","14":"tag-hauts-de-france","15":"tag-lille","16":"tag-news","17":"tag-republique-francaise"},"share_on_mastodon":{"url":"https:\/\/pubeurope.com\/@fr\/115110409921186351","error":""},"_links":{"self":[{"href":"https:\/\/www.europesays.com\/fr\/wp-json\/wp\/v2\/posts\/351478","targetHints":{"allow":["GET"]}}],"collection":[{"href":"https:\/\/www.europesays.com\/fr\/wp-json\/wp\/v2\/posts"}],"about":[{"href":"https:\/\/www.europesays.com\/fr\/wp-json\/wp\/v2\/types\/post"}],"author":[{"embeddable":true,"href":"https:\/\/www.europesays.com\/fr\/wp-json\/wp\/v2\/users\/2"}],"replies":[{"embeddable":true,"href":"https:\/\/www.europesays.com\/fr\/wp-json\/wp\/v2\/comments?post=351478"}],"version-history":[{"count":0,"href":"https:\/\/www.europesays.com\/fr\/wp-json\/wp\/v2\/posts\/351478\/revisions"}],"wp:featuredmedia":[{"embeddable":true,"href":"https:\/\/www.europesays.com\/fr\/wp-json\/wp\/v2\/media\/351479"}],"wp:attachment":[{"href":"https:\/\/www.europesays.com\/fr\/wp-json\/wp\/v2\/media?parent=351478"}],"wp:term":[{"taxonomy":"category","embeddable":true,"href":"https:\/\/www.europesays.com\/fr\/wp-json\/wp\/v2\/categories?post=351478"},{"taxonomy":"post_tag","embeddable":true,"href":"https:\/\/www.europesays.com\/fr\/wp-json\/wp\/v2\/tags?post=351478"}],"curies":[{"name":"wp","href":"https:\/\/api.w.org\/{rel}","templated":true}]}}