{"id":351482,"date":"2025-08-29T05:32:09","date_gmt":"2025-08-29T05:32:09","guid":{"rendered":"https:\/\/www.europesays.com\/fr\/351482\/"},"modified":"2025-08-29T05:32:09","modified_gmt":"2025-08-29T05:32:09","slug":"fraicheur-et-averses-ce-vendredi-a-lyon","status":"publish","type":"post","link":"https:\/\/www.europesays.com\/fr\/351482\/","title":{"rendered":"fra\u00eecheur et averses ce vendredi \u00e0 Lyon"},"content":{"rendered":"<p class=\"content\" style=\"font-size:1.2em;font-weight:700\">Les temp\u00e9ratures resteront fra\u00eeches ce vendredi \u00e0 Lyon o\u00f9 des averses sont attendues.<\/p>\n<p>Les temp\u00e9ratures poursuivent leur baisse ce vendredi \u00e0 Lyon. Ce matin, le mercure n&rsquo;affiche qu&rsquo;environ 14\u00b0C sous un ciel nuageux. Dans l&rsquo;apr\u00e8s-midi, la m\u00e9t\u00e9o va se g\u00e2ter. <\/p>\n<p>Le thermom\u00e8tre n&rsquo;atteindra que 22\u00b0C, soit 4\u00b0C de moins que les normales de saison. Des pluies faibles sont par ailleurs attendues. Elles se transformeront en averses en soir\u00e9e o\u00f9 le mercure redescendra jusqu&rsquo;\u00e0 14\u00b0C. <\/p>\n<p>Un vent de sud devrait souffler avec des rafales pouvant atteindre jusqu&rsquo;\u00e0 50 km\/h. <\/p>\n","protected":false},"excerpt":{"rendered":"Les temp\u00e9ratures resteront fra\u00eeches ce vendredi \u00e0 Lyon o\u00f9 des averses sont attendues. Les temp\u00e9ratures poursuivent leur baisse&hellip;\n","protected":false},"author":2,"featured_media":150656,"comment_status":"","ping_status":"","sticky":false,"template":"","format":"standard","meta":{"footnotes":""},"categories":[1889],"tags":[1111,11,2430,1777,674,1011,27,2428,12,25],"class_list":{"0":"post-351482","1":"post","2":"type-post","3":"status-publish","4":"format-standard","5":"has-post-thumbnail","7":"category-lyon","8":"tag-actu","9":"tag-actualites","10":"tag-auvergne-rhone-alpes","11":"tag-eu","12":"tag-europe","13":"tag-fr","14":"tag-france","15":"tag-lyon","16":"tag-news","17":"tag-republique-francaise"},"share_on_mastodon":{"url":"https:\/\/pubeurope.com\/@fr\/115110421799238250","error":""},"_links":{"self":[{"href":"https:\/\/www.europesays.com\/fr\/wp-json\/wp\/v2\/posts\/351482","targetHints":{"allow":["GET"]}}],"collection":[{"href":"https:\/\/www.europesays.com\/fr\/wp-json\/wp\/v2\/posts"}],"about":[{"href":"https:\/\/www.europesays.com\/fr\/wp-json\/wp\/v2\/types\/post"}],"author":[{"embeddable":true,"href":"https:\/\/www.europesays.com\/fr\/wp-json\/wp\/v2\/users\/2"}],"replies":[{"embeddable":true,"href":"https:\/\/www.europesays.com\/fr\/wp-json\/wp\/v2\/comments?post=351482"}],"version-history":[{"count":0,"href":"https:\/\/www.europesays.com\/fr\/wp-json\/wp\/v2\/posts\/351482\/revisions"}],"wp:featuredmedia":[{"embeddable":true,"href":"https:\/\/www.europesays.com\/fr\/wp-json\/wp\/v2\/media\/150656"}],"wp:attachment":[{"href":"https:\/\/www.europesays.com\/fr\/wp-json\/wp\/v2\/media?parent=351482"}],"wp:term":[{"taxonomy":"category","embeddable":true,"href":"https:\/\/www.europesays.com\/fr\/wp-json\/wp\/v2\/categories?post=351482"},{"taxonomy":"post_tag","embeddable":true,"href":"https:\/\/www.europesays.com\/fr\/wp-json\/wp\/v2\/tags?post=351482"}],"curies":[{"name":"wp","href":"https:\/\/api.w.org\/{rel}","templated":true}]}}