{"id":351483,"date":"2025-08-29T05:33:11","date_gmt":"2025-08-29T05:33:11","guid":{"rendered":"https:\/\/www.europesays.com\/fr\/351483\/"},"modified":"2025-08-29T05:33:11","modified_gmt":"2025-08-29T05:33:11","slug":"la-nouvelle-ligne-de-bus-c200-desservira-laeroport-de-lyon-a-petit-prix-a-partir-du-1%e1%b5%89%ca%b3-septembre","status":"publish","type":"post","link":"https:\/\/www.europesays.com\/fr\/351483\/","title":{"rendered":"la nouvelle ligne de bus C200 desservira l&rsquo;a\u00e9roport de Lyon \u00e0 petit prix \u00e0 partir du 1\u1d49\u02b3 septembre"},"content":{"rendered":"<p class=\"article__intro\">Parmi les nouveaut\u00e9s attendues dans les transports en commun de Lyon, \u00e0 partir du 1\u1d49\u02b3 septembre 2025, une nouvelle ligne du r\u00e9seau TCL permettra de rejoindre l&rsquo;a\u00e9roport de Lyon et la gare TGV depuis Vaulx-en-Velin \u00e0 petit prix. Le C200, ligne forte de l&rsquo;est lyonnais, mettra la plateforme a\u00e9roportuaire \u00e0 40 min du terminus du m\u00e9tro A.<\/p>\n<p>\n      L\u2019actu des r\u00e9gions\n    <\/p>\n<p>\n      Chaque jour, un tour d\u2019horizon des principales infos de toutes les r\u00e9gions.\n    <\/p>\n<p>    France T\u00e9l\u00e9visions utilise votre adresse e-mail afin de vous envoyer la newsletter \u00ab\u00a0L\u2019actu des r\u00e9gions\u00a0\u00bb. Vous pouvez vous d\u00e9sinscrire \u00e0 tout moment via le lien en bas de cette newsletter. <a target=\"_blank\" href=\"https:\/\/www.francetelevisions.fr\/groupe\/confidentialite\/politique-de-confidentialite\/politique-de-confidentialite-de-france-televisions-6503\" rel=\"nofollow noopener\">Notre politique de confidentialit\u00e9<\/a><\/p>\n<p>La ligne de bus C200 du r\u00e9seau TCL permettra d\u00e8s la rentr\u00e9e de rejoindre l&rsquo;a\u00e9roport de Lyon Saint-Exup\u00e9ry depuis Vaulx-en-Velin La Soie moyennant le prix d&rsquo;un simple billet, soit un voyage \u00e0 2,10 euros (zones 1 et 2). <\/p>\n<p>Un tarif largement inf\u00e9rieur \u00e0 un aller simple en Rh\u00f4nexpress (16 euros).\u00a0<\/p>\n<p><a data-article-figure=\"\" href=\"https:\/\/france3-regions.franceinfo.fr\/image\/srlw8dDRKIeNQAtyP7dPfzJ7jhU\/1920x1080\/regions\/2025\/08\/28\/ftv-9732-00-00-01-04-68b0521e9364d101210514.jpg\" data-pswp-width=\"1920\" data-pswp-height=\"1080\" target=\"_blank\" rel=\"nofollow noopener\"><\/p>\n<p>          <img width=\"600\" height=\"400\" class=\"article-image lazy\" data-src=\"https:\/\/www.europesays.com\/fr\/wp-content\/uploads\/2025\/08\/ftv-9732-00-00-01-04-68b0521e9364d101210514.jpg\" alt=\"Transports en commun : les nouveaut\u00e9s de la rentr\u00e9e \u00e0 Lyon\" fetchpriority=\"high\" as=\"image\"\/><\/p>\n<p>\n            Transports en commun : les nouveaut\u00e9s de la rentr\u00e9e \u00e0 Lyon<br \/>\n                           \u2022<br \/>\n                                      \u00a9 France tv\n                      <\/p>\n<p><\/a><\/p>\n<p>Nouvelle liaison vers l&rsquo;a\u00e9roport<\/p>\n<p>Du nouveau pour les personnes souhaitant se rendre \u00e0 l&rsquo;a\u00e9roport. Dans l&rsquo;est lyonnais, <a href=\"https:\/\/www.tcl.fr\/adof-C200\" target=\"_blank\" rel=\"noopener nofollow\">la nouvelle ligne de bus C200 va relier Vaulx-en-Velin \u00e0 l&rsquo;a\u00e9roport Saint-Exup\u00e9ry <\/a>et \u00e0 la Gare TGV. Elle sera mise en service le 1\u1d49\u02b3 septembre, indique la M\u00e9tropole de Lyon. Elle fait partie des nouvelles liaisons cr\u00e9\u00e9es. \u00ab\u00a0Cette ligne majeure proposera une desserte renforc\u00e9e et rapide gr\u00e2ce \u00e0 des am\u00e9nagements d\u00e9di\u00e9s entre Vaulx-en-Velin La Soie et l&rsquo;a\u00e9roport Lyon Saint-Exup\u00e9ry, via les communes de D\u00e9cines-Charpieu, Chassieu et Genas\u00a0\u00bb, annonce la collectivit\u00e9.<\/p>\n<p>Entre Vaulx-en-Velin La Soie et le terminus partiel Genas Dormont, le C200 circulera de 4h50 \u00e0 minuit avec un bus toutes les 10 minutes en heure de pointe, toutes les 20 minutes en journ\u00e9e. Ce trajet entre La Soie et Genas, via Sept Chemins et Chassieu, s&rsquo;effectuera en 30 minutes.<\/p>\n<p><strong>Un bus sur trois permettra de rejoindre l&rsquo;a\u00e9roport en semaine<\/strong>, et <strong>un bus sur deux le week-end<\/strong>. Il faudra compter environ <strong>40 minutes au d\u00e9part de Vaulx-en-Velin La Soie<\/strong>. La ligne circulera de 5 h 35 \u00e0 minuit. Le trajet s&rsquo;\u00e9tend sur 17,5 km et propose une desserte compos\u00e9e de 18 stations. Cette offre est incluse dans<strong> l&rsquo;abonnement du r\u00e9seau unifi\u00e9 TCL<\/strong>.\u00a0 <\/p>\n<p>Cette nouvelle ligne C200 permettra de renforcer la desserte de la plateforme a\u00e9roportuaire Lyon Saint-Exup\u00e9ry, d\u00e9j\u00e0 accessible par <strong>le Rh\u00f4nexpress<\/strong>. La ligne de bus 47 est maintenue. Elle permet de relier l&rsquo;a\u00e9roport via Meyzieu et Saint-Laurent-de-Mure, via l&rsquo;a\u00e9roport et la gare TGV Lyon Saint-Exup\u00e9ry.<\/p>\n<p><a data-article-figure=\"\" href=\"https:\/\/france3-regions.franceinfo.fr\/image\/JNDdyTk_aFq-WfrwTGgjHB_mfIc\/1920x1080\/regions\/2025\/08\/28\/rhonexpress-00-00-34-03-68b0658cd43ff833287305.jpg\" data-pswp-width=\"1920\" data-pswp-height=\"1080\" target=\"_blank\" rel=\"nofollow noopener\"><\/p>\n<p>          <img width=\"600\" height=\"400\" class=\"article-image lazy\" data-src=\"https:\/\/www.europesays.com\/fr\/wp-content\/uploads\/2025\/08\/rhonexpress-00-00-34-03-68b0658cd43ff833287305.jpg\" alt=\"Rh\u00f4nexpress (Archives)\" fetchpriority=\"high\" as=\"image\"\/><\/p>\n<p>\n            Rh\u00f4nexpress (Archives)<br \/>\n                           \u2022<br \/>\n                                      \u00a9 France tv\n                      <\/p>\n<p><\/a><br \/>\nUn r\u00e9seau unifi\u00e9<\/p>\n<p>Ce n&rsquo;est pas la seule nouveaut\u00e9 de cette rentr\u00e9e 2025. \u00c0 partir du 1\u1d49\u02b3\u00a0septembre, les trois r\u00e9seaux de transports du Rh\u00f4ne et de la m\u00e9tropole (Cars du Rh\u00f4ne, Libellule et des Transports en commun lyonnais) pilot\u00e9s par Sytral Mobilit\u00e9s s\u2019unissent sous la\u00a0banni\u00e8re TCL.<\/p>\n<p>Le r\u00e9seau s&rsquo;\u00e9largit, permettant ainsi aux usagers de n\u2019utiliser qu\u2019<strong>un seul billet <\/strong>pour prendre le bus, le m\u00e9tro, le car ou le tramway.\u00a0L&rsquo;ensemble du territoire, couvert par <strong><a href=\"https:\/\/www.tcl.fr\/sites\/default\/files\/2025-08\/Guide%20du%20r%C3%A9seau%20TCL%20unifi%C3%A9%202025%20-%20web_0.pdf\" target=\"_blank\" rel=\"noopener nofollow\">ce r\u00e9seau unifi\u00e9, sera divis\u00e9 en <\/a><a href=\"https:\/\/www.tcl.fr\/sites\/default\/files\/2025-08\/Guide%20du%20r%C3%A9seau%20TCL%20unifi%C3%A9%202025%20-%20web_0.pdf\" target=\"_blank\" rel=\"noopener nofollow\">cinq zones tarifaires<\/a>. <\/strong> La mise en place du r\u00e9seau unifi\u00e9 des transports en commun s&rsquo;accompagne d\u2019une r\u00e9organisation des lignes et de la cr\u00e9ation de nouvelles lignes.<\/p>\n","protected":false},"excerpt":{"rendered":"Parmi les nouveaut\u00e9s attendues dans les transports en commun de Lyon, \u00e0 partir du 1\u1d49\u02b3 septembre 2025, une&hellip;\n","protected":false},"author":2,"featured_media":351484,"comment_status":"","ping_status":"","sticky":false,"template":"","format":"standard","meta":{"footnotes":""},"categories":[1889],"tags":[1111,11,2430,1777,674,1011,27,2428,12,25],"class_list":{"0":"post-351483","1":"post","2":"type-post","3":"status-publish","4":"format-standard","5":"has-post-thumbnail","7":"category-lyon","8":"tag-actu","9":"tag-actualites","10":"tag-auvergne-rhone-alpes","11":"tag-eu","12":"tag-europe","13":"tag-fr","14":"tag-france","15":"tag-lyon","16":"tag-news","17":"tag-republique-francaise"},"share_on_mastodon":{"url":"https:\/\/pubeurope.com\/@fr\/115110425593783982","error":""},"_links":{"self":[{"href":"https:\/\/www.europesays.com\/fr\/wp-json\/wp\/v2\/posts\/351483","targetHints":{"allow":["GET"]}}],"collection":[{"href":"https:\/\/www.europesays.com\/fr\/wp-json\/wp\/v2\/posts"}],"about":[{"href":"https:\/\/www.europesays.com\/fr\/wp-json\/wp\/v2\/types\/post"}],"author":[{"embeddable":true,"href":"https:\/\/www.europesays.com\/fr\/wp-json\/wp\/v2\/users\/2"}],"replies":[{"embeddable":true,"href":"https:\/\/www.europesays.com\/fr\/wp-json\/wp\/v2\/comments?post=351483"}],"version-history":[{"count":0,"href":"https:\/\/www.europesays.com\/fr\/wp-json\/wp\/v2\/posts\/351483\/revisions"}],"wp:featuredmedia":[{"embeddable":true,"href":"https:\/\/www.europesays.com\/fr\/wp-json\/wp\/v2\/media\/351484"}],"wp:attachment":[{"href":"https:\/\/www.europesays.com\/fr\/wp-json\/wp\/v2\/media?parent=351483"}],"wp:term":[{"taxonomy":"category","embeddable":true,"href":"https:\/\/www.europesays.com\/fr\/wp-json\/wp\/v2\/categories?post=351483"},{"taxonomy":"post_tag","embeddable":true,"href":"https:\/\/www.europesays.com\/fr\/wp-json\/wp\/v2\/tags?post=351483"}],"curies":[{"name":"wp","href":"https:\/\/api.w.org\/{rel}","templated":true}]}}