{"id":351487,"date":"2025-08-29T05:43:29","date_gmt":"2025-08-29T05:43:29","guid":{"rendered":"https:\/\/www.europesays.com\/fr\/351487\/"},"modified":"2025-08-29T05:43:29","modified_gmt":"2025-08-29T05:43:29","slug":"les-trains-entre-paris-et-lyon-fortement-perturbes-juste-avant-la-rentree-2","status":"publish","type":"post","link":"https:\/\/www.europesays.com\/fr\/351487\/","title":{"rendered":"Les trains entre Paris et Lyon fortement perturb\u00e9s juste avant la rentr\u00e9e"},"content":{"rendered":"<p class=\"mb-4 text-lg md:leading-8 break-words\">TRANSPORTS &#8211; Journ\u00e9e difficile \u00e0 la<a href=\"https:\/\/fr.news.yahoo.com\/attaque-au-couteau-%C3%A0-paris-080355829.html\" data-ylk=\"slk:Gare de Lyon;elm:context_link;itc:0;sec:content-canvas;outcm:mb_qualified_link;_E:mb_qualified_link;ct:story;\" class=\"link  yahoo-link\" target=\"_blank\" rel=\"noopener\"> Gare de Lyon <\/a>ce jeudi 28\u00a0ao\u00fbt. Un vol de c\u00e2bles a entra\u00een\u00e9 une forte perturbation depuis le d\u00e9but de journ\u00e9e sur <a href=\"https:\/\/fr.news.yahoo.com\/tgv-paris-lyon-ne-circulera-062003436.html\" data-ylk=\"slk:la ligne \u00e0 grande vitesse entre Paris et Lyon;elm:context_link;itc:0;sec:content-canvas;outcm:mb_qualified_link;_E:mb_qualified_link;ct:story;\" class=\"link  yahoo-link\" target=\"_blank\" rel=\"noopener\">la ligne \u00e0 grande vitesse entre Paris et Lyon<\/a> dans \u00ab\u00a0les deux sens de circulation\u00a0\u00bb, a indiqu\u00e9 la SNCF sur son site internet, alors que de nombreux voyageurs sont de retour de vacances \u00e0 l\u2019approche de la rentr\u00e9e.<\/p>\n<p class=\"mb-4 text-lg md:leading-8 break-words\">Le vol de ces c\u00e2bles \u00ab\u00a0engendre des pannes de signalisation\u00a0\u00bb, a pr\u00e9cis\u00e9 l\u2019entreprise ferroviaire. La SNCF indique aupr\u00e8s de Radio France que ces usurpations ont eu lieu dans le Creusot, en Sa\u00f4ne-et-Loire.<\/p>\n<p class=\"mb-4 text-lg md:leading-8 break-words\"><a href=\"https:\/\/fr.news.yahoo.com\/%C3%A0-lille-circulation-tgv-fortement-073120063.html\" data-ylk=\"slk:\u00c0 Lille, la circulation des TGV \u00ab\u00a0fortement\u00a0\u00bb perturb\u00e9e apr\u00e8s le vol de 600 m\u00e8tres de c\u00e2ble;elm:context_link;itc:0;sec:content-canvas;outcm:mb_qualified_link;_E:mb_qualified_link;ct:story;\" class=\"link  yahoo-link\" target=\"_blank\" rel=\"noopener\"> \u00c0 Lille, la circulation des TGV \u00ab\u00a0fortement\u00a0\u00bb perturb\u00e9e apr\u00e8s le vol de 600 m\u00e8tres de c\u00e2ble <\/a><\/p>\n<p class=\"mb-4 text-lg md:leading-8 break-words\">Bien qu\u2019aucun train ne soit supprim\u00e9, des retards \u00ab\u00a0pouvant aller jusqu\u2019\u00e0 deux heures\u00a0\u00bb sont \u00e0 pr\u00e9voir. \u00ab\u00a0Pour contourner la zone de l\u2019incident, certains trains empruntent un itin\u00e9raire alternatif via la ligne classique.\u00a0\u00bb, ajoute la SNCF. \u00ab\u00a0Les \u00e9quipes techniques sont sur place. Le diagnostic technique a \u00e9t\u00e9 r\u00e9alis\u00e9 et les travaux de r\u00e9tablissement des installations vont durer plusieurs heures\u00a0\u00bb, assure l\u2019entreprise.<\/p>\n<p>Retour \u00e0 la normale pr\u00e9vu vendredi matin<\/p>\n<p class=\"mb-4 text-lg md:leading-8 break-words\">La gare Paris Gare de Lyon affiche cependant des retards de 4H20 pour un TGV Lausanne &#8211; Paris, ou encore 3H30 pour un train Lyon Part-Dieu &#8211; Paris, sur le site internet de la SNCF Gare et Connexions.<\/p>\n<p class=\"mb-4 text-lg md:leading-8 break-words\">Un retour \u00e0 la normale est attendu pour vendredi 29\u00a0ao\u00fbt au matin, apr\u00e8s des essais techniques dans la nuit de jeudi \u00e0 vendredi.<\/p>\n<p class=\"mb-4 text-lg md:leading-8 break-words\">Ce n\u2019est pas la premi\u00e8re fois qu\u2019un tel incident se produit. En juin dernier, 600\u00a0m\u00e8tres de c\u00e2bles avaient \u00e9t\u00e9 vol\u00e9s \u00e0 Mont-de-Terre (Nord). D\u2019importants retards avaient alors \u00e9t\u00e9 observ\u00e9s sur les lignes \u00e0 destination des gares Lille Europe et Lille Flandres.<\/p>\n<p class=\"mb-4 text-lg md:leading-8 break-words\">Les voleurs sont g\u00e9n\u00e9ralement \u00e0 la recherche du cuivre \u00e0 partir duquel sont faits ces c\u00e2bles. Cette mati\u00e8re peut ensuite \u00eatre revendue relativement cher.<\/p>\n<p class=\"mb-4 text-lg md:leading-8 break-words\"><a href=\"https:\/\/fr.news.yahoo.com\/%C3%A0-lormont-pr%C3%A8s-bordeaux-deux-134558459.html\" data-ylk=\"slk:\u00c0 Lormont, pr\u00e8s de Bordeaux, deux adolescentes meurent percut\u00e9es par un train;elm:context_link;itc:0;sec:content-canvas;outcm:mb_qualified_link;_E:mb_qualified_link;ct:story;\" class=\"link  yahoo-link\" target=\"_blank\" rel=\"noopener\"> \u00c0 Lormont, pr\u00e8s de Bordeaux, deux adolescentes meurent percut\u00e9es par un train <\/a><\/p>\n<p class=\"mb-4 text-lg md:leading-8 break-words\"><a href=\"https:\/\/fr.news.yahoo.com\/pourquoi-sncf-supprime-trains-lors-192946649.html\" data-ylk=\"slk:Pourquoi la SNCF supprime des trains lors des fortes chaleurs;elm:context_link;itc:0;sec:content-canvas;outcm:mb_qualified_link;_E:mb_qualified_link;ct:story;\" class=\"link  yahoo-link\" target=\"_blank\" rel=\"noopener\"> Pourquoi la SNCF supprime des trains lors des fortes chaleurs <\/a><\/p>\n","protected":false},"excerpt":{"rendered":"TRANSPORTS &#8211; Journ\u00e9e difficile \u00e0 la Gare de Lyon ce jeudi 28\u00a0ao\u00fbt. Un vol de c\u00e2bles a entra\u00een\u00e9&hellip;\n","protected":false},"author":2,"featured_media":351488,"comment_status":"","ping_status":"","sticky":false,"template":"","format":"standard","meta":{"footnotes":""},"categories":[1888],"tags":[1111,1928,11,1927,14519,1777,674,1011,27,3338,12,1926,626,1925,10316,25,48815,2215,48814],"class_list":{"0":"post-351487","1":"post","2":"type-post","3":"status-publish","4":"format-standard","5":"has-post-thumbnail","7":"category-paris","8":"tag-actu","9":"tag-actu-paris","10":"tag-actualites","11":"tag-actualites-paris","12":"tag-ce-nest-pas-la-premiere","13":"tag-eu","14":"tag-europe","15":"tag-fr","16":"tag-france","17":"tag-gare-de-lyon","18":"tag-news","19":"tag-news-paris","20":"tag-paris","21":"tag-paris-news","22":"tag-radio-france","23":"tag-republique-francaise","24":"tag-retour-de-vacances","25":"tag-sncf","26":"tag-tgv-paris-lyon"},"share_on_mastodon":{"url":"https:\/\/pubeurope.com\/@fr\/115110464963788241","error":""},"_links":{"self":[{"href":"https:\/\/www.europesays.com\/fr\/wp-json\/wp\/v2\/posts\/351487","targetHints":{"allow":["GET"]}}],"collection":[{"href":"https:\/\/www.europesays.com\/fr\/wp-json\/wp\/v2\/posts"}],"about":[{"href":"https:\/\/www.europesays.com\/fr\/wp-json\/wp\/v2\/types\/post"}],"author":[{"embeddable":true,"href":"https:\/\/www.europesays.com\/fr\/wp-json\/wp\/v2\/users\/2"}],"replies":[{"embeddable":true,"href":"https:\/\/www.europesays.com\/fr\/wp-json\/wp\/v2\/comments?post=351487"}],"version-history":[{"count":0,"href":"https:\/\/www.europesays.com\/fr\/wp-json\/wp\/v2\/posts\/351487\/revisions"}],"wp:featuredmedia":[{"embeddable":true,"href":"https:\/\/www.europesays.com\/fr\/wp-json\/wp\/v2\/media\/351488"}],"wp:attachment":[{"href":"https:\/\/www.europesays.com\/fr\/wp-json\/wp\/v2\/media?parent=351487"}],"wp:term":[{"taxonomy":"category","embeddable":true,"href":"https:\/\/www.europesays.com\/fr\/wp-json\/wp\/v2\/categories?post=351487"},{"taxonomy":"post_tag","embeddable":true,"href":"https:\/\/www.europesays.com\/fr\/wp-json\/wp\/v2\/tags?post=351487"}],"curies":[{"name":"wp","href":"https:\/\/api.w.org\/{rel}","templated":true}]}}