{"id":351491,"date":"2025-08-29T05:45:18","date_gmt":"2025-08-29T05:45:18","guid":{"rendered":"https:\/\/www.europesays.com\/fr\/351491\/"},"modified":"2025-08-29T05:45:18","modified_gmt":"2025-08-29T05:45:18","slug":"municipales-a-paris-avis-defavorable-pour-la-prison-pour-mineurs-de-marseille-et-droits-de-douane-pour-les-petits-colis-lactu-de-ce-vendredi-29-aout-au-matin-liberati","status":"publish","type":"post","link":"https:\/\/www.europesays.com\/fr\/351491\/","title":{"rendered":"Municipales \u00e0 Paris, avis d\u00e9favorable pour la prison pour mineurs de Marseille et droits de douane pour les petits colis\u2026 L\u2019actu de ce vendredi 29\u00a0ao\u00fbt au matin \u2013 Lib\u00e9ration"},"content":{"rendered":"<p class=\"sc-ksZaOG ehjQrN text-element\">Chaque matin, la r\u00e9daction de Lib\u00e9 s\u00e9lectionne les actualit\u00e9s incontournables en France, dans le reste du monde et celles \u00e0 suivre au cours de la journ\u00e9e.<\/p>\n<p class=\"sc-ksZaOG ehjQrN text-element\">Un accord et un soulagement \u00e0 droite : les R\u00e9publicains ont officiellement investi jeudi soir <a href=\"https:\/\/www.liberation.fr\/politique\/legislative-partielle-a-paris-dati-accepte-de-ceder-sa-place-a-barnier-contre-une-candidature-a-la-mairie-20250827_BXAE5KL5GVH2NC7725RN6MF7QQ\/\" target=\"_blank\" rel=\"noreferrer nofollow noopener\" title=\"https:\/\/www.liberation.fr\/politique\/legislative-partielle-a-paris-dati-accepte-de-ceder-sa-place-a-barnier-contre-une-candidature-a-la-mairie-20250827_BXAE5KL5GVH2NC7725RN6MF7QQ\/\">Rachida Dati comme candidate \u00e0 la mairie de Paris<\/a>, en \u00e9change de son retrait de <a href=\"https:\/\/www.liberation.fr\/politique\/elections\/dati-contre-barnier-la-date-de-la-legislative-partielle-a-paris-fixee-aux-21-et-28-septembre-20250806_XZ3RLZRKPBCN3JYKVK2VBKYQU4\/\" target=\"_blank\" rel=\"noreferrer nofollow noopener\" title=\"https:\/\/www.liberation.fr\/politique\/elections\/dati-contre-barnier-la-date-de-la-legislative-partielle-a-paris-fixee-aux-21-et-28-septembre-20250806_XZ3RLZRKPBCN3JYKVK2VBKYQU4\/\">la l\u00e9gislative partielle<\/a> qui devait l\u2019opposer \u00e0 Michel Barnier fin septembre, \u00e9vitant ainsi un duel fratricide. La maire LR du VIIe arrondissement n\u2019avait pas appr\u00e9ci\u00e9 l\u2019annonce de la candidature de <a href=\"https:\/\/www.liberation.fr\/politique\/legislative-partielle-a-paris-michel-barnier-ne-pourra-pas-voter-pour-lui-meme-20250826_5O4TY2WRJFBU5C4QXMJWHQU4KA\/\" target=\"_blank\" rel=\"noreferrer nofollow noopener\" title=\"https:\/\/www.liberation.fr\/politique\/legislative-partielle-a-paris-michel-barnier-ne-pourra-pas-voter-pour-lui-meme-20250826_5O4TY2WRJFBU5C4QXMJWHQU4KA\/\">Michel Barnier<\/a> au scrutin dans la 2e circonscription de Paris, un bastion de la droite menac\u00e9 l\u2019an dernier par une candidate du PS, et avait dans un premier temps annonc\u00e9 maintenir une candidature dissidente;<\/p>\n<p class=\"sc-ksZaOG ehjQrN text-element\">Dans cet \u00e9tablissement p\u00e9nitentiaire pour mineurs (EPM) de Marseille-La Valentine, \u00abdes mesures urgentes doivent \u00eatre prises pour rem\u00e9dier, d\u2019une part \u00e0 <a href=\"https:\/\/www.liberation.fr\/environnement\/invivable-sous-canicule-en-prison-les-detenus-surexposes-au-changement-climatique-20240712_VJLP4NBK5NDGRMKOCTSQDD6O3A\/\" target=\"_blank\" rel=\"noreferrer nofollow noopener\" title=\"https:\/\/www.liberation.fr\/environnement\/invivable-sous-canicule-en-prison-les-detenus-surexposes-au-changement-climatique-20240712_VJLP4NBK5NDGRMKOCTSQDD6O3A\/\">l\u2019indignit\u00e9 des conditions mat\u00e9rielles<\/a> de prise en charge des mineurs d\u00e9tenus et, d\u2019autre part, aux cons\u00e9quences catastrophiques de la d\u00e9mobilisation et de l\u2019absence du personnel p\u00e9nitentiaire et \u00e9ducatif\u00bb, d\u00e9nonce dans un avis publi\u00e9 ce vendredi la contr\u00f4leure g\u00e9n\u00e9rale des lieux de privation de libert\u00e9, <a href=\"https:\/\/www.liberation.fr\/idees-et-debats\/tribunes\/quattendons-nous-des-prisons-sil-sagit-de-se-venger-cest-reussi-20250310_FDSQ6CWX75HSBNUNFYAE7PDVSM\/\" target=\"_blank\" rel=\"noreferrer nofollow noopener\" title=\"https:\/\/www.liberation.fr\/idees-et-debats\/tribunes\/quattendons-nous-des-prisons-sil-sagit-de-se-venger-cest-reussi-20250310_FDSQ6CWX75HSBNUNFYAE7PDVSM\/\">Dominique Simonnot<\/a>. Face au \u00abcaract\u00e8re gravissime\u00bb des conditions d\u2019incarc\u00e9ration elle pr\u00e9conise \u00abla fermeture, au moins partielle\u00bb, de l\u2019\u00e9tablissement. En r\u00e9ponse, le garde des Sceaux G\u00e9rald Darmanin a affirm\u00e9 avoir \u00abdiligent\u00e9 une inspection de l\u2019\u00e9tablissement confi\u00e9e \u00e0 l\u2019inspection g\u00e9n\u00e9rale de la justice\u00bb.<\/p>\n<p class=\"sc-ksZaOG ehjQrN text-element\">L\u2019exemption de droits de douane pour <a href=\"https:\/\/www.liberation.fr\/economie\/conso\/shein-temu-aliexpress-la-france-veut-taxer-les-petits-colis-a-lentree-de-leurope-20250429_32YNNEHRYJARHAW7XMULQDBBCQ\/\" target=\"_blank\" rel=\"noreferrer nofollow noopener\" title=\"https:\/\/www.liberation.fr\/economie\/conso\/shein-temu-aliexpress-la-france-veut-taxer-les-petits-colis-a-lentree-de-leurope-20250429_32YNNEHRYJARHAW7XMULQDBBCQ\/\">les petits colis<\/a> entrant aux Etats-Unis a pris fin vendredi \u00e0 00 h 01, entra\u00eenant l\u2019imposition de taxes douani\u00e8res, ce qui a pouss\u00e9 plusieurs pays \u00e0 suspendre leurs livraisons de colis <a href=\"https:\/\/www.liberation.fr\/international\/amerique\/droits-de-douane-les-envois-de-colis-vers-les-etats-unis-suspendus-dans-25-pays-20250826_563WBELE7RE63ADAY6MSOKSYVY\/\" target=\"_blank\" rel=\"noreferrer nofollow noopener\" title=\"https:\/\/www.liberation.fr\/international\/amerique\/droits-de-douane-les-envois-de-colis-vers-les-etats-unis-suspendus-dans-25-pays-20250826_563WBELE7RE63ADAY6MSOKSYVY\/\">vers la premi\u00e8re \u00e9conomie mondiale<\/a>. Ces exemptions permettaient jusqu\u2019ici d\u2019envoyer par <a href=\"https:\/\/www.liberation.fr\/international\/europe\/lunion-europeenne-propose-un-frais-de-deux-euros-sur-chaque-petit-colis-20250520_L3BB3LVXCVD45PMF3N3I4LNYUA\/\" target=\"_blank\" rel=\"noreferrer nofollow noopener\" title=\"https:\/\/www.liberation.fr\/international\/europe\/lunion-europeenne-propose-un-frais-de-deux-euros-sur-chaque-petit-colis-20250520_L3BB3LVXCVD45PMF3N3I4LNYUA\/\">colis postal<\/a> des biens d\u2019une valeur inf\u00e9rieure \u00e0 800 dollars, sans avoir \u00e0 payer de surtaxe lors de leur entr\u00e9e sur le sol am\u00e9ricain. Elles ne devraient d\u00e9sormais plus s\u2019appliquer que pour les colis non commerciaux contenant des \u00abcadeaux\u00bb d\u2019une valeur inf\u00e9rieure \u00e0 100 dollars, selon un d\u00e9cret sign\u00e9 le 30 juillet par Donald Trump.<\/p>\n<p class=\"sc-ksZaOG ehjQrN text-element\"><b>Rentr\u00e9e sociale : les syndicats vont choisir une date pour mobiliser contre le projet de budget<\/b><\/p>\n<p class=\"sc-ksZaOG ehjQrN text-element\">L\u2019ensemble des huit <a href=\"https:\/\/www.liberation.fr\/economie\/suppression-de-jours-feries-assurance-chomage-bayrou-pose-le-cadre-les-syndicats-preparent-la-riposte-20250810_PEYDKL5JKZGCXICY2G5D4SVC3I\/\" target=\"_blank\" rel=\"noreferrer nofollow noopener\" title=\"https:\/\/www.liberation.fr\/economie\/suppression-de-jours-feries-assurance-chomage-bayrou-pose-le-cadre-les-syndicats-preparent-la-riposte-20250810_PEYDKL5JKZGCXICY2G5D4SVC3I\/\">conf\u00e9d\u00e9rations syndicales<\/a> fran\u00e7aises se r\u00e9unissent ce vendredi matin, d\u00e8s 8 heures, au si\u00e8ge de la CFDT \u00e0 Paris pour lancer une mobilisation unitaire contre le projet de budget du gouvernement en suspens de Fran\u00e7ois Bayrou. Ils devraient choisir une date pour <a href=\"https:\/\/www.liberation.fr\/politique\/bloquons-tout-la-gauche-doit-et-peut-donner-un-sens-politique-au-mouvement-du-10-septembre-20250828_YFCFZTBLOZCRNPVZ5OXINP53AA\/\" target=\"_blank\" rel=\"noreferrer nofollow noopener\" title=\"https:\/\/www.liberation.fr\/politique\/bloquons-tout-la-gauche-doit-et-peut-donner-un-sens-politique-au-mouvement-du-10-septembre-20250828_YFCFZTBLOZCRNPVZ5OXINP53AA\/\">manifester contre les projets d\u2019\u00e9conomies budg\u00e9taires<\/a>, contre lesquels l\u2019intersyndicale a lanc\u00e9 une p\u00e9tition qui recueillait jeudi 360 000 signatures.<\/p>\n<p class=\"sc-ksZaOG ehjQrN text-element\"><b>C\u2018est l\u2019heure de la pr\u00e9rentr\u00e9e pour 850 000 professeurs<\/b><\/p>\n<p class=\"sc-ksZaOG ehjQrN text-element\">Plus de 850 000 enseignants reprennent <a href=\"https:\/\/www.liberation.fr\/societe\/education\/portables-education-sexuelle-sante-mentale-formation-ce-qui-change-a-lecole-pour-la-rentree-2025-20250827_7UUGM2PPWRGM7AMGG5JIUY5ECU\/\" target=\"_blank\" rel=\"noreferrer nofollow noopener\" title=\"https:\/\/www.liberation.fr\/societe\/education\/portables-education-sexuelle-sante-mentale-formation-ce-qui-change-a-lecole-pour-la-rentree-2025-20250827_7UUGM2PPWRGM7AMGG5JIUY5ECU\/\">le chemin des classes<\/a> pour une journ\u00e9e de pr\u00e9rentr\u00e9e ce vendredi avant l\u2019arriv\u00e9e de leurs \u00e9l\u00e8ves lundi, dans un contexte de nouvelle <a href=\"https:\/\/www.liberation.fr\/societe\/education\/ce-quelle-dit-aujourdhui-ne-sera-certainement-plus-valable-demain-une-rentree-en-sursis-pour-elisabeth-borne-20250827_EDOTJI3UERHJLN6UNIWWVEJTYY\/\" target=\"_blank\" rel=\"noreferrer nofollow noopener\" title=\"https:\/\/www.liberation.fr\/societe\/education\/ce-quelle-dit-aujourdhui-ne-sera-certainement-plus-valable-demain-une-rentree-en-sursis-pour-elisabeth-borne-20250827_EDOTJI3UERHJLN6UNIWWVEJTYY\/\">incertitude gouvernementale<\/a> et de pressions budg\u00e9taires. \u00abOn a une certitude, c\u2019est qu\u2019il n\u2019y aura pas un professeur devant chaque classe lundi\u00bb, a affirm\u00e9 jeudi Sophie Venetitay, secr\u00e9taire g\u00e9n\u00e9ral du S-FSU, principal syndicat du second degr\u00e9 lors d\u2019une conf\u00e9rence de rentr\u00e9e, estimant entre 5 000 et 6 000 le nombre d\u2019enseignants manquants.<\/p>\n","protected":false},"excerpt":{"rendered":"Chaque matin, la r\u00e9daction de Lib\u00e9 s\u00e9lectionne les actualit\u00e9s incontournables en France, dans le reste du monde et&hellip;\n","protected":false},"author":2,"featured_media":351492,"comment_status":"","ping_status":"","sticky":false,"template":"","format":"standard","meta":{"footnotes":""},"categories":[1888],"tags":[11,1777,674,1011,27,12,626,4702,25],"class_list":{"0":"post-351491","1":"post","2":"type-post","3":"status-publish","4":"format-standard","5":"has-post-thumbnail","7":"category-paris","8":"tag-actualites","9":"tag-eu","10":"tag-europe","11":"tag-fr","12":"tag-france","13":"tag-news","14":"tag-paris","15":"tag-recap-actu","16":"tag-republique-francaise"},"share_on_mastodon":{"url":"","error":""},"_links":{"self":[{"href":"https:\/\/www.europesays.com\/fr\/wp-json\/wp\/v2\/posts\/351491","targetHints":{"allow":["GET"]}}],"collection":[{"href":"https:\/\/www.europesays.com\/fr\/wp-json\/wp\/v2\/posts"}],"about":[{"href":"https:\/\/www.europesays.com\/fr\/wp-json\/wp\/v2\/types\/post"}],"author":[{"embeddable":true,"href":"https:\/\/www.europesays.com\/fr\/wp-json\/wp\/v2\/users\/2"}],"replies":[{"embeddable":true,"href":"https:\/\/www.europesays.com\/fr\/wp-json\/wp\/v2\/comments?post=351491"}],"version-history":[{"count":0,"href":"https:\/\/www.europesays.com\/fr\/wp-json\/wp\/v2\/posts\/351491\/revisions"}],"wp:featuredmedia":[{"embeddable":true,"href":"https:\/\/www.europesays.com\/fr\/wp-json\/wp\/v2\/media\/351492"}],"wp:attachment":[{"href":"https:\/\/www.europesays.com\/fr\/wp-json\/wp\/v2\/media?parent=351491"}],"wp:term":[{"taxonomy":"category","embeddable":true,"href":"https:\/\/www.europesays.com\/fr\/wp-json\/wp\/v2\/categories?post=351491"},{"taxonomy":"post_tag","embeddable":true,"href":"https:\/\/www.europesays.com\/fr\/wp-json\/wp\/v2\/tags?post=351491"}],"curies":[{"name":"wp","href":"https:\/\/api.w.org\/{rel}","templated":true}]}}