{"id":351493,"date":"2025-08-29T05:46:12","date_gmt":"2025-08-29T05:46:12","guid":{"rendered":"https:\/\/www.europesays.com\/fr\/351493\/"},"modified":"2025-08-29T05:46:12","modified_gmt":"2025-08-29T05:46:12","slug":"la-pologne-place-ses-defenses-aeriennes-en-etat-dalerte-maximale-apres-les-frappes-russes-sur-kiev","status":"publish","type":"post","link":"https:\/\/www.europesays.com\/fr\/351493\/","title":{"rendered":"La Pologne place ses d\u00e9fenses a\u00e9riennes en \u00e9tat d&rsquo;alerte maximale apr\u00e8s les frappes russes sur Kiev"},"content":{"rendered":"<p>La Pologne a plac\u00e9 ses d\u00e9fenses a\u00e9riennes en \u00ab\u2009\u00e9tat de pr\u00e9paration maximale\u2009\u00bb apr\u00e8s la derni\u00e8re s\u00e9rie de frappes russes sur Kiev, qui, selon le ministre polonais des Affaires \u00e9trang\u00e8res Rados\u0142aw Sikorski, a soulign\u00e9 la d\u00e9termination de Moscou \u00e0 poursuivre le combat.<\/p>\n<p>La Russie a lanc\u00e9 une attaque a\u00e9rienne de grande envergure sur l\u2019Ukraine dans la nuit de mercredi \u00e0 jeudi, tirant des missiles balistiques et des drones sur Kiev et d\u2019autres villes. Des civils ont \u00e9t\u00e9 tu\u00e9s et un <a href=\"https:\/\/www.euractiv.fr\/section\/politics\/news\/des-frappes-russes-endommagent-la-delegation-de-lue-en-ukraine\/\" target=\"_blank\" rel=\"noopener nofollow\">b\u00e2timent de la d\u00e9l\u00e9gation de l\u2019Union europ\u00e9enne<\/a> a notamment \u00e9t\u00e9 endommag\u00e9.<\/p>\n<p>Les avions militaires stationn\u00e9s en Pologne ont \u00e9t\u00e9 imm\u00e9diatement mis en \u00e9tat d\u2019alerte apr\u00e8s le d\u00e9but des attaques russes, faisant \u00e9cho \u00e0 des r\u00e9actions ant\u00e9rieures \u00e0 des raids a\u00e9riens men\u00e9s de l\u2019autre c\u00f4t\u00e9 de la fronti\u00e8re.<\/p>\n<p data-start=\"706\" data-end=\"1017\">\u00ab\u2009Pour assurer la s\u00e9curit\u00e9 de l\u2019espace a\u00e9rien polonais, le commandant op\u00e9rationnel des forces arm\u00e9es a activ\u00e9 toutes les proc\u00e9dures n\u00e9cessaires. Les avions polonais et alli\u00e9s ont commenc\u00e9 leurs op\u00e9rations, tandis que les syst\u00e8mes terrestres de d\u00e9fense a\u00e9rienne et de reconnaissance radar ont atteint le niveau de pr\u00e9paration le plus \u00e9lev\u00e9\u2009\u00bb, a \u00e9crit l\u2019arm\u00e9e polonaise <a title=\"https:\/\/x.com\/DowOperSZ\/status\/1960899890680074479\" href=\"https:\/\/x.com\/DowOperSZ\/status\/1960899890680074479\" target=\"_blank\" rel=\"noopener noreferrer nofollow\" data-auth=\"NotApplicable\" data-linkindex=\"0\">dans un message publi\u00e9 sur X.<\/a><\/p>\n<p data-start=\"1019\" data-end=\"1329\">L\u2019arm\u00e9e a ajout\u00e9 que les op\u00e9rations \u00e9taient pr\u00e9ventives et visaient \u00e0 s\u00e9curiser l\u2019espace a\u00e9rien et \u00e0 prot\u00e9ger les citoyens, en particulier pr\u00e8s de la fronti\u00e8re avec l\u2019Ukraine.<\/p>\n<p data-start=\"1019\" data-end=\"1329\">Jeudi, \u00e0 sept heures du matin, les avions de chasse \u00e9taient rentr\u00e9s \u00e0 la base. Aucune violation de l\u2019espace a\u00e9rien polonais n\u2019a \u00e9t\u00e9 signal\u00e9e et le commandement op\u00e9rationnel polonais a remerci\u00e9 le commandement a\u00e9rien de l\u2019OTAN et l\u2019arm\u00e9e de l\u2019air su\u00e9doise pour leur soutien.<\/p>\n<p data-start=\"1482\" data-end=\"1773\">\u00ab\u2009Les missiles de Poutine ont tu\u00e9 des civils ukrainiens la nuit derni\u00e8re et endommag\u00e9 le b\u00e2timent d\u2019une d\u00e9l\u00e9gation de l\u2019Union europ\u00e9enne. Voil\u00e0 comment la Russie pr\u00e9tend lutter pour la paix\u2009\u00bb, <a title=\"https:\/\/x.com\/sikorskiradek\/status\/1960968930228400468\" href=\"https:\/\/x.com\/sikorskiradek\/status\/1960968930228400468\" target=\"_blank\" rel=\"noopener noreferrer nofollow\" data-auth=\"NotApplicable\" data-linkindex=\"1\">a \u00e9crit<\/a> Rados\u0142aw Sikorski sur X, faisant r\u00e9f\u00e9rence \u00e0 la r\u00e9cente rencontre en t\u00eate-\u00e0-t\u00eate entre le pr\u00e9sident am\u00e9ricain Donald Trump et le pr\u00e9sident russe Vladimir Poutine en Alaska.<\/p>\n<p data-start=\"1482\" data-end=\"1773\">Rados\u0142aw Sikorski a confirm\u00e9 que personne n\u2019avait \u00e9t\u00e9 bless\u00e9 \u00e0 l\u2019ambassade de Pologne \u00e0 Kiev, o\u00f9 un b\u00e2timent avait \u00e9t\u00e9 endommag\u00e9 lors d\u2019une pr\u00e9c\u00e9dente frappe russe il y a environ un mois.<\/p>\n<p data-start=\"1775\" data-end=\"2016\">Pendant ce temps, le porte-parole du Kremlin, Dmitri Peskov, a expliqu\u00e9 aux <a href=\"https:\/\/tass.ru\/politika\/24893011\" target=\"_blank\" rel=\"noopener nofollow\">m\u00e9dias russes<\/a> qu\u2019aucun accord n\u2019avait \u00e9t\u00e9 conclu avec l\u2019Ukraine concernant une tr\u00eave dans la guerre a\u00e9rienne.<\/p>\n<p data-start=\"2018\" data-end=\"2407\">En d\u00e9but de semaine, le pr\u00e9sident polonais Karol Nawrocki a oppos\u00e9 son veto \u00e0 une loi qui aurait permis d\u2019\u00e9tendre l\u2019aide temporaire aux r\u00e9fugi\u00e9s ukrainiens, suscitant de vives critiques de la part de la coalition du Premier ministre Donald Tusk.<\/p>\n<p data-start=\"2018\" data-end=\"2407\">Ce veto risque de laisser jusqu\u2019\u00e0 un million de r\u00e9fugi\u00e9s ukrainiens en Pologne sans acc\u00e8s aux prestations sociales, y compris les allocations familiales. Toutefois, le gouvernement de Donald Tusk s\u2019est engag\u00e9 \u00e0 introduire de nouvelles mesures couvrant plus largement les \u00e9trangers.<\/p>\n","protected":false},"excerpt":{"rendered":"La Pologne a plac\u00e9 ses d\u00e9fenses a\u00e9riennes en \u00ab\u2009\u00e9tat de pr\u00e9paration maximale\u2009\u00bb apr\u00e8s la derni\u00e8re s\u00e9rie de frappes&hellip;\n","protected":false},"author":2,"featured_media":351494,"comment_status":"","ping_status":"","sticky":false,"template":"","format":"standard","meta":{"footnotes":""},"categories":[1591],"tags":[11,1887,12,1885,1886,132],"class_list":{"0":"post-351493","1":"post","2":"type-post","3":"status-publish","4":"format-standard","5":"has-post-thumbnail","7":"category-russie","8":"tag-actualites","9":"tag-federation-de-russie","10":"tag-news","11":"tag-russia","12":"tag-russian-federation","13":"tag-russie"},"share_on_mastodon":{"url":"","error":""},"_links":{"self":[{"href":"https:\/\/www.europesays.com\/fr\/wp-json\/wp\/v2\/posts\/351493","targetHints":{"allow":["GET"]}}],"collection":[{"href":"https:\/\/www.europesays.com\/fr\/wp-json\/wp\/v2\/posts"}],"about":[{"href":"https:\/\/www.europesays.com\/fr\/wp-json\/wp\/v2\/types\/post"}],"author":[{"embeddable":true,"href":"https:\/\/www.europesays.com\/fr\/wp-json\/wp\/v2\/users\/2"}],"replies":[{"embeddable":true,"href":"https:\/\/www.europesays.com\/fr\/wp-json\/wp\/v2\/comments?post=351493"}],"version-history":[{"count":0,"href":"https:\/\/www.europesays.com\/fr\/wp-json\/wp\/v2\/posts\/351493\/revisions"}],"wp:featuredmedia":[{"embeddable":true,"href":"https:\/\/www.europesays.com\/fr\/wp-json\/wp\/v2\/media\/351494"}],"wp:attachment":[{"href":"https:\/\/www.europesays.com\/fr\/wp-json\/wp\/v2\/media?parent=351493"}],"wp:term":[{"taxonomy":"category","embeddable":true,"href":"https:\/\/www.europesays.com\/fr\/wp-json\/wp\/v2\/categories?post=351493"},{"taxonomy":"post_tag","embeddable":true,"href":"https:\/\/www.europesays.com\/fr\/wp-json\/wp\/v2\/tags?post=351493"}],"curies":[{"name":"wp","href":"https:\/\/api.w.org\/{rel}","templated":true}]}}