{"id":351499,"date":"2025-08-29T05:48:19","date_gmt":"2025-08-29T05:48:19","guid":{"rendered":"https:\/\/www.europesays.com\/fr\/351499\/"},"modified":"2025-08-29T05:48:19","modified_gmt":"2025-08-29T05:48:19","slug":"les-usa-veulent-ils-envahir-le-venezuela-ils-ne-reussiront-pas-dit-maduro","status":"publish","type":"post","link":"https:\/\/www.europesays.com\/fr\/351499\/","title":{"rendered":"Les USA veulent-ils envahir le Venezuela? \u2013 \u00abIls ne r\u00e9ussiront pas\u00bb, dit Maduro"},"content":{"rendered":"<p class=\"a-paragraph a-paragraph--lead\" data-t-name=\"Paragraph\">\u00abAucune chance\u00bb que les Etats-Unis n&rsquo;envahissent le Venezuela, a clam\u00e9 jeudi Nicolas Maduro. Le pr\u00e9sident v\u00e9n\u00e9zu\u00e9lien s&rsquo;est exprim\u00e9 apr\u00e8s le d\u00e9ploiement par Washington de cinq navires de guerre dans les Cara\u00efbes au motif de lutte contre le narcotrafic international.<\/p>\n<p>  <img decoding=\"async\" class=\"m-image-and-caption__image lazyload\" alt=\"Des camions transportent des chars vers l'est depuis Valencia, au Venezuela, le mercredi 27 ao\u00fbt 2025, apr\u00e8s que le gouvernement a annonc\u00e9 une mobilisation militaire \u00e0 la suite du d\u00e9ploiement de navires de guerre am\u00e9ricains au large du Venezuela. (AP Photo\/Jacinto Oliveros)\" src=\"https:\/\/www.europesays.com\/fr\/wp-content\/uploads\/2025\/08\/59e043d3-3f9c-4fa7-893c-1ee5624e643c.jpeg\"  data-\/><\/p>\n<p>      Des camions transportent des chars vers l&rsquo;est depuis Valencia, au Venezuela, le mercredi 27 ao\u00fbt 2025, apr\u00e8s que le gouvernement a annonc\u00e9 une mobilisation militaire \u00e0 la suite du d\u00e9ploiement de navires de guerre am\u00e9ricains au large du Venezuela. (AP Photo\/Jacinto Oliveros)<\/p>\n<p>        KEYSTONE\n      <\/p>\n<p class=\"a-paragraph\" data-t-name=\"Paragraph\">\u00abIl n&rsquo;y a aucune chance qu&rsquo;ils puissent entrer au Venezuela\u00bb, a d\u00e9clar\u00e9 M. Maduro, affirmant que son pays \u00e9tait pr\u00e9par\u00e9 \u00e0 d\u00e9fendre \u00abla paix, la souverainet\u00e9 et l&rsquo;int\u00e9grit\u00e9 territoriale\u00bb. \u00abNi sanctions, ni blocus, ni guerre psychologique, ni si\u00e8ge. Ils n&rsquo;ont pas r\u00e9ussi, et ne r\u00e9ussiront pas\u00bb, a-t-il ajout\u00e9 lors d&rsquo;un discours devant les forces arm\u00e9es.<\/p>\n<p class=\"a-paragraph\" data-t-name=\"Paragraph\">M. Maduro fait planer la menace d&rsquo;un d\u00e9barquement am\u00e9ricain, d\u00e9non\u00e7ant une tentative de \u00abchangement de r\u00e9gime\u00bb. Mais les Etats-Unis n&rsquo;ont jamais menac\u00e9 publiquement d&rsquo;envahir le pays.<\/p>\n<p class=\"a-paragraph\" data-t-name=\"Paragraph\">Le dirigeant v\u00e9n\u00e9zu\u00e9lien dit avoir activ\u00e9 \u00abun plan sp\u00e9cial avec plus de 4,5 millions de miliciens\u00bb, m\u00eame si ce chiffre est mis en doute par des experts.<\/p>\n<p class=\"a-paragraph\" data-t-name=\"Paragraph\">En r\u00e9ponse au d\u00e9ploiement naval am\u00e9ricain dans les eaux internationales, le Venezuela a d\u00e9ploy\u00e9 sa marine et des drones de surveillance dans ses eaux territoriales.<\/p>\n<p class=\"a-paragraph\" data-t-name=\"Paragraph\">Washington accuse M. Maduro de diriger un r\u00e9seau de narcotrafic, le Cartel des Soleils, que l&rsquo;administration Trump a d\u00e9sign\u00e9 comme une organisation \u00abterroriste\u00bb, et a r\u00e9cemment port\u00e9 \u00e0 50 millions de dollars la prime menant \u00e0 son arrestation.<\/p>\n<p>\u00abAssi\u00e9g\u00e9s par l&#8217;empire le plus g\u00e9nocidaire de l&rsquo;histoire de l&rsquo;humanit\u00e9\u00bb<\/p>\n<p class=\"a-paragraph\" data-t-name=\"Paragraph\">L&rsquo;AFP a constat\u00e9 la pr\u00e9sence au Panama du destroyer lance-missiles USS Lake Erie dans un port d&rsquo;entr\u00e9e sur le Pacifique.<\/p>\n<p class=\"a-paragraph\" data-t-name=\"Paragraph\">L&rsquo;ambassadeur du Venezuela aux Nations Unies, Samuel Moncada, a adress\u00e9 une lettre au secr\u00e9taire g\u00e9n\u00e9ral Antonio Guterres demandant d&rsquo;exhorter le gouvernement des \u00c9tats-Unis \u00e0 \u00abcesser une fois pour toutes ses actions hostiles et ses menaces, et \u00e0 respecter la souverainet\u00e9, l&rsquo;int\u00e9grit\u00e9 territoriale et l&rsquo;ind\u00e9pendance politique du Venezuela\u00bb.<\/p>\n<p class=\"a-paragraph\" data-t-name=\"Paragraph\">Lors d&rsquo;un exercice militaire retransmis \u00e0 la t\u00e9l\u00e9vision d&rsquo;Etat jeudi, le colonel d&rsquo;arm\u00e9e Ramos Salazar a d\u00e9clar\u00e9 qu&rsquo;\u00abalors que nous sommes assi\u00e9g\u00e9s par l&#8217;empire le plus g\u00e9nocidaire de l&rsquo;histoire de l&rsquo;humanit\u00e9, les \u00c9tats-Unis d&rsquo;Am\u00e9rique (&#8230;) les op\u00e9rateurs sp\u00e9ciaux r\u00e9volutionnaires se placent en premi\u00e8re ligne de bataille pour d\u00e9fendre la patrie de Bolivar (p\u00e8re de la r\u00e9volution) et Chavez (ex-pr\u00e9sident de 1999 \u00e0 2013)\u00bb.<\/p>\n","protected":false},"excerpt":{"rendered":"\u00abAucune chance\u00bb que les Etats-Unis n&rsquo;envahissent le Venezuela, a clam\u00e9 jeudi Nicolas Maduro. Le pr\u00e9sident v\u00e9n\u00e9zu\u00e9lien s&rsquo;est exprim\u00e9&hellip;\n","protected":false},"author":2,"featured_media":351500,"comment_status":"","ping_status":"","sticky":false,"template":"","format":"standard","meta":{"footnotes":""},"categories":[1589],"tags":[11,73,1866,12,1864,1865,1863,308],"class_list":{"0":"post-351499","1":"post","2":"type-post","3":"status-publish","4":"format-standard","5":"has-post-thumbnail","7":"category-etats-unis","8":"tag-actualites","9":"tag-etats-unis","10":"tag-etats-unis-damerique","11":"tag-news","12":"tag-united-states","13":"tag-united-states-of-america","14":"tag-us","15":"tag-usa"},"share_on_mastodon":{"url":"https:\/\/pubeurope.com\/@fr\/115110484742837646","error":""},"_links":{"self":[{"href":"https:\/\/www.europesays.com\/fr\/wp-json\/wp\/v2\/posts\/351499","targetHints":{"allow":["GET"]}}],"collection":[{"href":"https:\/\/www.europesays.com\/fr\/wp-json\/wp\/v2\/posts"}],"about":[{"href":"https:\/\/www.europesays.com\/fr\/wp-json\/wp\/v2\/types\/post"}],"author":[{"embeddable":true,"href":"https:\/\/www.europesays.com\/fr\/wp-json\/wp\/v2\/users\/2"}],"replies":[{"embeddable":true,"href":"https:\/\/www.europesays.com\/fr\/wp-json\/wp\/v2\/comments?post=351499"}],"version-history":[{"count":0,"href":"https:\/\/www.europesays.com\/fr\/wp-json\/wp\/v2\/posts\/351499\/revisions"}],"wp:featuredmedia":[{"embeddable":true,"href":"https:\/\/www.europesays.com\/fr\/wp-json\/wp\/v2\/media\/351500"}],"wp:attachment":[{"href":"https:\/\/www.europesays.com\/fr\/wp-json\/wp\/v2\/media?parent=351499"}],"wp:term":[{"taxonomy":"category","embeddable":true,"href":"https:\/\/www.europesays.com\/fr\/wp-json\/wp\/v2\/categories?post=351499"},{"taxonomy":"post_tag","embeddable":true,"href":"https:\/\/www.europesays.com\/fr\/wp-json\/wp\/v2\/tags?post=351499"}],"curies":[{"name":"wp","href":"https:\/\/api.w.org\/{rel}","templated":true}]}}