{"id":351516,"date":"2025-08-29T06:03:11","date_gmt":"2025-08-29T06:03:11","guid":{"rendered":"https:\/\/www.europesays.com\/fr\/351516\/"},"modified":"2025-08-29T06:03:11","modified_gmt":"2025-08-29T06:03:11","slug":"je-ne-suis-pas-revenu-a-vannes-en-preretraite-sourit-larriere-international-anthony-bouthier","status":"publish","type":"post","link":"https:\/\/www.europesays.com\/fr\/351516\/","title":{"rendered":"\u00abJe ne suis pas revenu \u00e0 Vannes en pr\u00e9retraite\u00bb, sourit l\u2019arri\u00e8re international Anthony Bouthier"},"content":{"rendered":"<p>Apr\u00e8s six saisons \u00e0 Montpellier, l\u2019arri\u00e8re aux huit s\u00e9lections avec le XV de France (33 ans) est de retour en Bretagne, o\u00f9 il avait fait ses d\u00e9buts professionnels.<\/p>\n<p class=\"fig-paragraph\">Le retour du chouchou de la Rabine. En mars dernier, l\u2019arri\u00e8re international fran\u00e7ais Anthony Bouthier (8 s\u00e9lections, 1 essai) s\u2019est engag\u00e9 pour les deux prochaines saisons avec le Rugby Club de Vannes, o\u00f9 il avait d\u00e9j\u00e0 \u00e9volu\u00e9 de 2014 \u00e0 2019. Le joueur originaire des Landes &#8211; aujourd\u2019hui \u00e2g\u00e9 de 33 ans &#8211; avait rejoint le club breton en F\u00e9d\u00e9rale 1 (troisi\u00e8me division \u00e0 l\u2019\u00e9poque), participant \u00e0 la mont\u00e9e en Pro D2 en 2016 avant de rejoindre trois ans plus tard Montpellier. Il \u00e9tait l\u2019un des \u00abovnis\u00bb appel\u00e9s par Fabien Galthi\u00e9 \u00e0 sa prise de fonction pour disputer le Tournoi des six nations 2020. Avant de remporter la Challenge Cup en 2021 (contre Leicester) et le bouclier de Brennus l\u2019ann\u00e9e suivante (face \u00e0 Castres).<\/p>\n<p class=\"fig-paragraph\"><strong>Comment abordez-vous cette reprise de la Pro D2 avec Vannes\u00a0?\u00a0<\/strong><br \/><strong>Anthony Bouthier\u00a0: <\/strong>Je me sens tr\u00e8s bien, en pleine forme. Je suis tr\u00e8s content d\u2019\u00eatre revenu ici, tout se passe bien.<\/p>\n<p class=\"fig-paragraph\"><strong>Qu\u2019est-ce qui a chang\u00e9 au RC Vannes en six ans\u00a0?<\/strong><br \/>Beaucoup de choses\u00a0! Le centre d\u2019entra\u00eenement<\/p>\n<p class=\"fig-premium-paywall__infos\">\n        Cet article est r\u00e9serv\u00e9 aux abonn\u00e9s.        Il vous reste 88% \u00e0 d\u00e9couvrir.\n    <\/p>\n<p>                <img  data- alt=\"Le Figaro\" class=\"fig-img--complete fig-img\"\/><\/p>\n<p class=\"fig-premium-paywall__title\">Vente Flash<\/p>\n<p class=\"fig-premium-paywall__subtitle\">4,99\u20ac par mois pendant 12 mois. Sans engagement<\/p>\n<p class=\"fig-premium-paywall__connect\">\n                D\u00e9j\u00e0 abonn\u00e9\u00a0?                <a class=\"fig-premium-paywall__connect-link\" href=\"https:\/\/connect.lefigaro.fr\/login?client=horizon_web&amp;type=main&amp;redirect_uri=https%3A%2F%2Fwww.lefigaro.fr%2Fsports%2Frugby%2Ftop-14%2Fpro-d2-je-ne-suis-pas-revenu-a-vannes-en-preretraite-sourit-l-arriere-international-anthony-bouthier-20250829\" data-js-gtm=\"{&quot;customCategorie&quot;: &quot;conversion&quot;, &quot;customAction&quot;: &quot;before_Landing_Connexion_paywall_auto&quot;, &quot;customLabel&quot;: &quot;bGVmaWdhcm8uZnJfXzFmMDg0MGZkLTBmYTQtNjc3Ni1hMjI3LTY5YjI1ZTFjMDcxOF9fTmV3c0ZsYXNo_Pro D2\u00a0: \u00abJe ne suis pas revenu \u00e0 Vannes en pr\u00e9retraite\u00bb, sourit l\u2019arri\u00e8re international Anthony Bouthier_90&quot;, &quot;customIDSPE&quot;: &quot;bGVmaWdhcm8uZnJfXzFmMDg0MGZkLTBmYTQtNjc3Ni1hMjI3LTY5YjI1ZTFjMDcxOF9fTmV3c0ZsYXNo&quot;, &quot;event&quot;: &quot;customEventSPE&quot;}\" rel=\"nofollow noopener\" target=\"_blank\"><br \/>\n                    Connectez-vous<br \/>\n                <\/a>\n            <\/p>\n","protected":false},"excerpt":{"rendered":"Apr\u00e8s six saisons \u00e0 Montpellier, l\u2019arri\u00e8re aux huit s\u00e9lections avec le XV de France (33 ans) est de&hellip;\n","protected":false},"author":2,"featured_media":351517,"comment_status":"","ping_status":"","sticky":false,"template":"","format":"standard","meta":{"footnotes":""},"categories":[1416],"tags":[1011,27,14987,20044,2308,3164,479,1468,60],"class_list":{"0":"post-351516","1":"post","2":"type-post","3":"status-publish","4":"format-standard","5":"has-post-thumbnail","7":"category-rugby","8":"tag-fr","9":"tag-france","10":"tag-mhr","11":"tag-montpellier-herault-rugby","12":"tag-pro-d2","13":"tag-rc-vannes","14":"tag-rugby","15":"tag-rugby-football","16":"tag-sports"},"share_on_mastodon":{"url":"https:\/\/pubeurope.com\/@fr\/115110543587649265","error":""},"_links":{"self":[{"href":"https:\/\/www.europesays.com\/fr\/wp-json\/wp\/v2\/posts\/351516","targetHints":{"allow":["GET"]}}],"collection":[{"href":"https:\/\/www.europesays.com\/fr\/wp-json\/wp\/v2\/posts"}],"about":[{"href":"https:\/\/www.europesays.com\/fr\/wp-json\/wp\/v2\/types\/post"}],"author":[{"embeddable":true,"href":"https:\/\/www.europesays.com\/fr\/wp-json\/wp\/v2\/users\/2"}],"replies":[{"embeddable":true,"href":"https:\/\/www.europesays.com\/fr\/wp-json\/wp\/v2\/comments?post=351516"}],"version-history":[{"count":0,"href":"https:\/\/www.europesays.com\/fr\/wp-json\/wp\/v2\/posts\/351516\/revisions"}],"wp:featuredmedia":[{"embeddable":true,"href":"https:\/\/www.europesays.com\/fr\/wp-json\/wp\/v2\/media\/351517"}],"wp:attachment":[{"href":"https:\/\/www.europesays.com\/fr\/wp-json\/wp\/v2\/media?parent=351516"}],"wp:term":[{"taxonomy":"category","embeddable":true,"href":"https:\/\/www.europesays.com\/fr\/wp-json\/wp\/v2\/categories?post=351516"},{"taxonomy":"post_tag","embeddable":true,"href":"https:\/\/www.europesays.com\/fr\/wp-json\/wp\/v2\/tags?post=351516"}],"curies":[{"name":"wp","href":"https:\/\/api.w.org\/{rel}","templated":true}]}}