{"id":351520,"date":"2025-08-29T06:06:10","date_gmt":"2025-08-29T06:06:10","guid":{"rendered":"https:\/\/www.europesays.com\/fr\/351520\/"},"modified":"2025-08-29T06:06:10","modified_gmt":"2025-08-29T06:06:10","slug":"oliveira-ecarte-par-yamaha-aprilia-lui-laisse-une-derniere-chance","status":"publish","type":"post","link":"https:\/\/www.europesays.com\/fr\/351520\/","title":{"rendered":"Oliveira \u00e9cart\u00e9 par Yamaha, Aprilia lui laisse une derni\u00e8re chance"},"content":{"rendered":"<p>Apr\u00e8s plusieurs saisons marqu\u00e9es par des r\u00e9sultats irr\u00e9guliers, Yamaha a fait le choix de miser sur Jack Miller pour son futur projet avec Pramac. Une d\u00e9cision qui laisse Oliveira sans guidon assur\u00e9 et fragilise son statut au sein du plateau.<\/p>\n<p><b>Aprilia, une option s\u00e9rieuse<\/b><\/p>\n<p>Si Yamaha lui ferme la porte, Aprilia garde un int\u00e9r\u00eat pour le Portugais. Le constructeur italien pourrait lui offrir un r\u00f4le de pilote d\u2019essai ou de d\u00e9veloppement, une mani\u00e8re de conserver son expertise et son exp\u00e9rience. Cette perspective pourrait repr\u00e9senter un tremplin pour rebondir ou, au minimum, rester dans l\u2019\u00e9cosyst\u00e8me MotoGP.<\/p>\n<p>Pour Oliveira, la situation s\u2019apparente \u00e0 un tournant. Soit il accepte un r\u00f4le secondaire chez Aprilia, en esp\u00e9rant retrouver une opportunit\u00e9 en piste, soit il devra envisager une reconversion hors de la cat\u00e9gorie reine. \u00c0 ce stade, son avenir d\u00e9pend largement des choix strat\u00e9giques des \u00e9quipes et de sa capacit\u00e9 \u00e0 convaincre qu\u2019il a encore sa place au plus haut niveau.<\/p>\n<p>Miguel Oliveira est d\u00e9sormais dos au mur. Yamaha a choisi d\u2019aller de l\u2019avant sans lui, et Aprilia repr\u00e9sente sa derni\u00e8re v\u00e9ritable chance de prolonger son histoire en MotoGP. L\u2019avenir du Portugais se jouera dans les prochains mois, entre survie et renouveau.<\/p>\n<p>    Partagez cette info avec vos amis et vos proches en cliquant ici  <\/p>\n<p> Podcasts \u00e0 la une MEN LIFE <\/p>\n<p>    MotoGP : Yamaha l\u00e2che Oliveira, Aprilia comme ultime espoir\u2028<\/p>\n<p>Miguel Oliveira vit un moment charni\u00e8re de sa carri\u00e8re. \u00c9cart\u00e9 des plans de Yamaha pour 2026, le Portugais pourrait trouver refuge chez Aprilia, seule \u00e9quipe encore pr\u00eate \u00e0 lui offrir une place, possiblement comme pilote d\u2019essai ou de d\u00e9veloppement. Un r\u00f4le qui pourrait prolonger sa pr\u00e9sence en MotoGP et lui donner une chance de rebondir.<\/p>\n<p>R\u00e9dacteur<\/p>\n<p><img decoding=\"async\" width=\"76\" height=\"76\" loading=\"lazy\" src=\"https:\/\/www.europesays.com\/fr\/wp-content\/uploads\/2025\/04\/avatar-sport-am.png\" alt=\"Victor Teyssier\"\/><\/p>\n","protected":false},"excerpt":{"rendered":"Apr\u00e8s plusieurs saisons marqu\u00e9es par des r\u00e9sultats irr\u00e9guliers, Yamaha a fait le choix de miser sur Jack Miller&hellip;\n","protected":false},"author":2,"featured_media":351521,"comment_status":"","ping_status":"","sticky":false,"template":"","format":"standard","meta":{"footnotes":""},"categories":[1413],"tags":[1011,27,1457,1456,60],"class_list":{"0":"post-351520","1":"post","2":"type-post","3":"status-publish","4":"format-standard","5":"has-post-thumbnail","7":"category-moto","8":"tag-fr","9":"tag-france","10":"tag-moto","11":"tag-motocycle","12":"tag-sports"},"share_on_mastodon":{"url":"https:\/\/pubeurope.com\/@fr\/115110557184657009","error":""},"_links":{"self":[{"href":"https:\/\/www.europesays.com\/fr\/wp-json\/wp\/v2\/posts\/351520","targetHints":{"allow":["GET"]}}],"collection":[{"href":"https:\/\/www.europesays.com\/fr\/wp-json\/wp\/v2\/posts"}],"about":[{"href":"https:\/\/www.europesays.com\/fr\/wp-json\/wp\/v2\/types\/post"}],"author":[{"embeddable":true,"href":"https:\/\/www.europesays.com\/fr\/wp-json\/wp\/v2\/users\/2"}],"replies":[{"embeddable":true,"href":"https:\/\/www.europesays.com\/fr\/wp-json\/wp\/v2\/comments?post=351520"}],"version-history":[{"count":0,"href":"https:\/\/www.europesays.com\/fr\/wp-json\/wp\/v2\/posts\/351520\/revisions"}],"wp:featuredmedia":[{"embeddable":true,"href":"https:\/\/www.europesays.com\/fr\/wp-json\/wp\/v2\/media\/351521"}],"wp:attachment":[{"href":"https:\/\/www.europesays.com\/fr\/wp-json\/wp\/v2\/media?parent=351520"}],"wp:term":[{"taxonomy":"category","embeddable":true,"href":"https:\/\/www.europesays.com\/fr\/wp-json\/wp\/v2\/categories?post=351520"},{"taxonomy":"post_tag","embeddable":true,"href":"https:\/\/www.europesays.com\/fr\/wp-json\/wp\/v2\/tags?post=351520"}],"curies":[{"name":"wp","href":"https:\/\/api.w.org\/{rel}","templated":true}]}}