{"id":351522,"date":"2025-08-29T06:07:11","date_gmt":"2025-08-29T06:07:11","guid":{"rendered":"https:\/\/www.europesays.com\/fr\/351522\/"},"modified":"2025-08-29T06:07:11","modified_gmt":"2025-08-29T06:07:11","slug":"brown-ouvre-la-porte-de-lhypercar-mclaren-a-verstappen","status":"publish","type":"post","link":"https:\/\/www.europesays.com\/fr\/351522\/","title":{"rendered":"Brown ouvre la porte de l\u2019Hypercar McLaren \u00e0 Verstappen"},"content":{"rendered":"<p>D\u2019une \u00ab\u00a0Orange Army\u00a0\u00bb au orange papaye, <a href=\"https:\/\/www.autohebdo.fr\/pilote\/f1\/max-verstappen\" data-internallinksmanager029f6b8e52c=\"2\" title=\"Max Verstappen\" rel=\"nofollow noopener\" target=\"_blank\">Max Verstappen<\/a> ne serait pas trop d\u00e9pays\u00e9. Le N\u00e9erlandais s\u2019est toujours montr\u00e9 clairement ouvert \u00e0 un avenir en <a href=\"https:\/\/www.autohebdo.fr\/actualites\/endurance\" data-internallinksmanager029f6b8e52c=\"55\" title=\"Endurance\" rel=\"nofollow noopener\" target=\"_blank\">Endurance<\/a>, \u00e9tant m\u00eame propri\u00e9taire d\u2019une \u00e9curie engag\u00e9e en GT World Challenge Europe Endurance Cup. Alors que <a href=\"https:\/\/www.autohebdo.fr\/actualites\/ecurie\/mclaren\" data-internallinksmanager029f6b8e52c=\"76\" title=\"Ecurie F1 McLaren Racing\" rel=\"nofollow noopener\" target=\"_blank\">McLaren<\/a> s\u2019engagera justement en <a href=\"https:\/\/www.autohebdo.fr\/actualites\/endurance\/wec\" data-internallinksmanager029f6b8e52c=\"57\" title=\"WEC\" rel=\"nofollow noopener\" target=\"_blank\">WEC<\/a> avec son Hypercar d\u00e8s 2027, Zak Brown s\u2019est montr\u00e9 ouvert \u00e0 une collaboration avec le Batave.<\/p>\n<p>\u00ab Max [Verstappen] serait un excellent \u00e9quipier en Endurance, confie le patron de McLaren au quotidien N\u00e9erlandais <a href=\"https:\/\/www.telegraaf.nl\/sport\/autosport\/mclaren-baas-zak-brown-draagt-oranje-en-racete-al-tegen-jos-verstappen-en-samenwerken-met-max-wie-weet-ooit\/86130900.html\" target=\"_blank\" rel=\"noopener nofollow\">De Telegraaf<\/a>. Il a r\u00e9cemment d\u00e9montr\u00e9 sur la Nordschleife \u00e0 quel point il est rapide. C\u2019est un pilote formidable. Ce n\u2019est pas pour rien qu\u2019il est quadruple champion. C\u2019est en tout cas un plaisir pour moi de travailler avec tous les pilotes du programme McLaren. Et avec Max, qui sait\u00a0? Un jour peut-\u00eatre\u2026 \u00bb<\/p>\n<p><strong>\u00c0 LIRE AUSSI &gt; <a href=\"https:\/\/www.autohebdo.fr\/actualites\/endurance\/wec\/pourquoi-mclaren-met-son-hypercar-en-vente-avant-meme-quelle-ait-roule.html\" target=\"_blank\" rel=\"noopener nofollow\">Pourquoi McLaren met son Hypercar en vente avant m\u00eame qu\u2019elle ait roul\u00e9 ?<\/a><\/strong><\/p>\n<p>Pilote de Formule 1 et 24 Heures du Mans\u00a0: retour vers le futur<\/p>\n<p>Apr\u00e8s avoir litt\u00e9ralement lev\u00e9 le voile sur l\u2019Hypercar que la structure de Woking engagera en Endurance d\u00e8s 2027, l\u2019homme d\u2019affaires am\u00e9ricain avait d\u00e9voil\u00e9, en conf\u00e9rence de presse, aux <a href=\"https:\/\/www.autohebdo.fr\/actualites\/endurance\/wec\/24-h-le-mans\" data-internallinksmanager029f6b8e52c=\"56\" title=\"24h du mans\" rel=\"nofollow noopener\" target=\"_blank\">24 Heures du Mans<\/a>, plus t\u00f4t cette ann\u00e9e, avoir discut\u00e9 avec ses pilotes de <a href=\"https:\/\/www.autohebdo.fr\/actualites\/f1\" data-internallinksmanager029f6b8e52c=\"1\" title=\"F1\" rel=\"nofollow noopener\" target=\"_blank\">Formule 1<\/a>, actuellement en t\u00eate du championnat, <a href=\"https:\/\/www.autohebdo.fr\/pilote\/f1\/oscar-piastri\" data-internallinksmanager029f6b8e52c=\"96\" title=\"Oscar Piastri\" rel=\"nofollow noopener\" target=\"_blank\">Oscar Piastri<\/a> et <a href=\"https:\/\/www.autohebdo.fr\/pilote\/f1\/lando-norris\" data-internallinksmanager029f6b8e52c=\"11\" title=\"Lando Norris\" rel=\"nofollow noopener\" target=\"_blank\">Lando Norris<\/a>, de la possibilit\u00e9 de participer au mythique double tour d\u2019horloge.<\/p>\n<p>Signe de l\u2019effervescence du championnat d\u2019Endurance, les pilotes se montrant int\u00e9ress\u00e9s par une pige aux 24 Heures du Mans se multiplient. Outre les pilotes McLaren, <a href=\"https:\/\/www.autohebdo.fr\/pilote\/f1\/charles-leclerc\" data-internallinksmanager029f6b8e52c=\"5\" title=\"Charles Leclerc\" rel=\"nofollow noopener\" target=\"_blank\">Charles Leclerc<\/a> avait par exemple exprim\u00e9 son souhait d\u2019en prendre un jour le d\u00e9part, ce qu\u2019a d\u00e9j\u00e0 fait <a href=\"https:\/\/www.autohebdo.fr\/pilote\/f1\/fernando-alonso\" data-internallinksmanager029f6b8e52c=\"27\" title=\"Fernando Alonso\" rel=\"nofollow noopener\" target=\"_blank\">Fernando Alonso<\/a>, vainqueur en 2018 et 2019 avec <a href=\"https:\/\/www.autohebdo.fr\/actualites\/ecurie\/toyota\" data-internallinksmanager029f6b8e52c=\"108\" title=\"Toyota\" rel=\"nofollow noopener\" target=\"_blank\">Toyota<\/a> et s\u2019\u00e9tant ouvert \u00e0 une participation aux c\u00f4t\u00e9s de Max Verstappen sur l\u2019\u00e9preuve.<\/p>\n<p>Si une collaboration entre Max Verstappen et l\u2019\u00e9curie papaye est peu probable, Zak Brown ne peut pour l\u2019instant se rattacher qu\u2019\u00e0 ses ann\u00e9es partag\u00e9es en piste avec un autre Verstappen\u00a0: son p\u00e8re Jos, au c\u0153ur du championnat du Benelux de Formule Opel Lotus, d\u2019un tout autre calibre\u2026 \u00ab Jos [Verstappen] a pratiquement tout gagn\u00e9. C\u2019est vraiment un pilote qui avait beaucoup plus de talent que ses r\u00e9sultats ne le laissent supposer, et qui n\u2019a jamais vraiment eu sa chance en Formule 1. Bien s\u00fbr, il s\u2019est retrouv\u00e9 chez Benetton aux c\u00f4t\u00e9s de <a href=\"https:\/\/www.autohebdo.fr\/pilote\/f1\/michael-schumacher\" data-internallinksmanager029f6b8e52c=\"24\" title=\"Michael Schumacher\" rel=\"nofollow noopener\" target=\"_blank\">Michael Schumacher<\/a>, ce qui n\u2019\u00e9tait peut-\u00eatre pas id\u00e9al pour lui. \u00bb<\/p>\n<p><strong>\u00c0 LIRE AUSSI &gt;\u00a0<a href=\"https:\/\/www.autohebdo.fr\/actualites\/f1\/comment-la-naissance-de-sa-fille-a-change-le-regard-de-max-verstappen-sur-la-f1.html\" target=\"_blank\" rel=\"noopener nofollow\">Comment la naissance de sa fille a chang\u00e9 le regard de Max Verstappen sur la F1 ?<\/a><\/strong><\/p>\n","protected":false},"excerpt":{"rendered":"D\u2019une \u00ab\u00a0Orange Army\u00a0\u00bb au orange papaye, Max Verstappen ne serait pas trop d\u00e9pays\u00e9. Le N\u00e9erlandais s\u2019est toujours montr\u00e9&hellip;\n","protected":false},"author":2,"featured_media":351523,"comment_status":"","ping_status":"","sticky":false,"template":"","format":"standard","meta":{"footnotes":""},"categories":[1412],"tags":[1451,1452,1453,1454,1455,1011,27,60],"class_list":{"0":"post-351522","1":"post","2":"type-post","3":"status-publish","4":"format-standard","5":"has-post-thumbnail","7":"category-f1","8":"tag-f1","9":"tag-formula-1","10":"tag-formula1","11":"tag-formule-1","12":"tag-formule1","13":"tag-fr","14":"tag-france","15":"tag-sports"},"share_on_mastodon":{"url":"https:\/\/pubeurope.com\/@fr\/115110559249128286","error":""},"_links":{"self":[{"href":"https:\/\/www.europesays.com\/fr\/wp-json\/wp\/v2\/posts\/351522","targetHints":{"allow":["GET"]}}],"collection":[{"href":"https:\/\/www.europesays.com\/fr\/wp-json\/wp\/v2\/posts"}],"about":[{"href":"https:\/\/www.europesays.com\/fr\/wp-json\/wp\/v2\/types\/post"}],"author":[{"embeddable":true,"href":"https:\/\/www.europesays.com\/fr\/wp-json\/wp\/v2\/users\/2"}],"replies":[{"embeddable":true,"href":"https:\/\/www.europesays.com\/fr\/wp-json\/wp\/v2\/comments?post=351522"}],"version-history":[{"count":0,"href":"https:\/\/www.europesays.com\/fr\/wp-json\/wp\/v2\/posts\/351522\/revisions"}],"wp:featuredmedia":[{"embeddable":true,"href":"https:\/\/www.europesays.com\/fr\/wp-json\/wp\/v2\/media\/351523"}],"wp:attachment":[{"href":"https:\/\/www.europesays.com\/fr\/wp-json\/wp\/v2\/media?parent=351522"}],"wp:term":[{"taxonomy":"category","embeddable":true,"href":"https:\/\/www.europesays.com\/fr\/wp-json\/wp\/v2\/categories?post=351522"},{"taxonomy":"post_tag","embeddable":true,"href":"https:\/\/www.europesays.com\/fr\/wp-json\/wp\/v2\/tags?post=351522"}],"curies":[{"name":"wp","href":"https:\/\/api.w.org\/{rel}","templated":true}]}}