{"id":351526,"date":"2025-08-29T06:09:08","date_gmt":"2025-08-29T06:09:08","guid":{"rendered":"https:\/\/www.europesays.com\/fr\/351526\/"},"modified":"2025-08-29T06:09:08","modified_gmt":"2025-08-29T06:09:08","slug":"psg-transfert-de-donnarumma-la-destination-surprise-annoncee-par-riolo","status":"publish","type":"post","link":"https:\/\/www.europesays.com\/fr\/351526\/","title":{"rendered":"PSG &#8211; Transfert de Donnarumma : La destination surprise annonc\u00e9e par Riolo !"},"content":{"rendered":"<p>                    Thibault Morlain<br \/>\n                        &#8211;<\/p>\n<p>Journaliste<\/p>\n<p>Apr\u00e8s s\u2019\u00eatre essay\u00e9 \u00e0 diff\u00e9rents sports, Thibault se tourne vers une carri\u00e8re de footballeur amateur. Au moment de faire un choix entre devenir footballeur professionnel et journaliste, les qualit\u00e9s ont fait pencher la balance d\u2019un c\u00f4t\u00e9. Le voil\u00e0 d\u00e9sormais au sein de la r\u00e9daction du 10 Sport, apr\u00e8s un dipl\u00f4me obtenu \u00e0 l\u2019Institut International de Communication de Paris.<\/p>\n<p class=\"heading\">Pouss\u00e9 aujourd&rsquo;hui vers la sortie par le PSG, Gianluigi Donnarumma se cherche donc un nouveau club. Alors que l&rsquo;Italien est annonc\u00e9 \u00e0 Manchester City, rien n&rsquo;est encore sign\u00e9. D&rsquo;ailleurs, on ne serait pas \u00e0 l&rsquo;abris d&rsquo;un transfert surprise pour Donnarumma. C&rsquo;est Daniel Riolo qui a en tout cas \u00e9voqu\u00e9 ce sc\u00e9nario pour le gardien parisien.\n<\/p>\n<p>L&rsquo;avenir de <strong>Gianluigi Donnarumma<\/strong> s&rsquo;\u00e9crit d\u00e9sormais loin du <a href=\"https:\/\/le10sport.com\/football\/mercato\/jai-pris-une-claque-les-adieux-hallucinants-au-psg-755767\" rel=\"nofollow noopener\" target=\"_blank\">PSG<\/a>. Mais reste encore \u00e0 d\u00e9terminer sa destination. Alors que l&rsquo;Italien est surtout annonc\u00e9 \u00e0 <strong>Manchester City<\/strong>, <strong>Chelsea<\/strong> et <strong>Manchester United<\/strong> pourraient aussi \u00eatre des solutions. Mais on le sait, tout est possible dans le football et il ne faudrait pas exclure une destination surprise pour <strong>Donnarumma<\/strong>.<\/p>\n<p>                                            \u00ab Partir hors d\u2019Europe sera peut-\u00eatre une issue \u00bb<\/p>\n<p>Ainsi, pour Le Figaro, <strong>Daniel Riolo<\/strong> a \u00e9voqu\u00e9 la possibilit\u00e9 que <strong>Gianluigi Donnarumma<\/strong> poursuive sa carri\u00e8re en dehors de l&rsquo;Europe compte tenu de son salaire. \u00ab Pour Gianluigi Donnarumma, partir hors d\u2019Europe sera peut-\u00eatre une issue, car son salaire est si important que m\u00eame de grands clubs comme Chelsea ou la Juventus Turin ne peuvent se l\u2019offrir \u00bb, a annonc\u00e9 le journaliste RMC.<\/p>\n<p>                                            \u00ab Il ne faut pas exclure une multiplication de ces cas \u00bb<\/p>\n<p>Et si <strong>Gianluigi Donnarumma<\/strong> prenait finalement la direction de l&rsquo;Arabie Saoudite comme beaucoup cet \u00e9t\u00e9 ? \u00ab Si bient\u00f4t les salaires baissent en Europe, comme cela se profile except\u00e9 en Angleterre, il ne faut pas exclure une multiplication de ces cas \u00bb, a expliqu\u00e9 <strong>Riolo<\/strong>.<\/p>\n","protected":false},"excerpt":{"rendered":"Thibault Morlain &#8211; Journaliste Apr\u00e8s s\u2019\u00eatre essay\u00e9 \u00e0 diff\u00e9rents sports, Thibault se tourne vers une carri\u00e8re de footballeur&hellip;\n","protected":false},"author":2,"featured_media":351527,"comment_status":"","ping_status":"","sticky":false,"template":"","format":"standard","meta":{"footnotes":""},"categories":[1410],"tags":[63,1011,27,60],"class_list":{"0":"post-351526","1":"post","2":"type-post","3":"status-publish","4":"format-standard","5":"has-post-thumbnail","7":"category-football","8":"tag-football","9":"tag-fr","10":"tag-france","11":"tag-sports"},"share_on_mastodon":{"url":"https:\/\/pubeurope.com\/@fr\/115110567327816576","error":""},"_links":{"self":[{"href":"https:\/\/www.europesays.com\/fr\/wp-json\/wp\/v2\/posts\/351526","targetHints":{"allow":["GET"]}}],"collection":[{"href":"https:\/\/www.europesays.com\/fr\/wp-json\/wp\/v2\/posts"}],"about":[{"href":"https:\/\/www.europesays.com\/fr\/wp-json\/wp\/v2\/types\/post"}],"author":[{"embeddable":true,"href":"https:\/\/www.europesays.com\/fr\/wp-json\/wp\/v2\/users\/2"}],"replies":[{"embeddable":true,"href":"https:\/\/www.europesays.com\/fr\/wp-json\/wp\/v2\/comments?post=351526"}],"version-history":[{"count":0,"href":"https:\/\/www.europesays.com\/fr\/wp-json\/wp\/v2\/posts\/351526\/revisions"}],"wp:featuredmedia":[{"embeddable":true,"href":"https:\/\/www.europesays.com\/fr\/wp-json\/wp\/v2\/media\/351527"}],"wp:attachment":[{"href":"https:\/\/www.europesays.com\/fr\/wp-json\/wp\/v2\/media?parent=351526"}],"wp:term":[{"taxonomy":"category","embeddable":true,"href":"https:\/\/www.europesays.com\/fr\/wp-json\/wp\/v2\/categories?post=351526"},{"taxonomy":"post_tag","embeddable":true,"href":"https:\/\/www.europesays.com\/fr\/wp-json\/wp\/v2\/tags?post=351526"}],"curies":[{"name":"wp","href":"https:\/\/api.w.org\/{rel}","templated":true}]}}