{"id":351528,"date":"2025-08-29T06:10:14","date_gmt":"2025-08-29T06:10:14","guid":{"rendered":"https:\/\/www.europesays.com\/fr\/351528\/"},"modified":"2025-08-29T06:10:14","modified_gmt":"2025-08-29T06:10:14","slug":"sa-compagne-a-donne-naissan","status":"publish","type":"post","link":"https:\/\/www.europesays.com\/fr\/351528\/","title":{"rendered":"sa compagne a donn\u00e9 naissan &#8230;"},"content":{"rendered":"<p>EN BREF<\/p>\n<ul class=\"bloc_resume_post_list\">\n<li>Le 28 ao\u00fbt 2025, Elie Semoun annonce la naissance de son<br \/>\ndeuxi\u00e8me fils \u00e0 61 ans.<\/li>\n<li>L\u00a0\u00bbhumoriste partage une photo \u00e9motive de la main de son<br \/>\nnouveau-n\u00e9 sur Instagram.<\/li>\n<li>Le pr\u00e9nom du b\u00e9b\u00e9 reste inconnu, ajoutant une touche de<br \/>\nmyst\u00e8re \u00e0 cet \u00e9v\u00e9nement familial.<\/li>\n<\/ul>\n<p>En avril dernier, Elie Semoun r\u00e9v\u00e9lait avec \u00e9motion qu\u2019il allait<br \/>\n\u00eatre \u00e0 nouveau papa. Ce jeudi 28 ao\u00fbt 2025, l\u2019humoriste a annonc\u00e9<br \/>\nla naissance de son petit gar\u00e7on.<\/p>\n<p>Il a partag\u00e9 une tendre photo de la main de son b\u00e9b\u00e9, lui<br \/>\nagrippant le doigt. Un \u201caccident heureux\u201d qu\u2019il savoure<br \/>\npleinement, \u00e0 61 ans.<\/p>\n<p>Elie Semoun \u00e0 nouveau papa, il annonce la naissance de son<br \/>\ndeuxi\u00e8me fils<\/p>\n<p>Trente ans apr\u00e8s la venue au monde de son premier fils, Antoine,<br \/>\n<a href=\"https:\/\/www.telestar.fr\/people\/quelque-chose-en-plus-bouleversant-elie-semoun-sexprime-sur-le-handicap-de-son-fils-de-28-ans-avec-qui-il-vit-1679774\" rel=\"nofollow noopener\" target=\"_blank\"><br \/>\nElie Semoun<\/a> est \u00e0 nouveau papa. En avril dernier, il avait<br \/>\nannonc\u00e9 la surprenante <a href=\"https:\/\/www.telestar.fr\/people\/yann-barthes-reste-coi-elie-semoun-lache-une-bombe-sur-sa-future-paternite-dans-quotidien-1717694\" rel=\"nofollow noopener\" target=\"_blank\"><br \/>\nnouvelle<\/a> \u00e0 <a href=\"https:\/\/www.telestar.fr\/actu_tv\/quotidien-une-sequence-ne-passe-pas-du-tout-rappel-a-lordre-strict-avant-la-rentree-de-yann-barthes-1735319\" rel=\"nofollow noopener\" target=\"_blank\"><br \/>\nYann Barth\u00e8s<\/a>, sur le plateau de Quotidien. \u00ab\u00a0Je<br \/>\nvais vous donner un scoop\u2026\u00a0<strong>Je vais \u00eatre<br \/>\npapa<\/strong>.\u00a0Beaucoup de choses m\u2019attendent. <strong>Un<br \/>\nvieux papa<\/strong>.\u00a0En septembre je le serai !\u00a0\u00bb avait-il<br \/>\nannonc\u00e9, \u00e9mu. Ce 28 ao\u00fbt, sa compagne <strong>Aude<br \/>\nFraineau<\/strong> a accouch\u00e9 d&rsquo;un petit gar\u00e7on, comme il l\u2019a<br \/>\nannonc\u00e9 sur Instagram. \u00ab\u00a0<strong>28\/08\/2025 \u00e0 10h28 un<br \/>\npetit monsieur est n\u00e9<\/strong>\u00a0\u00bb a-t-il \u00e9crit sous la photo de<br \/>\nla main du b\u00e9b\u00e9.<\/p>\n<p>L\u2019artiste de 61 ans n\u2019avait jamais \u00e9voqu\u00e9 son souhait de devenir<br \/>\npapa une seconde fois. \u00ab\u00a0Je suis d\u00e9j\u00e0 heureux. Comme je l\u2019ai<br \/>\ndit, c\u2019est u<strong>n accident heureux, ce n\u2019\u00e9tait pas<br \/>\npr\u00e9vu<\/strong>\u00a0\u00bb avait-il d\u00e9clar\u00e9 dans Les Grosses<br \/>\nT\u00eates, sur RTL, en avril.<\/p>\n<blockquote class=\"instagram-media\" style=\"background: #ffffff;border: 0;margin: 1px;width: 100%;padding: 0;max-width: 500px;\" data-instgrm-permalink=\"https:\/\/www.instagram.com\/p\/DN5_M9QCIaZ\/\" data-instgrm-version=\"14\"\/><p>\nElie Semoun \u00e9voque son premier fils,<br \/>\nAntoine, diagnostiqu\u00e9 autiste<\/p>\n<p>En effet, sa premi\u00e8re paternit\u00e9 ne s\u2019\u00e9tait pas pass\u00e9e comme<br \/>\npr\u00e9vu et <a href=\"https:\/\/www.telestar.fr\/people\/ce-serait-surement-devenu-un-mec-bien-pourquoi-elie-semoun-ne-renouera-jamais-avec-dieudonne-829592\" rel=\"nofollow noopener\" target=\"_blank\"><br \/>\nl\u2019humoriste<\/a> avait v\u00e9cu des moments difficiles. Antoine, n\u00e9<br \/>\n<strong>grand pr\u00e9matur\u00e9<\/strong> \u00e0 cinq mois et demi de grossesse,<br \/>\nne pesait que 750 grammes. Il a ensuite \u00e9t\u00e9 diagnostiqu\u00e9<br \/>\n<strong>autiste<\/strong>. Mais Elie Semoun a toujours vu en cette<br \/>\ndiff\u00e9rence une v\u00e9ritable force chez son enfant. Il avait alors<br \/>\nd\u00e9clar\u00e9, avec tendresse : \u00ab\u00a0Mon fils est diff\u00e9rent mais<br \/>\n<strong>j\u2019adore cette diff\u00e9rence<\/strong>.\u00a0On l\u2019a r\u00e9duit \u00e0 un<br \/>\nenfant autiste parce qu\u2019il souffre d\u2019un l\u00e9ger syndrome Asperger<br \/>\nmais cette diff\u00e9rence, <strong>c\u2019est sa<br \/>\nrichesse<\/strong>\u00ab\u00a0.<\/p>\n<p>\u00c0 plus de soixante ans, l\u2019humoriste se replonge donc dans les<br \/>\nnuits courtes et les biberons. Cet\u00a0\u00ab\u00a0accident heureux\u00a0\u00bb<br \/>\nvient donc bouleverser la vie d\u2019Elie Semoun. Pour le moment, le<br \/>\npr\u00e9nom du petit gar\u00e7on reste un myst\u00e8re.<\/p>\n<p><script async src=\"\/\/www.instagram.com\/embed.js\"><\/script><\/p>\n","protected":false},"excerpt":{"rendered":"EN BREF Le 28 ao\u00fbt 2025, Elie Semoun annonce la naissance de son deuxi\u00e8me fils \u00e0 61 ans.&hellip;\n","protected":false},"author":2,"featured_media":351529,"comment_status":"","ping_status":"","sticky":false,"template":"","format":"standard","meta":{"footnotes":""},"categories":[1359],"tags":[548,58,59,1011,27,973],"class_list":{"0":"post-351528","1":"post","2":"type-post","3":"status-publish","4":"format-standard","5":"has-post-thumbnail","7":"category-people","8":"tag-article-simple","9":"tag-divertissement","10":"tag-entertainment","11":"tag-fr","12":"tag-france","13":"tag-people"},"share_on_mastodon":{"url":"https:\/\/pubeurope.com\/@fr\/115110571162743609","error":""},"_links":{"self":[{"href":"https:\/\/www.europesays.com\/fr\/wp-json\/wp\/v2\/posts\/351528","targetHints":{"allow":["GET"]}}],"collection":[{"href":"https:\/\/www.europesays.com\/fr\/wp-json\/wp\/v2\/posts"}],"about":[{"href":"https:\/\/www.europesays.com\/fr\/wp-json\/wp\/v2\/types\/post"}],"author":[{"embeddable":true,"href":"https:\/\/www.europesays.com\/fr\/wp-json\/wp\/v2\/users\/2"}],"replies":[{"embeddable":true,"href":"https:\/\/www.europesays.com\/fr\/wp-json\/wp\/v2\/comments?post=351528"}],"version-history":[{"count":0,"href":"https:\/\/www.europesays.com\/fr\/wp-json\/wp\/v2\/posts\/351528\/revisions"}],"wp:featuredmedia":[{"embeddable":true,"href":"https:\/\/www.europesays.com\/fr\/wp-json\/wp\/v2\/media\/351529"}],"wp:attachment":[{"href":"https:\/\/www.europesays.com\/fr\/wp-json\/wp\/v2\/media?parent=351528"}],"wp:term":[{"taxonomy":"category","embeddable":true,"href":"https:\/\/www.europesays.com\/fr\/wp-json\/wp\/v2\/categories?post=351528"},{"taxonomy":"post_tag","embeddable":true,"href":"https:\/\/www.europesays.com\/fr\/wp-json\/wp\/v2\/tags?post=351528"}],"curies":[{"name":"wp","href":"https:\/\/api.w.org\/{rel}","templated":true}]}}