{"id":351530,"date":"2025-08-29T06:11:15","date_gmt":"2025-08-29T06:11:15","guid":{"rendered":"https:\/\/www.europesays.com\/fr\/351530\/"},"modified":"2025-08-29T06:11:15","modified_gmt":"2025-08-29T06:11:15","slug":"jai-un-peu-plus-despoir-sur-le-systeme-et-les-difficultes-de-la-vie-lartiste-peintre-boris-garanger-devoile-ses-oeuvres-recentes-creees-en-residence-a-perpignan","status":"publish","type":"post","link":"https:\/\/www.europesays.com\/fr\/351530\/","title":{"rendered":"\u00ab\u00a0J\u2019ai un peu plus d\u2019espoir sur le syst\u00e8me et les difficult\u00e9s de la vie\u00a0\u00bb\u00a0: l\u2019artiste peintre Boris Garanger d\u00e9voile ses \u0153uvres r\u00e9centes cr\u00e9\u00e9es en r\u00e9sidence \u00e0 Perpignan"},"content":{"rendered":"<p>\n                                                                La galerie Roger Castang, install\u00e9e sur la place Gambetta \u00e0 Perpignan accueille jusqu\u2019au 13\u00a0septembre 2025 l\u2019artiste Boris Garanger, laur\u00e9at du Prix Jean-Yves Ferrer 2025.\n                            <\/p>\n<p>C\u2019est sur la place Gambetta \u00e0 Perpignan, plus pr\u00e9cis\u00e9ment \u00e0 la galerie Roger Castang, que les \u0153uvres de l\u2019artiste Boris Garanger, originaire de Mayenne (Pays de la Loire) ont trouv\u00e9\u00a0refuge jusqu\u2019au 13\u00a0septembre 2025.<\/p>\n<p>Apr\u00e8s cinq semaines de r\u00e9sidence dans un atelier perpignanais, le peintre et plasticien, aussi professeur d\u2019art visuel au conservatoire de Mayenne, s\u2019est inspir\u00e9 de l\u2019ambiance locale et de ses rencontres pour pr\u00e9senter son travail \u00e0 la fois figuratif et abstrait. Un travail qui a \u00e9t\u00e9 possible puisque Boris Garanger a \u00e9t\u00e9 laur\u00e9at du Prix Jean-Yves Ferrer 2025* qui r\u00e9compense chaque ann\u00e9e \u00ab\u00a0un artiste dont le travail porte les valeurs de la spiritualit\u00e9, de la paix et de la tol\u00e9rance\u00a0\u00bb.<\/p>\n<p>        <img decoding=\"async\" class=\"std-img__img responsive-img\" src=\"https:\/\/www.europesays.com\/fr\/wp-content\/uploads\/2025\/08\/1756447874_764_image.jpg\" alt=\"L'exposition de Boris Garanger se d\u00e9roule jusqu'au 13 septembre 2025 \u00e0 la galerie Roger Castang.\"\/><\/p>\n<p>                L&rsquo;exposition de Boris Garanger se d\u00e9roule jusqu&rsquo;au 13 septembre 2025 \u00e0 la galerie Roger Castang.<br \/>\n                                    L&rsquo;INDEPENDANT &#8211; MICHEL CLEMENTZ<\/p>\n<blockquote>\n<p>\u00c7a m\u2019a permis d\u2019aller puiser dans l\u2019imagination<\/p>\n<\/blockquote>\n<p>Des valeurs qui s\u2019inscrivent\u00a0sur les quatre murs de la galerie \u00e0 travers les peintures de Boris Garanger et son \u00e9pisode perpignanais. \u00ab\u00a0Je ne connaissais pas cette r\u00e9gion. On y trouve une lumi\u00e8re diff\u00e9rente, de la chaleur. \u00c7a m\u2019a nourri, tout comme les rencontres que j\u2019ai faites ici\u00a0\u00bb confie l\u2019artiste se livrant un peu plus\u00a0sur son travail. \u00ab\u00a0Je peins depuis mes 19 ans, j\u2019ai ensuite fait une longue pause et je m\u2019y suis remis en 2017. Je peignais \u00e0 l\u2019huile puis j\u2019ai d\u00e9couvert l\u2019acrylique, j\u2019y ai ajout\u00e9 aussi de la mati\u00e8re. J\u2019ai d\u00e9marr\u00e9 avec des formes, plus figuratives. Et l\u00e0 par envie et par contraintes de temps je me suis aussi dirig\u00e9 vers l\u2019abstrait, \u00e7a m\u2019a permis d\u2019aller puiser dans l\u2019imagination. L\u00e0 les limites sont moins form\u00e9es, il y a une place \u00e0 l\u2019interpr\u00e9tation\u00a0\u00bb, explique Boris Garanger. Comme ce tableau intitul\u00e9 \u00ab\u00a0Dyptique n\u00b02\u00a0\u00bb qui repr\u00e9sente une manifestation de militantes Femen et qui d\u00e9voile des morceaux de corps nus.<\/p>\n<p>        <img decoding=\"async\" class=\"std-img__img responsive-img\" src=\"https:\/\/www.europesays.com\/fr\/wp-content\/uploads\/2025\/08\/1756447875_930_image.jpg\" alt=\"L'exposition de Boris Garanger se d\u00e9roule jusqu'au 13 septembre 2025 \u00e0 la galerie Roger Castang.\"\/><\/p>\n<p>                L&rsquo;exposition de Boris Garanger se d\u00e9roule jusqu&rsquo;au 13 septembre 2025 \u00e0 la galerie Roger Castang.<br \/>\n                                    L&rsquo;INDEPENDANT &#8211; MICHEL CLEMENTZ<\/p>\n<blockquote>\n<p>On m\u2019a souvent dit que ce que je peignais \u00e9tait sombre<\/p>\n<\/blockquote>\n<p>Dans ses \u0153uvres, l\u2019artiste aime coller \u00e0 l\u2019actualit\u00e9 et cibler son travail sur une partie de la population. \u00ab\u00a0Ceux\u00a0qui auraient v\u00e9cu dans la gal\u00e8re, les gens qui se battent, qui n\u2019ont pas beaucoup d\u2019argent, les migrants, les ouvriers, les m\u00e9tiers difficiles\u00a0\u00bb, confie-t-il.\u00a0Comme c\u2019est le cas sur le tableau \u00ab\u00a0La blouse\u00a0\u00bb, o\u00f9 on y devine un ouvrier en tenue de travail, peint dans des couleurs sombres. Des tonalit\u00e9s de peinture sur lesquelles a \u00e9volu\u00e9 Boris Garanger\u00a0: \u00ab\u00a0On m\u2019a souvent dit que ce que je peignais \u00e9tait sombre. Il y avait cette notion de dystopie, o\u00f9 je me nourris du syst\u00e8me, de la difficult\u00e9 de la vie. Mais aujourd\u2019hui, j\u2019y ajoute des touches plus acidul\u00e9es. Un signe que j\u2019ai un peu plus d\u2019espoir sur tout \u00e7a\u00a0\u00bb.<\/p>\n<p>Exposition jusqu\u2019au 13\u00a0septembre 2025 \u00e0 la Galerie Roger Castang, place Gambetta \u00e0 Perpignan. Ouvert du lundi au samedi de 10\u00a0h\u00a030 \u00e0 13\u00a0h et de 14\u00a0h\u00a030 \u00e0 19\u00a0h.<\/p>\n<p>* Le Prix Jean-Yves Ferrer a \u00e9t\u00e9 cr\u00e9\u00e9 en 2024 par Guy Ferrer en hommage \u00e0 son petit fr\u00e8re. Le prix, abrit\u00e9 par la Fondation Taylor Paris, offre une dotation financi\u00e8re pour la cr\u00e9ation d\u2019un projet artistique, une r\u00e9sidence de cr\u00e9ation avec mise \u00e0 disposition du mat\u00e9riel n\u00e9cessaire et une exposition en galerie ou institution.<\/p>\n","protected":false},"excerpt":{"rendered":"La galerie Roger Castang, install\u00e9e sur la place Gambetta \u00e0 Perpignan accueille jusqu\u2019au 13\u00a0septembre 2025 l\u2019artiste Boris Garanger,&hellip;\n","protected":false},"author":2,"featured_media":351531,"comment_status":"","ping_status":"","sticky":false,"template":"","format":"standard","meta":{"footnotes":""},"categories":[1358],"tags":[1348,1384,1385,1386,58,59,1011,27],"class_list":{"0":"post-351530","1":"post","2":"type-post","3":"status-publish","4":"format-standard","5":"has-post-thumbnail","7":"category-arts-et-design","8":"tag-arts","9":"tag-arts-and-design","10":"tag-arts-et-design","11":"tag-design","12":"tag-divertissement","13":"tag-entertainment","14":"tag-fr","15":"tag-france"},"share_on_mastodon":{"url":"https:\/\/pubeurope.com\/@fr\/115110576034228313","error":""},"_links":{"self":[{"href":"https:\/\/www.europesays.com\/fr\/wp-json\/wp\/v2\/posts\/351530","targetHints":{"allow":["GET"]}}],"collection":[{"href":"https:\/\/www.europesays.com\/fr\/wp-json\/wp\/v2\/posts"}],"about":[{"href":"https:\/\/www.europesays.com\/fr\/wp-json\/wp\/v2\/types\/post"}],"author":[{"embeddable":true,"href":"https:\/\/www.europesays.com\/fr\/wp-json\/wp\/v2\/users\/2"}],"replies":[{"embeddable":true,"href":"https:\/\/www.europesays.com\/fr\/wp-json\/wp\/v2\/comments?post=351530"}],"version-history":[{"count":0,"href":"https:\/\/www.europesays.com\/fr\/wp-json\/wp\/v2\/posts\/351530\/revisions"}],"wp:featuredmedia":[{"embeddable":true,"href":"https:\/\/www.europesays.com\/fr\/wp-json\/wp\/v2\/media\/351531"}],"wp:attachment":[{"href":"https:\/\/www.europesays.com\/fr\/wp-json\/wp\/v2\/media?parent=351530"}],"wp:term":[{"taxonomy":"category","embeddable":true,"href":"https:\/\/www.europesays.com\/fr\/wp-json\/wp\/v2\/categories?post=351530"},{"taxonomy":"post_tag","embeddable":true,"href":"https:\/\/www.europesays.com\/fr\/wp-json\/wp\/v2\/tags?post=351530"}],"curies":[{"name":"wp","href":"https:\/\/api.w.org\/{rel}","templated":true}]}}