{"id":351534,"date":"2025-08-29T06:13:12","date_gmt":"2025-08-29T06:13:12","guid":{"rendered":"https:\/\/www.europesays.com\/fr\/351534\/"},"modified":"2025-08-29T06:13:12","modified_gmt":"2025-08-29T06:13:12","slug":"television-koh-lanta-gerard-icardi-dit-gege-est-decede","status":"publish","type":"post","link":"https:\/\/www.europesays.com\/fr\/351534\/","title":{"rendered":"T\u00e9l\u00e9vision: \u00abKoh Lanta\u00bb: G\u00e9rard Icardi, dit G\u00e9g\u00e9, est d\u00e9c\u00e9d\u00e9"},"content":{"rendered":"<p>Il avait \u00e9t\u00e9 l&rsquo;une des figures de la saison 11 de \u00abKoh Lanta\u00bb, sur TF1: G\u00e9g\u00e9 est d\u00e9c\u00e9d\u00e9 \u00e0 79 ans, annonce son fils. De son vrai nom G\u00e9rard Icardi, il avait particip\u00e9 \u00e0 cette \u00e9dition tourn\u00e9e en Indon\u00e9sie en 2011, aux c\u00f4t\u00e9s de Teheiura, Laurent ou encore Martin.<\/p>\n<p>G\u00e9g\u00e9 avait int\u00e9gr\u00e9 la tribu des Wasa\u00ef et s&rsquo;\u00e9tait distingu\u00e9 par un caract\u00e8re fort et une volont\u00e9 de fer. Autant dire que tout ne s&rsquo;\u00e9tait pas pass\u00e9 facilement entre lui et les autres concurrents.<\/p>\n<p>Le disparu \u00e9tait \u00e9galement apparu dans \u00abSplash: le grand plongeon\u00bb, un autre jeu aquatique de TF1, en f\u00e9vrier 2013.<\/p>\n<p>En 2015, G\u00e9rard Icardi avait \u00e9t\u00e9 condamn\u00e9 \u00e0 deux ans de prison avec sursis, par le tribunal correctionnel d\u2019Evreux, pour agressions sexuelles sur une ancienne stagiaire mineure.<\/p>\n","protected":false},"excerpt":{"rendered":"Il avait \u00e9t\u00e9 l&rsquo;une des figures de la saison 11 de \u00abKoh Lanta\u00bb, sur TF1: G\u00e9g\u00e9 est d\u00e9c\u00e9d\u00e9&hellip;\n","protected":false},"author":2,"featured_media":351535,"comment_status":"","ping_status":"","sticky":false,"template":"","format":"standard","meta":{"footnotes":""},"categories":[1356],"tags":[58,59,1011,27,252,1364],"class_list":{"0":"post-351534","1":"post","2":"type-post","3":"status-publish","4":"format-standard","5":"has-post-thumbnail","7":"category-television","8":"tag-divertissement","9":"tag-entertainment","10":"tag-fr","11":"tag-france","12":"tag-television","13":"tag-tv"},"share_on_mastodon":{"url":"","error":""},"_links":{"self":[{"href":"https:\/\/www.europesays.com\/fr\/wp-json\/wp\/v2\/posts\/351534","targetHints":{"allow":["GET"]}}],"collection":[{"href":"https:\/\/www.europesays.com\/fr\/wp-json\/wp\/v2\/posts"}],"about":[{"href":"https:\/\/www.europesays.com\/fr\/wp-json\/wp\/v2\/types\/post"}],"author":[{"embeddable":true,"href":"https:\/\/www.europesays.com\/fr\/wp-json\/wp\/v2\/users\/2"}],"replies":[{"embeddable":true,"href":"https:\/\/www.europesays.com\/fr\/wp-json\/wp\/v2\/comments?post=351534"}],"version-history":[{"count":0,"href":"https:\/\/www.europesays.com\/fr\/wp-json\/wp\/v2\/posts\/351534\/revisions"}],"wp:featuredmedia":[{"embeddable":true,"href":"https:\/\/www.europesays.com\/fr\/wp-json\/wp\/v2\/media\/351535"}],"wp:attachment":[{"href":"https:\/\/www.europesays.com\/fr\/wp-json\/wp\/v2\/media?parent=351534"}],"wp:term":[{"taxonomy":"category","embeddable":true,"href":"https:\/\/www.europesays.com\/fr\/wp-json\/wp\/v2\/categories?post=351534"},{"taxonomy":"post_tag","embeddable":true,"href":"https:\/\/www.europesays.com\/fr\/wp-json\/wp\/v2\/tags?post=351534"}],"curies":[{"name":"wp","href":"https:\/\/api.w.org\/{rel}","templated":true}]}}