{"id":351536,"date":"2025-08-29T06:14:14","date_gmt":"2025-08-29T06:14:14","guid":{"rendered":"https:\/\/www.europesays.com\/fr\/351536\/"},"modified":"2025-08-29T06:14:14","modified_gmt":"2025-08-29T06:14:14","slug":"tetes-daffiche-du-rose-festival-2025-sdm-le-visage-du-rap-francais-ses-concerts-sont-toujours-tres-agites","status":"publish","type":"post","link":"https:\/\/www.europesays.com\/fr\/351536\/","title":{"rendered":"T\u00eates d\u2019affiche du Rose Festival 2025. SDM, le visage du rap fran\u00e7ais\u00a0: \u00ab\u00a0Ses concerts sont toujours tr\u00e8s agit\u00e9s\u00a0\u00bb"},"content":{"rendered":"<p>\n                                                                    l&rsquo;essentiel<br \/>\n                                                                Le rappeur fran\u00e7ais SDM, figure incontournable\u00a0du rap hexagonal, investira la sc\u00e8ne du Rose Festival dimanche 31\u00a0ao\u00fbt au MEETT.\u00a0R\u00e9v\u00e9l\u00e9 gr\u00e2ce \u00e0 Booba et son label 92i, il cumule trois albums certifi\u00e9s platine (Ocho, Liens du\u202f100, \u00c0 la vie \u00e0 la mort) et encha\u00eene tubes et tourn\u00e9es triomphales.\n                            <\/p>\n<p data-end=\"442\" data-start=\"331\">Le rappeur SDM\u00a0sera en cl\u00f4ture du Rose Festival, dimanche 31\u00a0ao\u00fbt\u00a0au MEETT, pr\u00e8s de\u00a0Toulouse. Pr\u00e9parez-vous \u00e0 un show intense et m\u00e9lodique, fid\u00e8le \u00e0 un artiste qui a trac\u00e9 sa route hors des sentiers battus.<\/p>\n<p>Un parcours forg\u00e9 dans l\u2019authenticit\u00e9<\/p>\n<p data-end=\"442\" data-start=\"331\">Leonard Saddam Beni Mosabu, alias SDM, na\u00eet \u00e0 Meudon en 1995 et grandit \u00e0 Clamart. Quatri\u00e8me d\u2019une fratrie de dix, il a baign\u00e9 dans les musiques d\u2019Afrique centrale via son p\u00e8re producteur\u00a0: \u00ab\u00a0Koffi Olomid\u00e9\u00a0\u00bb, \u00ab\u00a0Fally Ipupa\u00a0\u00bb sont ses premi\u00e8res influences, avant de d\u00e9couvrir le rap avec Booba ou 50 Cent.<\/p>\n<p>        <img decoding=\"async\" class=\"std-img__img responsive-img\" src=\"https:\/\/www.europesays.com\/fr\/wp-content\/uploads\/2025\/08\/1756448054_102_image.jpg\" alt=\"SDM, un talent rap r\u00e9v\u00e9l\u00e9 par Booba.\"\/><\/p>\n<p>                SDM, un talent rap r\u00e9v\u00e9l\u00e9 par Booba.<br \/>\n                                    Fred de Pontcharra<\/p>\n<p class=\"std-elt__inline\">\n        <strong>\u00c0 lire aussi :<\/strong><br \/>\n        <a href=\"https:\/\/www.ladepeche.fr\/2025\/08\/25\/tetes-daffiche-du-rose-festival-2025-jorja-smith-la-voix-incontournable-de-la-soul-britannique-qui-affiche-complet-le-samedi-soir-12884651.php\" rel=\"nofollow noopener\" target=\"_blank\">T\u00eates d\u2019affiche du Rose Festival 2025\u00a0: Jorja Smith, la voix incontournable de la soul britannique qui affiche complet le samedi soir<\/a>\n    <\/p>\n<p data-end=\"442\" data-start=\"331\">Il est rep\u00e9r\u00e9 par Booba, justement, en 2020, et signe chez son label 92i\u00a0apr\u00e8s un featuring avec PLK. Il\u00a0sort son premier album, \u00ab\u00a0Ocho\u00a0\u00bb en 2021, puis \u00ab\u00a0Liens du 100\u00a0\u00bb (2022) et \u00ab\u00a0\u00c0 la vie \u00e0 la mort\u00a0\u00bb (2024), tous disques de platine. Les singles comme \u00ab\u00a0Bolide allemand\u00a0\u00bb deviennent des ph\u00e9nom\u00e8nes streaming, jusqu\u2019\u00e0 faire de lui l\u2019un des rappeurs les plus en vue de sa g\u00e9n\u00e9ration.<\/p>\n<p>Une voix, des mots, une signature unique<\/p>\n<p data-end=\"703\" data-start=\"652\">\u00ab\u00a0Il a un style assez urbain et souvent assez violent, mais peut aussi pousser la m\u00e9lodie sur d\u2019autres sons. Son style est assez proche de beaucoup de rappeurs du moment, mais c\u2019est surtout sa voix qui fait la diff\u00e9rence\u00a0\u00bb, confie Corentin, fan du rappeur. Pour Thomas, \u00ab\u00a0Si je devais citer un son, je dirai &lsquo;Neymar JR&rsquo; avec Green Montana. C\u2019est pour moi le meilleur titre parmi leurs multiples connexions. Le passe-passe sur le refrain est incroyable.\u00a0\u00bb<\/p>\n<p data-end=\"703\" data-start=\"652\">\u00c0 propos du r\u00f4le de Booba et de 92i, il d\u00e9clare que le label est \u00ab\u00a0chaud comme le Motown\u00a0\u00bb, comparant la famille rap de 92i\u00a0aux talents pr\u00e9curseurs de la soul.<\/p>\n<p>Qu\u2019attendre de son live au Rose Festival\u00a0?<\/p>\n<p data-end=\"703\" data-start=\"652\"><a href=\"https:\/\/rosefestival.fr\/?utm_source=gads&amp;utm_medium=perf-max&amp;utm_campaign=rosefestival2025&amp;gad_source=1&amp;gad_campaignid=19932616931&amp;gbraid=0AAAAAou0SeC2_xdGT8s4M6gL61qId33sx&amp;gclid=CjwKCAjwtrXFBhBiEiwAEKen16RlStrCw_uSkZ2dNnPBc2xdFU8UK-0No-SnKl54K0823cawXtpe1xoCCjUQAvD_BwE\" target=\"_blank\" rel=\"nofollow noopener\">Dimanche au Rose Festival<\/a>, SDM montera sur sc\u00e8ne \u00e0 22h45, apr\u00e8s Luidji et Pierre Garnier, et avant la \u00ab\u00a0Closing party\u00a0\u00bb orchestr\u00e9e par Bigflo\u00a0&amp; Oli.<\/p>\n<p class=\"std-elt__inline\">\n        <strong>\u00c0 lire aussi :<\/strong><br \/>\n        <a href=\"https:\/\/www.ladepeche.fr\/2025\/08\/20\/rose-festival-2025-les-soirees-du-vendredi-et-du-samedi-affichent-complet-et-il-ny-a-plus-de-pass-3-jours-12885566.php\" rel=\"nofollow noopener\" target=\"_blank\">Rose Festival 2025\u00a0: les soir\u00e9es du vendredi et du samedi affichent complet, et il n\u2019y a plus de Pass 3 jours<\/a>\n    <\/p>\n<p data-end=\"703\" data-start=\"652\">Son live est attendu comme un condens\u00e9 de ses hits (Cartier Santos, Pour elle, Toka\u2026), servis avec assurance. \u00ab\u00a0Le public de SDM est \u00e0 son image, tr\u00e8s \u00e9nergique, les concerts sont toujours tr\u00e8s agit\u00e9s et c\u2019est pas pour me d\u00e9plaire\u00a0\u00bb, sourit Thomas. On peut imaginer une performance intense, o\u00f9 ses textes \u00e9corch\u00e9s collent \u00e0 une ambiance kal\u00e9idoscopique\u00a0: puissance brute, moments intimistes, communion avec le public.<\/p>\n<p>Dimanche 31\u00a0ao\u00fbt \u00e0 22h45, sc\u00e8ne Aussonne, au MEETT, avenue Concorde, \u00e0 Aussonne. Pass 1 jour 64\u20ac.<\/p>\n","protected":false},"excerpt":{"rendered":"l&rsquo;essentiel Le rappeur fran\u00e7ais SDM, figure incontournable\u00a0du rap hexagonal, investira la sc\u00e8ne du Rose Festival dimanche 31\u00a0ao\u00fbt au&hellip;\n","protected":false},"author":2,"featured_media":351537,"comment_status":"","ping_status":"","sticky":false,"template":"","format":"standard","meta":{"footnotes":""},"categories":[1355],"tags":[58,59,1011,27,1361,873],"class_list":{"0":"post-351536","1":"post","2":"type-post","3":"status-publish","4":"format-standard","5":"has-post-thumbnail","7":"category-musique","8":"tag-divertissement","9":"tag-entertainment","10":"tag-fr","11":"tag-france","12":"tag-music","13":"tag-musique"},"share_on_mastodon":{"url":"https:\/\/pubeurope.com\/@fr\/115110586932941026","error":""},"_links":{"self":[{"href":"https:\/\/www.europesays.com\/fr\/wp-json\/wp\/v2\/posts\/351536","targetHints":{"allow":["GET"]}}],"collection":[{"href":"https:\/\/www.europesays.com\/fr\/wp-json\/wp\/v2\/posts"}],"about":[{"href":"https:\/\/www.europesays.com\/fr\/wp-json\/wp\/v2\/types\/post"}],"author":[{"embeddable":true,"href":"https:\/\/www.europesays.com\/fr\/wp-json\/wp\/v2\/users\/2"}],"replies":[{"embeddable":true,"href":"https:\/\/www.europesays.com\/fr\/wp-json\/wp\/v2\/comments?post=351536"}],"version-history":[{"count":0,"href":"https:\/\/www.europesays.com\/fr\/wp-json\/wp\/v2\/posts\/351536\/revisions"}],"wp:featuredmedia":[{"embeddable":true,"href":"https:\/\/www.europesays.com\/fr\/wp-json\/wp\/v2\/media\/351537"}],"wp:attachment":[{"href":"https:\/\/www.europesays.com\/fr\/wp-json\/wp\/v2\/media?parent=351536"}],"wp:term":[{"taxonomy":"category","embeddable":true,"href":"https:\/\/www.europesays.com\/fr\/wp-json\/wp\/v2\/categories?post=351536"},{"taxonomy":"post_tag","embeddable":true,"href":"https:\/\/www.europesays.com\/fr\/wp-json\/wp\/v2\/tags?post=351536"}],"curies":[{"name":"wp","href":"https:\/\/api.w.org\/{rel}","templated":true}]}}