{"id":351538,"date":"2025-08-29T06:16:00","date_gmt":"2025-08-29T06:16:00","guid":{"rendered":"https:\/\/www.europesays.com\/fr\/351538\/"},"modified":"2025-08-29T06:16:00","modified_gmt":"2025-08-29T06:16:00","slug":"critique-dun-cauchemar-en-hopital","status":"publish","type":"post","link":"https:\/\/www.europesays.com\/fr\/351538\/","title":{"rendered":"critique d&rsquo;un cauchemar en h\u00f4pital"},"content":{"rendered":"<p>HIPPOCRASSE<\/p>\n<p>Si vous fa\u00eetes partie des gens de bon go\u00fbt qui attendent la saison 2 de <strong>The Pitt<\/strong> (l\u2019une des meilleures nouvelles s\u00e9ries du moment), <strong><a href=\"https:\/\/www.ecranlarge.com\/films\/en-premiere-ligne\" data-type=\"films\" data-id=\"1333038\" rel=\"nofollow noopener\" target=\"_blank\">En premi\u00e8re ligne<\/a><\/strong> tombe \u00e0 pic. Le principe est simple puisque c\u2019est le m\u00eame : <strong>suivre en (faux) temps r\u00e9el le tour de garde d\u2019une personne<\/strong> travaillant dans l\u2019extraordinaire enfer d\u2019un h\u00f4pital. Ici c\u2019est <strong>Floria, une infirmi\u00e8re <\/strong>qui d\u00e9barque avec ses baskets toutes neuves et son sourire exp\u00e9riment\u00e9, pr\u00eate \u00e0 affronter une journ\u00e9e qui n\u2019a de normal que le nom.<\/p>\n<p>La suite est simple \u00e0 pr\u00e9voir pour toute personne qui a vu un \u00e9pisode ou une saison d\u2019<strong>Urgences <\/strong>et <strong>Hippocrate<\/strong> : beaucoup de patients et pas assez de personnel, beaucoup de crises \u00e0 g\u00e9rer et pas assez de moyens, beaucoup d\u2019envie et encore plus de fatigue et frustration. Et dans ce tourbillon de plus en plus intense et insens\u00e9, il y a <strong>Floria, qui s\u2019accroche \u00e0 ses convictions et son humanit\u00e9<\/strong>. Jusqu\u2019\u00e0 ce qu\u2019elle n\u2019y arrive plus.<\/p>\n<p>LEONI FAIT NI \u00c0 FAIRE<\/p>\n<p>Premi\u00e8re \u00e9vidence : <strong>Leonie Benesch fait le film<\/strong>, puisque le film tient sur elle. Sur un tempo de l\u2019angoisse comparable, elle \u00e9tait d\u00e9j\u00e0 fantastique dans <strong>La salle des profs<\/strong>, o\u00f9 elle carburait \u00e0 la nervosit\u00e9 et l\u2019impatience. C\u2019est le contraire dans <strong>En premi\u00e8re ligne<\/strong> o\u00f9 elle impressionne par sa fausse tranquillit\u00e9, sa voix pos\u00e9e, et sa capacit\u00e9 \u00e0 encaisser en silence tout ce qui donne envie de hurler. La m\u00e9canique de l\u2019effet cocotte-minute est \u00e9videmment centrale dans le crescendo ici, mais <strong>Leonie Benesch reste d\u2019une justesse formidable<\/strong>, ne se perdant jamais dans les \u00e9clats ou les exc\u00e8s.<\/p>\n<p>La cam\u00e9ra est l\u2019autre actrice du film et, hasard ou destin : c\u2019est Judith Kaufmann, <strong>la directrice de la photographie de<\/strong> <strong>La salle des profs<\/strong>, qui est \u00e0 l\u2019\u0153uvre. Coll\u00e9e aux basques du personnage, elle est l\u00e0 pour scruter son visage qui se transforme en muraille face aux coups, ou pour laisser le silence l\u2019envelopper dans les rares pauses de ce marathon. Et c\u2019est parce qu\u2019elle ne l\u00e2che jamais son h\u00e9ro\u00efne, dans l\u2019action ou l\u2019inaction, que la r\u00e9alisatrice arrive <strong>\u00e0 faire passer les moments les plus d\u00e9monstratifs<\/strong>, qui sinon auraient sonn\u00e9 trop artificiels. Autrement dit : Leonie Benesch arrondit tous les angles.<\/p>\n<p><a href=\"https:\/\/www.ecranlarge.com\/content\/uploads\/2025\/08\/4d3eb8890d21c52a5c8a711e910cb4e4.webp\" rel=\"nofollow noopener\" target=\"_blank\"><img loading=\"lazy\" decoding=\"async\" alt=\"En premi\u00e8re ligne Leonie Benesch\" class=\"wp-image-1333042\" src=\"https:\/\/www.europesays.com\/fr\/wp-content\/uploads\/2025\/08\/4d3eb8890d21c52a5c8a711e910cb4e4-1260x840.webp.webp\" width=\"1260\" height=\"840\"  \/><\/a>Avoir le blousePATHOS LOGIQUE<\/p>\n<p>Et c\u2019est justement ces ficelles un peu grosses qui <strong>finissent par alourdir<\/strong> <strong>En premi\u00e8re ligne<\/strong>. \u00c0 mesure que les heures passent et que certains tr\u00e9passent, Petra Volpe la r\u00e9alisatrice garde le cap mais Petra Volpe la sc\u00e9nariste s\u2019emm\u00eale les pinceaux. La mise en sc\u00e8ne reste solide et coh\u00e9rente, mais le film <strong>accumule les situations et les solutions trop faciles.<\/strong><\/p>\n<p>Du c\u00f4t\u00e9 des patients, c\u2019est donc <strong>la farandole des arch\u00e9types<\/strong>, avec l\u2019insupportable antipathique qui a ses propres d\u00e9mons, la d\u00e9sagr\u00e9able fumeuse qui finit par \u00eatre sympathique, la mamie qui fend le c\u0153ur, ou encore la famille presque parfaite face \u00e0 la maladie. Les quelques coll\u00e8gues passent \u00e0 vitesse \u00e9clair sans avoir le temps de r\u00e9ellement exister, si bien que l\u2019h\u00e9ro\u00efne porte toute seule le fardeau \u00e9motionnel du film. Et elle finit elle aussi par passer \u00e0 la caisse, avec notamment <strong>une sc\u00e8ne de larmes bien trop facile<\/strong> et programmatique pour ne pas d\u00e9noter du reste. <\/p>\n<p><a href=\"https:\/\/www.ecranlarge.com\/content\/uploads\/2025\/08\/c352dd6c49eb2151a0d8ba1ed5946bb4.webp\" rel=\"nofollow noopener\" target=\"_blank\"><img loading=\"lazy\" decoding=\"async\" alt=\"En premi\u00e8re ligne Leonie Benesch\" class=\"wp-image-1333040\" src=\"https:\/\/www.europesays.com\/fr\/wp-content\/uploads\/2025\/08\/c352dd6c49eb2151a0d8ba1ed5946bb4-1260x840.webp.webp\" width=\"1260\" height=\"840\"  \/><\/a>L\u2019h\u00f4pital se fout pas de la charit\u00e9<\/p>\n<p>La simplicit\u00e9 du dispositif (un tour de garde et un grand huit de probl\u00e8mes) ne fonctionne jamais aussi bien qu\u2019avec la belle sobri\u00e9t\u00e9 sc\u00e9naristique de la premi\u00e8re partie. Mais au moment de boucler son film, Petra Volpe semble perdre confiance et <strong>revient dans les sentiers battus<\/strong>, comme pour valider les ultimes \u00e9tapes. <\/p>\n<p>En rajoutant quelques grosses couches dramatico-dramatiques, avec notamment <strong>plusieurs symboliques lourdingues<\/strong> jusqu\u2019\u00e0 cette sc\u00e8ne finale dans le bus, elle laisse un petit arri\u00e8re-go\u00fbt mi-figue mi-raisin. C\u2019est bien dommage puisque jusque l\u00e0, <strong>En premi\u00e8re ligne<\/strong> \u00e9tait bien plus fort que \u00e7a, et <strong>m\u00e9ritait une conclusion moins artificielle.<\/strong><\/p>\n<p><img loading=\"lazy\" decoding=\"async\" width=\"810\" height=\"1080\" alt=\"En premi\u00e8re ligne&#10;\" class=\"wp-image-1333043\" src=\"https:\/\/www.europesays.com\/fr\/wp-content\/uploads\/2025\/08\/4ac2dcc65a66753b63898e2c26e635f9.webp.webp\"  \/><\/p>\n","protected":false},"excerpt":{"rendered":"HIPPOCRASSE Si vous fa\u00eetes partie des gens de bon go\u00fbt qui attendent la saison 2 de The Pitt&hellip;\n","protected":false},"author":2,"featured_media":351539,"comment_status":"","ping_status":"","sticky":false,"template":"","format":"standard","meta":{"footnotes":""},"categories":[1354],"tags":[58,59,1346,1011,27,1360],"class_list":{"0":"post-351538","1":"post","2":"type-post","3":"status-publish","4":"format-standard","5":"has-post-thumbnail","7":"category-films","8":"tag-divertissement","9":"tag-entertainment","10":"tag-films","11":"tag-fr","12":"tag-france","13":"tag-movies"},"share_on_mastodon":{"url":"https:\/\/pubeurope.com\/@fr\/115110594859540754","error":""},"_links":{"self":[{"href":"https:\/\/www.europesays.com\/fr\/wp-json\/wp\/v2\/posts\/351538","targetHints":{"allow":["GET"]}}],"collection":[{"href":"https:\/\/www.europesays.com\/fr\/wp-json\/wp\/v2\/posts"}],"about":[{"href":"https:\/\/www.europesays.com\/fr\/wp-json\/wp\/v2\/types\/post"}],"author":[{"embeddable":true,"href":"https:\/\/www.europesays.com\/fr\/wp-json\/wp\/v2\/users\/2"}],"replies":[{"embeddable":true,"href":"https:\/\/www.europesays.com\/fr\/wp-json\/wp\/v2\/comments?post=351538"}],"version-history":[{"count":0,"href":"https:\/\/www.europesays.com\/fr\/wp-json\/wp\/v2\/posts\/351538\/revisions"}],"wp:featuredmedia":[{"embeddable":true,"href":"https:\/\/www.europesays.com\/fr\/wp-json\/wp\/v2\/media\/351539"}],"wp:attachment":[{"href":"https:\/\/www.europesays.com\/fr\/wp-json\/wp\/v2\/media?parent=351538"}],"wp:term":[{"taxonomy":"category","embeddable":true,"href":"https:\/\/www.europesays.com\/fr\/wp-json\/wp\/v2\/categories?post=351538"},{"taxonomy":"post_tag","embeddable":true,"href":"https:\/\/www.europesays.com\/fr\/wp-json\/wp\/v2\/tags?post=351538"}],"curies":[{"name":"wp","href":"https:\/\/api.w.org\/{rel}","templated":true}]}}