{"id":351544,"date":"2025-08-29T06:19:09","date_gmt":"2025-08-29T06:19:09","guid":{"rendered":"https:\/\/www.europesays.com\/fr\/351544\/"},"modified":"2025-08-29T06:19:09","modified_gmt":"2025-08-29T06:19:09","slug":"gege-candidat-de-la-saison-11-de-koh-lanta-est-mort-a-lage-de-79-ans","status":"publish","type":"post","link":"https:\/\/www.europesays.com\/fr\/351544\/","title":{"rendered":"G\u00e9g\u00e9, candidat de la saison 11 de \u00abKoh-Lanta\u00bb, est mort \u00e0 l\u2019\u00e2ge de 79 ans"},"content":{"rendered":"<p>    G\u00e9g\u00e9 dans \u00ab Koh-Lanta, Raja Ampat\u00a0\u00bb en 2011 en Indon\u00e9sie<br \/>\n                Capture \u00e9cran TF1<\/p>\n<p>Participant du jeu d\u2019aventures produit par ALP en 2011, G\u00e9rard Icardi s\u2019est \u00e9teint jeudi. Ce g\u00e9rant d\u2019un parc animalier \u00e0 Vasc\u0153uil, en Haute-Normandie, avait \u00e9galement pris part \u00e0 \u00abSplash\u00bb en 2013 sur TF1.<\/p>\n<p class=\"fig-paragraph\">Sombre \u00e9t\u00e9 pour la famille <strong>\u00ab Koh-Lanta\u00a0\u00bb<\/strong>. Apr\u00e8s la disparition de\u00a0<a href=\"http:\/\/tvmag.lefigaro.fr\/programme-tv\/tele-realite\/mort-de-stephane-bertheau-un-ancien-candidat-de-koh-lanta-a-l-age-de-48-ans-20250730\" target=\"_blank\" data-fig-type=\"Article\" rel=\"noopener\" data-gtm-custom-categorie=\"navigation\" data-gtm-custom-action=\"crossclick\" data-gtm-custom-label=\"Contextuel\" data-gtm-event=\"customEventSPE\" data-fig-domain=\"TVMAG\">St\u00e9phane Bertheau le 23 juillet \u00e0 Nanterre \u00e0 l\u2019\u00e2ge de 48 ans<\/a>, c\u2019est <strong>G\u00e9rard Icardi <\/strong>qui s\u2019est \u00e9teint dans la nuit de mercredi \u00e0 jeudi a annonc\u00e9 son fils Fran\u00e7ois sur ses r\u00e9seaux sociaux. Cet amoureux des animaux et passionn\u00e9 de p\u00eache avait particip\u00e9 \u00e0 la onzi\u00e8me saison du jeu d\u2019aventures produit par ALP par TF1 tourn\u00e9e en 2011 dans l\u2019archipel de Raja Ampat en Indon\u00e9sie.<\/p>\n<p class=\"fig-paragraph\">Connu sous le nom de <strong>G\u00e9g\u00e9<\/strong>, il avait 65 ans lorsqu\u2019il s\u2019\u00e9tait confront\u00e9 aux \u00e9preuves et aux conditions de survie aux c\u00f4t\u00e9s de candidats comme Teheiura Teahui, Laurent Maistret, Florence Delbarre, Martin Bazin ou encore Patricia Morel. \u00ab Je suis sinc\u00e8rement d\u00e9sol\u00e9 pour toi et toute ta famille, a \u00e9crit cette derni\u00e8re \u00e0 Fran\u00e7ois Icardi. C\u2019\u00e9tait un sacr\u00e9 num\u00e9ro notre G\u00e9g\u00e9. Je ne l\u2019oublierai jamais car j\u2019\u00e9tais tr\u00e8s proche de lui pendant notre aventure.\u00a0\u00bb<\/p>\n<p class=\"fig-body-link\">\n            \u00c0 lire aussi<br \/>\n        <a class=\"fig-body-link__link\" href=\"http:\/\/tvmag.lefigaro.fr\/programme-tv\/tele-realite\/koh-lanta-des-candidats-racontent-de-nouveaux-details-sur-le-tournage-annule-en-2018-20250807\" target=\"_blank\" data-fig-type=\"Article\" rel=\"noopener\" data-gtm-custom-categorie=\"navigation\" data-gtm-custom-action=\"crossclick\" data-gtm-custom-label=\"Contextuel\" data-gtm-event=\"customEventSPE\" data-fig-domain=\"TVMAG\">\u00abKoh-Lanta\u00bb\u00a0: des candidats racontent de nouveaux d\u00e9tails sur le tournage annul\u00e9 en 2018<br \/>\n    <\/a>\n<\/p>\n<p>                                    <a class=\"fig-a11y-skip a11y-hidden\" href=\"#fig-a11y-skip-main-inarticle\"><br \/>\n        Passer la publicit\u00e9<br \/>\n    <\/a><\/p>\n<p class=\"fig-paragraph\">\u00ab \u201cKoh-Lanta\u201d va \u00eatre un des plus grands d\u00e9fis de ma vie et sans doute un des derniers\u00a0\u00bb, avait-il d\u00e9clar\u00e9 dans son portrait. \u00ab On m\u2019appelle G\u00e9g\u00e9 McGyver. Je suis capable de monter de belles baraques et de p\u00eacher. J\u2019ai \u00e9t\u00e9 champion de France de p\u00eache en mer\u00a0\u00bb, s\u2019\u00e9tait pr\u00e9sent\u00e9 ce bricoleur aux autres candidats. G\u00e9g\u00e9 avait marqu\u00e9 les esprits des t\u00e9l\u00e9spectateurs en 2011 lors de la diffusion de\u00a0<a href=\"https:\/\/tvmag.lefigaro.fr\/programme-tv\/article\/television\/63844\/koh-lanta-premieres-images-de-raja-ampat.html\" target=\"_blank\" data-fig-type=\"Article\" rel=\"noopener\" data-gtm-custom-categorie=\"navigation\" data-gtm-custom-action=\"crossclick\" data-gtm-custom-label=\"Contextuel\" data-gtm-event=\"customEventSPE\" data-fig-domain=\"TVMAG\">\u00ab Koh-Lanta, Raja Ampat\u00a0\u00bb<\/a>, notamment lors d\u2019une \u00e9preuve aquatique. Ayant appris \u00e0 nager quelques semaines seulement avant de s\u2019envoler en Indon\u00e9sie, son incapacit\u00e9 \u00e0 avancer efficacement au milieu de la mer l\u2019avait particuli\u00e8rement p\u00e9nalis\u00e9.<\/p>\n<p class=\"fig-paragraph\">En f\u00e9vrier 2013, G\u00e9g\u00e9 \u00e9tait r\u00e9apparu sur TF1 dans le jeu\u00a0<a href=\"https:\/\/tvmag.lefigaro.fr\/programme-tv\/article\/divertissement\/74047\/splash-le-grand-plongeon-perd-pied.html\" target=\"_blank\" data-fig-type=\"Article\" rel=\"noopener\" data-gtm-custom-categorie=\"navigation\" data-gtm-custom-action=\"crossclick\" data-gtm-custom-label=\"Contextuel\" data-gtm-event=\"customEventSPE\" data-fig-domain=\"TVMAG\">\u00ab Splash\u00a0: Le Grand Plongeon\u00a0\u00bb<\/a>\u00a0et avait termin\u00e9 \u00e0 la huiti\u00e8me place sur seize participants. En 2015, il avait \u00e9t\u00e9 condamn\u00e9 \u00e0\u00a0<a href=\"https:\/\/tvmag.lefigaro.fr\/programme-tv\/article\/television\/86062\/gege-de-koh-lanta-on-me-traite-pire-que-dsk.html\" target=\"_blank\" data-fig-type=\"Article\" rel=\"noopener\" data-gtm-custom-categorie=\"navigation\" data-gtm-custom-action=\"crossclick\" data-gtm-custom-label=\"Contextuel\" data-gtm-event=\"customEventSPE\" data-fig-domain=\"TVMAG\">deux ans de prison avec sursis par le tribunal correctionnel d\u2019Evreux<\/a>\u00a0pour agressions sexuelles sur une ancienne stagiaire mineure de son parc animalier en janvier 2011. Malgr\u00e9\u00a0<a href=\"https:\/\/tvmag.lefigaro.fr\/programme-tv\/article\/people\/76482\/gege-de-koh-lanta-je-porte-plainte-.html?tblci=GiDGCpADP60zMCA5FKyc6RC8hUD9SLup3WJLaF8drJ34ayDwzEYondK95f_PuoQ9\" target=\"_blank\" data-fig-type=\"Article\" rel=\"noopener\" data-gtm-custom-categorie=\"navigation\" data-gtm-custom-action=\"crossclick\" data-gtm-custom-label=\"Contextuel\" data-gtm-event=\"customEventSPE\" data-fig-domain=\"TVMAG\">ses multiples d\u00e9mentis<\/a>, la justice avait tranch\u00e9 contre lui.<\/p>\n<p>    G\u00e9g\u00e9 dans \u00ab Koh-Lanta, Raja Ampat\u00a0\u00bb en 2011 en Indon\u00e9sie<br \/>\n                Capture \u00e9cran TF1<\/p>\n","protected":false},"excerpt":{"rendered":"G\u00e9g\u00e9 dans \u00ab Koh-Lanta, Raja Ampat\u00a0\u00bb en 2011 en Indon\u00e9sie Capture \u00e9cran TF1 Participant du jeu d\u2019aventures produit&hellip;\n","protected":false},"author":2,"featured_media":351545,"comment_status":"","ping_status":"","sticky":false,"template":"","format":"standard","meta":{"footnotes":""},"categories":[8],"tags":[58,59,1011,27,680],"class_list":{"0":"post-351544","1":"post","2":"type-post","3":"status-publish","4":"format-standard","5":"has-post-thumbnail","7":"category-divertissement","8":"tag-divertissement","9":"tag-entertainment","10":"tag-fr","11":"tag-france","12":"tag-koh-lanta"},"share_on_mastodon":{"url":"https:\/\/pubeurope.com\/@fr\/115110606592827432","error":""},"_links":{"self":[{"href":"https:\/\/www.europesays.com\/fr\/wp-json\/wp\/v2\/posts\/351544","targetHints":{"allow":["GET"]}}],"collection":[{"href":"https:\/\/www.europesays.com\/fr\/wp-json\/wp\/v2\/posts"}],"about":[{"href":"https:\/\/www.europesays.com\/fr\/wp-json\/wp\/v2\/types\/post"}],"author":[{"embeddable":true,"href":"https:\/\/www.europesays.com\/fr\/wp-json\/wp\/v2\/users\/2"}],"replies":[{"embeddable":true,"href":"https:\/\/www.europesays.com\/fr\/wp-json\/wp\/v2\/comments?post=351544"}],"version-history":[{"count":0,"href":"https:\/\/www.europesays.com\/fr\/wp-json\/wp\/v2\/posts\/351544\/revisions"}],"wp:featuredmedia":[{"embeddable":true,"href":"https:\/\/www.europesays.com\/fr\/wp-json\/wp\/v2\/media\/351545"}],"wp:attachment":[{"href":"https:\/\/www.europesays.com\/fr\/wp-json\/wp\/v2\/media?parent=351544"}],"wp:term":[{"taxonomy":"category","embeddable":true,"href":"https:\/\/www.europesays.com\/fr\/wp-json\/wp\/v2\/categories?post=351544"},{"taxonomy":"post_tag","embeddable":true,"href":"https:\/\/www.europesays.com\/fr\/wp-json\/wp\/v2\/tags?post=351544"}],"curies":[{"name":"wp","href":"https:\/\/api.w.org\/{rel}","templated":true}]}}