{"id":351550,"date":"2025-08-29T06:22:18","date_gmt":"2025-08-29T06:22:18","guid":{"rendered":"https:\/\/www.europesays.com\/fr\/351550\/"},"modified":"2025-08-29T06:22:18","modified_gmt":"2025-08-29T06:22:18","slug":"trump-pas-content-des-dernieres-frappes-russes-approuve-une-vente-importante-de-missiles-a-lukraine","status":"publish","type":"post","link":"https:\/\/www.europesays.com\/fr\/351550\/","title":{"rendered":"Trump, \u00ab\u00a0pas content\u00a0\u00bb des derni\u00e8res frappes russes, approuve une vente importante de missiles \u00e0 l\u2019Ukraine"},"content":{"rendered":"<p>        <img decoding=\"async\" loading=\"lazy\" src=\"https:\/\/www.europesays.com\/fr\/wp-content\/uploads\/2025\/08\/ff49f81_upload-1-kfcb99lewuns-afp-20250819-aa-19082025-2377258-v1-midres-ukrainianpresidentvolodymyr.jpeg\"  width=\"728\" height=\"410\" alt=\"Le pr\u00e9sident ukrainien Volodymyr Zelensky et le pr\u00e9sident am\u00e9ricain Donald Trump apr\u00e8s leur rencontre \u00e0 Washington D.C., aux \u00c9tats-Unis, le 19\u00a0ao\u00fbt 2025. (Photo d\u2019illustration)\"\/>  <\/p>\n<p>UKRAINIAN PRESIDENCY \/ HANDOUT \/ Anadolu via AFP<\/p>\n<p>Le pr\u00e9sident ukrainien Volodymyr Zelensky et le pr\u00e9sident am\u00e9ricain Donald Trump apr\u00e8s leur rencontre \u00e0 Washington D.C., aux \u00c9tats-Unis, le 19\u00a0ao\u00fbt 2025. (Photo d\u2019illustration)<\/p>\n<p class=\"asset asset-text\">INTERNATIONAL &#8211; <a href=\"https:\/\/www.huffingtonpost.fr\/international\/article\/donald-trump-veut-inclure-la-chine-de-xi-jinping-dans-le-dialogue-russie-ukraine_253994.html\" target=\"_blank\" rel=\"noopener\">Donald\u00a0Trump\u00a0<\/a>s\u2019impatiente face \u00e0 la Russie qui ne fait plus un pas vers la paix. Et il veut le faire comprendre \u00e0 Vladimir Poutine. Dans ce contexte, les <a href=\"https:\/\/www.huffingtonpost.fr\/international\/article\/guerre-en-ukraine-le-retour-en-arriere-discret-des-etats-unis-sur-l-utilisation-de-ces-missiles-par-kiev_253925.html\" target=\"_blank\" rel=\"noopener\">\u00c9tats-Unis <\/a>ont approuv\u00e9 la vente \u00e0 l\u2019Ukraine de 3\u00a0350 missiles air-sol \u00e0 longue port\u00e9e et d\u2019\u00e9quipements connexes pour un montant total de 825\u00a0millions de dollars (un peu plus de 700\u00a0millions d\u2019euros), a annonc\u00e9 ce jeudi 28\u00a0ao\u00fbt le gouvernement am\u00e9ricain.<\/p>\n<p class=\"asset asset-text\">Cette annonce survient le jour o\u00f9 le pr\u00e9sident am\u00e9ricain s\u2019est dit \u00ab\u00a0pas content\u00a0\u00bb mais \u00ab\u00a0pas surpris\u00a0\u00bb des derni\u00e8res <a href=\"https:\/\/www.huffingtonpost.fr\/international\/article\/ukraine-apres-l-attaque-massive-des-russes-sur-kiev-les-europeens-disent-leur-stupeur-et-leur-indignation_254113.html\" target=\"_blank\" rel=\"noopener\">frappes russes sur Kiev<\/a>, causant la mort d\u2019au moins 23 personnes, dont quatre enfants, selon la Maison Blanche. Pour Donald\u00a0Trump, \u00ab\u00a0peut-\u00eatre que les deux parties de ce conflit ne sont pas pr\u00eates \u00e0 y mettre fin elles-m\u00eames\u00a0\u00bb, a \u00e9galement gliss\u00e9 jeudi soir sa porte-parole, Karoline Leavitt.<\/p>\n<p class=\"asset asset-text\">\u00ab\u00a0Cette vente am\u00e9liorera la capacit\u00e9 de l\u2019Ukraine \u00e0 faire face aux menaces actuelles et futures en la dotant de moyens suppl\u00e9mentaires pour mener \u00e0 bien des missions d\u2019autod\u00e9fense et de s\u00e9curit\u00e9 r\u00e9gionale\u00a0\u00bb, a soulign\u00e9 dans un communiqu\u00e9 l\u2019Agence am\u00e9ricaine de coop\u00e9ration pour la d\u00e9fense et la s\u00e9curit\u00e9 (DSCA).<\/p>\n<p>    Via un financement du Danemark, des Pays-Bas et de la Norv\u00e8ge    <\/p>\n<p class=\"asset asset-text\">Selon l\u2019agence, il s\u2019agit d\u2019\u00ab\u00a0am\u00e9liorer la s\u00e9curit\u00e9 d\u2019un pays partenaire qui est un moteur de la stabilit\u00e9 politique et du progr\u00e8s \u00e9conomique en Europe\u00a0\u00bb, alors que les Ukrainiens et les Europ\u00e9ens marchent sur des \u0153ufs avec l\u2019administration\u00a0Trump, craignant une baisse du soutien am\u00e9ricain.<\/p>\n<p class=\"asset asset-text\">Les \u00c9tats-Unis \u00e9taient les principaux pourvoyeurs d\u2019aide \u00e0 l\u2019Ukraine avant le retour \u00e0 la Maison Blanche fin janvier de Donald\u00a0Trump, qui a rompu avec la strat\u00e9gie de\u00a0soutien de son pr\u00e9d\u00e9cesseur Joe Biden.<\/p>\n<p class=\"asset asset-text\">Donald\u00a0Trump, longtemps sceptique quant \u00e0 l\u2019aide \u00e0 Kiev, a plut\u00f4t pouss\u00e9 l\u2019Europe \u00e0 jouer un r\u00f4le plus important dans le financement de l\u2019aide militaire.<\/p>\n<p class=\"asset asset-text\">Le pr\u00e9sident am\u00e9ricain a r\u00e9cemment annonc\u00e9 une initiative visant \u00e0 ce que les alli\u00e9s europ\u00e9ens et le Canada ach\u00e8tent des armes am\u00e9ricaines afin de les envoyer en Ukraine.<\/p>\n<p class=\"asset asset-text\">Si la vente annonc\u00e9e jeudi sera effectu\u00e9e via un financement du Danemark, des Pays-Bas et de la Norv\u00e8ge, mais aussi des \u00c9tats-Unis, elle n\u2019est toutefois pas li\u00e9e \u00e0 cette nouvelle initiative baptis\u00e9e \u00ab\u00a0PURL\u00a0\u00bb (\u00ab\u00a0liste des besoins prioris\u00e9s de l\u2019Ukraine\u00a0\u00bb). Le Congr\u00e8s am\u00e9ricain doit encore approuver la vente, en principe une formalit\u00e9.<\/p>\n","protected":false},"excerpt":{"rendered":"UKRAINIAN PRESIDENCY \/ HANDOUT \/ Anadolu via AFP Le pr\u00e9sident ukrainien Volodymyr Zelensky et le pr\u00e9sident am\u00e9ricain Donald&hellip;\n","protected":false},"author":2,"featured_media":351551,"comment_status":"","ping_status":"","sticky":false,"template":"","format":"standard","meta":{"footnotes":""},"categories":[5],"tags":[11,75,1011,27,131,14,11229,12,132,28],"class_list":{"0":"post-351550","1":"post","2":"type-post","3":"status-publish","4":"format-standard","5":"has-post-thumbnail","7":"category-international","8":"tag-actualites","9":"tag-donald-trump","10":"tag-fr","11":"tag-france","12":"tag-guerre-en-ukraine","13":"tag-international","14":"tag-kiev","15":"tag-news","16":"tag-russie","17":"tag-world"},"share_on_mastodon":{"url":"https:\/\/pubeurope.com\/@fr\/115110618698058104","error":""},"_links":{"self":[{"href":"https:\/\/www.europesays.com\/fr\/wp-json\/wp\/v2\/posts\/351550","targetHints":{"allow":["GET"]}}],"collection":[{"href":"https:\/\/www.europesays.com\/fr\/wp-json\/wp\/v2\/posts"}],"about":[{"href":"https:\/\/www.europesays.com\/fr\/wp-json\/wp\/v2\/types\/post"}],"author":[{"embeddable":true,"href":"https:\/\/www.europesays.com\/fr\/wp-json\/wp\/v2\/users\/2"}],"replies":[{"embeddable":true,"href":"https:\/\/www.europesays.com\/fr\/wp-json\/wp\/v2\/comments?post=351550"}],"version-history":[{"count":0,"href":"https:\/\/www.europesays.com\/fr\/wp-json\/wp\/v2\/posts\/351550\/revisions"}],"wp:featuredmedia":[{"embeddable":true,"href":"https:\/\/www.europesays.com\/fr\/wp-json\/wp\/v2\/media\/351551"}],"wp:attachment":[{"href":"https:\/\/www.europesays.com\/fr\/wp-json\/wp\/v2\/media?parent=351550"}],"wp:term":[{"taxonomy":"category","embeddable":true,"href":"https:\/\/www.europesays.com\/fr\/wp-json\/wp\/v2\/categories?post=351550"},{"taxonomy":"post_tag","embeddable":true,"href":"https:\/\/www.europesays.com\/fr\/wp-json\/wp\/v2\/tags?post=351550"}],"curies":[{"name":"wp","href":"https:\/\/api.w.org\/{rel}","templated":true}]}}