{"id":351558,"date":"2025-08-29T06:26:09","date_gmt":"2025-08-29T06:26:09","guid":{"rendered":"https:\/\/www.europesays.com\/fr\/351558\/"},"modified":"2025-08-29T06:26:09","modified_gmt":"2025-08-29T06:26:09","slug":"saint-etienne-de-mer-morte-veut-mener-un-projet-denvergure-pour-son-coeur-de-vie","status":"publish","type":"post","link":"https:\/\/www.europesays.com\/fr\/351558\/","title":{"rendered":"Saint-Etienne de Mer Morte veut mener un projet d\u2019envergure pour son \u00ab c\u0153ur de vie \u00bb"},"content":{"rendered":"<p>            Par<br \/>\n        <strong><br \/>\n            <a href=\"https:\/\/actu.fr\/auteur\/laurent-renon\" title=\"Consulter tous les articles de Laurent Renon\" rel=\"nofollow noopener\" target=\"_blank\">Laurent Renon<\/a><br \/>\n        <\/strong><\/p>\n<p>        Publi\u00e9 le<\/p>\n<p>            29 ao\u00fbt 2025 \u00e0 7h32        <\/p>\n<p>Nouvelle \u00e9tape ce samedi 30\u00a0ao\u00fbt 2025 dans le projet de r\u00e9novation du complexe des salles des Vall\u00e9es\u2009: la municipalit\u00e9 de <a href=\"https:\/\/actu.fr\/pays-de-la-loire\/saint-etienne-de-mer-morte_44157\" rel=\"nofollow noopener\" target=\"_blank\">Saint-Etienne de Mer Morte<\/a> et le cabinet Cub architecture pr\u00e9sentent \u00e0 la population le r\u00e9sultat des premi\u00e8res concertations.<\/p>\n<p class=\" wall-content\">Des plans et des esquisses pourront permettre de mieux appr\u00e9hender cet important chantier, dont le budget d\u00e9passera les deux millions d\u2019euros.<\/p>\n<blockquote class=\"ac-article-quote wall-content\">\n<p>Lors de la r\u00e9vision du Plan local d\u2019urbanisme, nous avons remarqu\u00e9 que des points essentiels sur ce site devaient \u00eatre am\u00e9lior\u00e9s. Ce projet est devenu prioritaire car c\u2019est le c\u0153ur de vie pour les habitants de Saint-Etienne de Mer Morte. Ce lieu accueille les \u00e9v\u00e9nements familiaux, sportifs, culturels et festifs, pour des \u00e9changes transg\u00e9n\u00e9rationnels.<\/p>\n<p>Manuella Pelletier-Sorin, maire<\/p><\/blockquote>\n<p class=\" wall-content\">Le b\u00e2timent d\u2019une quarantaine d\u2019ann\u00e9es n\u00e9cessite une importante r\u00e9habilitation, que ce soit sur le plan \u00e9nerg\u00e9tique, sonore, des fonctionnalit\u00e9s, de la circulation des flux d\u2019utilisateurs. Depuis le mois de mars, la municipalit\u00e9 a organis\u00e9 des temps forts avec les associations pour bien cerner les besoins de chacun.<\/p>\n<p class=\" wall-content\">\u00ab\u2009Il est important d\u2019avoir une coh\u00e9rence dans notre r\u00e9flexion sur l\u2019ensemble du site, pr\u00e9cise l\u2019\u00e9dile. La volont\u00e9 est de mettre en valeur le poumon vert qui jouxte la salle de sport, en consommant le moins d\u2019espace possible tout en mutualisant les \u00e9quipements.\u2009\u00bb<\/p>\n<p>Vid\u00e9os : en ce moment sur ActuUne cuisine mutualis\u00e9e<\/p>\n<p class=\" wall-content\">Parmi les propositions d\u2019am\u00e9nagement, la municipalit\u00e9 souhaite construire une nouvelle cuisine devant l\u2019actuelle entr\u00e9e, qui serait d\u00e9plac\u00e9e sur le c\u00f4t\u00e9 donnant sur le parking. Cet espace de restauration servirait ainsi aux locataires de la salle polyvalente et aux services p\u00e9riscolaires. L\u2019entr\u00e9e de la salle de sport se ferait quant \u00e0 elle de l\u2019autre c\u00f4t\u00e9 du b\u00e2timent, en face l\u2019espace de jeux ext\u00e9rieurs. Un hall d\u2019accueil avec bar permettrait de faire rentrer le public. La salle de musique serait agrandie, avec un local de rangement s\u00e9par\u00e9. Et la salle principale grignoterait de l\u2019espace sur les cuisines actuelles et une nouvelle sc\u00e8ne prendrait place \u00e0 l\u2019oppos\u00e9 de la configuration actuelle.<\/p>\n<p>Votre r\u00e9gion, votre actu !<\/p>\n<p>Recevez chaque jour les infos qui comptent pour vous.<\/p>\n<p>\t<a href=\"https:\/\/actu.fr\/newsletter\" class=\"ac-btn ac-btn--corner ac-btn--medium ac-btn--blue800\" rel=\"nofollow noopener\" target=\"_blank\">S&rsquo;incrire<\/a><\/p>\n<p class=\" wall-content\">\u00ab\u2009Avec ce projet, tout peut \u00eatre mutualis\u00e9 et tout peut \u00eatre s\u00e9par\u00e9, assure Manuella Pelletier-Sorin. Il y aura une meilleure isolation, un changement des luminaires, sans imperm\u00e9abiliser plus de surface.\u2009\u00bb<\/p>\n<p class=\" wall-content\">L\u2019heure est venue de se lancer dans le montage financier du dossier et d\u2019aller chercher des subventions aupr\u00e8s des partenaires publics. Quand la r\u00e9novation des salles sera valid\u00e9e sur le plan budg\u00e9taire, il faudra compter environ un an et demi de travaux pour mener \u00e0 bien l\u2019op\u00e9ration.<\/p>\n<p>Rendez-vous le samedi 30\u00a0ao\u00fbt, \u00e0 10\u2009h, salle des Vall\u00e9es, pour une pr\u00e9sentation publique du projet de r\u00e9novation du complexe des salles des Vall\u00e9es.<\/p>\n<p class=\" wall-content\">Personnalisez votre actualit\u00e9 en ajoutant vos villes et m\u00e9dias en favori avec <a href=\"https:\/\/moncompte.actu.fr\" title=\"D\u00e9couvez Mon Actu\" rel=\"nofollow noopener\" data-trk=\"{&quot;cta&quot;:{&quot;action&quot;:&quot;https:\\\/\\\/moncompte.actu.fr&quot;,&quot;category&quot;:&quot;mon compte&quot;,&quot;from&quot;:&quot;article footer&quot;,&quot;name&quot;:&quot;Mon actu&quot;,&quot;type&quot;:&quot;cta&quot;}}\" target=\"_blank\">Mon Actu<\/a>.<\/p>\n","protected":false},"excerpt":{"rendered":"Par Laurent Renon Publi\u00e9 le 29 ao\u00fbt 2025 \u00e0 7h32 Nouvelle \u00e9tape ce samedi 30\u00a0ao\u00fbt 2025 dans le&hellip;\n","protected":false},"author":2,"featured_media":351559,"comment_status":"","ping_status":"","sticky":false,"template":"","format":"standard","meta":{"footnotes":""},"categories":[9653],"tags":[1111,11,2430,1777,674,1011,27,12,25,4001,104],"class_list":{"0":"post-351558","1":"post","2":"type-post","3":"status-publish","4":"format-standard","5":"has-post-thumbnail","7":"category-saint-etienne","8":"tag-actu","9":"tag-actualites","10":"tag-auvergne-rhone-alpes","11":"tag-eu","12":"tag-europe","13":"tag-fr","14":"tag-france","15":"tag-news","16":"tag-republique-francaise","17":"tag-saint-etienne","18":"tag-societe"},"share_on_mastodon":{"url":"https:\/\/pubeurope.com\/@fr\/115110634411517365","error":""},"_links":{"self":[{"href":"https:\/\/www.europesays.com\/fr\/wp-json\/wp\/v2\/posts\/351558","targetHints":{"allow":["GET"]}}],"collection":[{"href":"https:\/\/www.europesays.com\/fr\/wp-json\/wp\/v2\/posts"}],"about":[{"href":"https:\/\/www.europesays.com\/fr\/wp-json\/wp\/v2\/types\/post"}],"author":[{"embeddable":true,"href":"https:\/\/www.europesays.com\/fr\/wp-json\/wp\/v2\/users\/2"}],"replies":[{"embeddable":true,"href":"https:\/\/www.europesays.com\/fr\/wp-json\/wp\/v2\/comments?post=351558"}],"version-history":[{"count":0,"href":"https:\/\/www.europesays.com\/fr\/wp-json\/wp\/v2\/posts\/351558\/revisions"}],"wp:featuredmedia":[{"embeddable":true,"href":"https:\/\/www.europesays.com\/fr\/wp-json\/wp\/v2\/media\/351559"}],"wp:attachment":[{"href":"https:\/\/www.europesays.com\/fr\/wp-json\/wp\/v2\/media?parent=351558"}],"wp:term":[{"taxonomy":"category","embeddable":true,"href":"https:\/\/www.europesays.com\/fr\/wp-json\/wp\/v2\/categories?post=351558"},{"taxonomy":"post_tag","embeddable":true,"href":"https:\/\/www.europesays.com\/fr\/wp-json\/wp\/v2\/tags?post=351558"}],"curies":[{"name":"wp","href":"https:\/\/api.w.org\/{rel}","templated":true}]}}