{"id":351564,"date":"2025-08-29T06:29:11","date_gmt":"2025-08-29T06:29:11","guid":{"rendered":"https:\/\/www.europesays.com\/fr\/351564\/"},"modified":"2025-08-29T06:29:11","modified_gmt":"2025-08-29T06:29:11","slug":"toulon-une-residence-de-37-logements-va-pousser-avenue-picot","status":"publish","type":"post","link":"https:\/\/www.europesays.com\/fr\/351564\/","title":{"rendered":"Toulon\u00a0: une r\u00e9sidence de 37 logements va pousser avenue Picot"},"content":{"rendered":"<p><img loading=\"lazy\" decoding=\"async\" alt=\"\u00a9 K. Sarrazin - L'op\u00e9ration de l'avenue Picot, \u00e0 Toulon.\" data-zoom-src=\"https:\/\/www.europesays.com\/fr\/wp-content\/uploads\/2025\/08\/initial-grand-delta-habitat-toulon.jpg\" data-zoomable=\"\" height=\"702\" src=\"https:\/\/www.europesays.com\/fr\/wp-content\/uploads\/2025\/08\/initial-grand-delta-habitat-toulon.jpg\" width=\"1248\"\/>  <\/p>\n<p class=\"article-desc\">\u00a9 K. Sarrazin &#8211; L&rsquo;op\u00e9ration de l&rsquo;avenue Picot, \u00e0 Toulon. <\/p>\n<p><strong>Cogedim <\/strong>porte un programme immobilier de 37 logements collectifs au 616 avenue Colonel Picot, \u00e0 Toulon. <\/p>\n<p>Ce b\u00e2timent neuf, r\u00e9alis\u00e9 en partenariat avec le cabinet <strong>Cl\u00e9ment Conil Architecte<\/strong>, comprend 12 logements locatifs sociaux (8 PLUS et 4 PLAI) allant du T2 au T5, dont deux seront r\u00e9serv\u00e9s \u00e0 <strong>l\u2019association Handitoit<\/strong>. Les 25 restant seront des logements locatifs interm\u00e9diaires. <\/p>\n<p>Des logements adapt\u00e9s \u00ab en zone tendue comme Toulon \u00bb <\/p>\n<p>Tous seront acquis en Vefa (Vente en l\u2019\u00e9tat futur d\u2019ach\u00e8vement) par <a href=\"https:\/\/mesinfos.fr\/tag\/grand-delta-habitat\" rel=\"noopener\" target=\"_blank\">Grand Delta Habitat<\/a><strong>.<\/strong> <\/p>\n<blockquote>\n<p>\u00ab\u00a0Le logement locatif interm\u00e9diaire est principalement destin\u00e9 aux jeunes actifs dont les revenus d\u00e9passent les plafonds du logement social traditionnel, tout en restant insuffisants pour acc\u00e9der au logement libre. C\u2019est une solution particuli\u00e8rement adapt\u00e9e dans les zones tendues comme Toulon\u00a0\u00bb, indique le bailleur social. <\/p>\n<\/blockquote>\n<p>L\u2019op\u00e9ration, certifi\u00e9e NF Habitat et respectant les normes RE2020, comprend \u00e9galement des panneaux photovolta\u00efques et un local \u00e0 v\u00e9los de pr\u00e8s de 85 m2.<\/p>\n<p> Livraison au deuxi\u00e8me trimestre 2027 <\/p>\n<p>La signature de l\u2019acte notari\u00e9 est pr\u00e9vue fin septembre 2025 pour une <strong>livraison du programme au deuxi\u00e8me trimestre 2027<\/strong>. <\/p>\n<p>Lors du dernier conseil municipal, la Ville de Toulon a valid\u00e9 sa participation financi\u00e8re pour les 12 logements sociaux, d\u2019un montant de 240 000 euros. \u00ab\u00a0Dans le cadre du Contrat de mixit\u00e9 sociale 2023\/2025, sign\u00e9 le 20 mars 2024, la Ville de Toulon souhaite accompagner financi\u00e8rement les bailleurs sociaux afin d\u2019atteindre les objectifs qu\u2019elle s\u2019est fix\u00e9e avec ses partenaires\u00a0\u00bb, peut-on lire dans la d\u00e9lib\u00e9ration. Le budget pr\u00e9visionnel de ces 12 logements est de 2,1 millions d\u2019euros.<\/p>\n","protected":false},"excerpt":{"rendered":"\u00a9 K. Sarrazin &#8211; L&rsquo;op\u00e9ration de l&rsquo;avenue Picot, \u00e0 Toulon. Cogedim porte un programme immobilier de 37 logements&hellip;\n","protected":false},"author":2,"featured_media":351565,"comment_status":"","ping_status":"","sticky":false,"template":"","format":"standard","meta":{"footnotes":""},"categories":[9619],"tags":[1111,11,48822,1777,674,1011,27,48821,16354,12,882,25,2310],"class_list":{"0":"post-351564","1":"post","2":"type-post","3":"status-publish","4":"format-standard","5":"has-post-thumbnail","7":"category-toulon","8":"tag-actu","9":"tag-actualites","10":"tag-bailleur-social","11":"tag-eu","12":"tag-europe","13":"tag-fr","14":"tag-france","15":"tag-grand-delta-habitat","16":"tag-logement-social","17":"tag-news","18":"tag-provence-alpes-cote-dazur","19":"tag-republique-francaise","20":"tag-toulon"},"share_on_mastodon":{"url":"https:\/\/pubeurope.com\/@fr\/115110646265229989","error":""},"_links":{"self":[{"href":"https:\/\/www.europesays.com\/fr\/wp-json\/wp\/v2\/posts\/351564","targetHints":{"allow":["GET"]}}],"collection":[{"href":"https:\/\/www.europesays.com\/fr\/wp-json\/wp\/v2\/posts"}],"about":[{"href":"https:\/\/www.europesays.com\/fr\/wp-json\/wp\/v2\/types\/post"}],"author":[{"embeddable":true,"href":"https:\/\/www.europesays.com\/fr\/wp-json\/wp\/v2\/users\/2"}],"replies":[{"embeddable":true,"href":"https:\/\/www.europesays.com\/fr\/wp-json\/wp\/v2\/comments?post=351564"}],"version-history":[{"count":0,"href":"https:\/\/www.europesays.com\/fr\/wp-json\/wp\/v2\/posts\/351564\/revisions"}],"wp:featuredmedia":[{"embeddable":true,"href":"https:\/\/www.europesays.com\/fr\/wp-json\/wp\/v2\/media\/351565"}],"wp:attachment":[{"href":"https:\/\/www.europesays.com\/fr\/wp-json\/wp\/v2\/media?parent=351564"}],"wp:term":[{"taxonomy":"category","embeddable":true,"href":"https:\/\/www.europesays.com\/fr\/wp-json\/wp\/v2\/categories?post=351564"},{"taxonomy":"post_tag","embeddable":true,"href":"https:\/\/www.europesays.com\/fr\/wp-json\/wp\/v2\/tags?post=351564"}],"curies":[{"name":"wp","href":"https:\/\/api.w.org\/{rel}","templated":true}]}}