{"id":351566,"date":"2025-08-29T06:30:36","date_gmt":"2025-08-29T06:30:36","guid":{"rendered":"https:\/\/www.europesays.com\/fr\/351566\/"},"modified":"2025-08-29T06:30:36","modified_gmt":"2025-08-29T06:30:36","slug":"cyclisme-chris-froome-victime-dun-grave-accident-a-lentrainement-et-hospitalise-a-toulon","status":"publish","type":"post","link":"https:\/\/www.europesays.com\/fr\/351566\/","title":{"rendered":"Cyclisme : Chris Froome victime d&rsquo;un \u00ab\u00a0grave accident\u00a0\u00bb \u00e0 l&rsquo;entra\u00eenement et hospitalis\u00e9 \u00e0 Toulon"},"content":{"rendered":"<ul class=\"jsx-862013697 ArticleChapo__List\">\n<li class=\"jsx-862013697 ArticleChapo__List_Item flex\">L&rsquo;ancien vainqueur du Tour de France Christopher Froome a \u00e9t\u00e9 admis \u00e0 l&rsquo;h\u00f4pital de Toulon ce mercredi.<\/li>\n<li class=\"jsx-862013697 ArticleChapo__List_Item flex\">Selon son \u00e9quipe, son \u00e9tat est \u00ab\u00a0stable\u00a0\u00bb, m\u00eame s&rsquo;il souffre d&rsquo;un \u00ab\u00a0pneumothorax, de cinq c\u00f4tes cass\u00e9es et d&rsquo;une fracture d&rsquo;une vert\u00e8bre lombaire\u00a0\u00bb.<\/li>\n<\/ul>\n<p data-module=\"article-paragraph\" class=\"jsx-3046738180 Paragraph Paragraph__End\">Grosse frayeur pour le quadruple vainqueur du Tour de France. Le Britannique <a href=\"https:\/\/www.tf1info.fr\/actualite\/chris-froom-11771\/\" target=\"_blank\" rel=\"noopener\">Christopher Froome<\/a>, 40 ans, a \u00e9t\u00e9 hospitalis\u00e9 mercredi 27 ao\u00fbt apr\u00e8s avoir \u00e9t\u00e9 victime d&rsquo;une chute \u00e0 l&rsquo;entra\u00eenement dans le sud-est de la France, a annonc\u00e9 ce jeudi son \u00e9quipe Isra\u00ebl-Premier Tech.<\/p>\n<p>Op\u00e9ration ce jeudi<\/p>\n<p data-module=\"article-paragraph\" class=\"jsx-3046738180 Paragraph Paragraph__End\">\u00ab\u00a0Chris Froome a \u00e9t\u00e9 h\u00e9liport\u00e9 vers l&rsquo;h\u00f4pital de Toulon apr\u00e8s un grave accident \u00e0 l&rsquo;entra\u00eenement\u00a0\u00bb, a-t-elle indiqu\u00e9 <a href=\"https:\/\/x.com\/IsraelPremTech\/status\/1961044333278249320\" target=\"_blank\">dans un communiqu\u00e9 (nouvelle fen\u00eatre)<\/a>. \u00ab\u00a0Heureusement, son \u00e9tat est stable et aucune blessure \u00e0 la t\u00eate n&rsquo;a \u00e9t\u00e9 constat\u00e9e, mais les examens ont confirm\u00e9 un pneumothorax, cinq c\u00f4tes cass\u00e9es et une fracture d&rsquo;une vert\u00e8bre lombaire, qui sera op\u00e9r\u00e9e\u00a0\u00bb ce jeudi, a poursuivi son \u00e9quipe, qui a pr\u00e9cis\u00e9 qu&rsquo;aucun \u00ab\u00a0autre cycliste ni v\u00e9hicule\u00a0\u00bb n&rsquo;avait \u00e9t\u00e9 impliqu\u00e9 dans l&rsquo;accident.<\/p>\n<p><a href=\"https:\/\/www.tf1info.fr\/sport\/un-cycliste-espagnol-de-17-ans-decede-apres-une-chute-sur-la-vuelta-junior-la-course-annulee-2390415.html\" rel=\"noopener\" class=\"jsx-3308031228 Link flex\" target=\"_blank\"><img decoding=\"async\" src=\"https:\/\/www.europesays.com\/fr\/wp-content\/uploads\/2025\/08\/illustration-cyclisme-route-course-5dde3a-0@1x.jpeg\" alt=\"Getty Images\/iStockphoto\" loading=\"lazy\" importance=\"low\" fetchpriority=\"low\" class=\"\" aria-hidden=\"true\"\/><\/p>\n<p class=\"jsx-3657663356 ReadMoreArticle__Title\">Lire aussi<\/p>\n<p class=\"jsx-3657663356\">Un cycliste espagnol de 17 ans d\u00e9c\u00e8de apr\u00e8s une chute sur la Vuelta junior, la course annul\u00e9e<\/p>\n<p><\/a><\/p>\n<p data-module=\"article-paragraph\" class=\"jsx-3046738180 Paragraph Paragraph__End\">Dans l&rsquo;\u00e9quipe Isra\u00ebl-Premier Tech depuis 2021, Chris Froome avait pris part au Tour de Pologne au d\u00e9but du mois d&rsquo;ao\u00fbt et avait termin\u00e9 68\u1d49 du classement g\u00e9n\u00e9ral. Depuis sa lourde chute survenue au Crit\u00e9rium du Dauphin\u00e9 en 2019, qui lui avait valu une fracture d&rsquo;un f\u00e9mur, celui qui a connu ses plus belles heures au sein de l&rsquo;\u00e9quipe Sky n&rsquo;a jamais r\u00e9ussi \u00e0 retrouver son niveau au sein du peloton.\u00a0Sa derni\u00e8re victoire remonte \u00e0 2018, un an apr\u00e8s son ultime sacre sur la Grande Boucle, lorsqu&rsquo;il s&rsquo;\u00e9tait impos\u00e9 lors du Tour d&rsquo;Italie, o\u00f9 il avait notamment remport\u00e9 deux \u00e9tapes.<\/p>\n<p>I.N avec AFP<\/p>\n","protected":false},"excerpt":{"rendered":"L&rsquo;ancien vainqueur du Tour de France Christopher Froome a \u00e9t\u00e9 admis \u00e0 l&rsquo;h\u00f4pital de Toulon ce mercredi. Selon&hellip;\n","protected":false},"author":2,"featured_media":351567,"comment_status":"","ping_status":"","sticky":false,"template":"","format":"standard","meta":{"footnotes":""},"categories":[9619],"tags":[3085,1111,11,1921,48823,207,1777,674,1011,27,1922,12,882,25,2310,133,4712],"class_list":{"0":"post-351566","1":"post","2":"type-post","3":"status-publish","4":"format-standard","5":"has-post-thumbnail","7":"category-toulon","8":"tag-accidents","9":"tag-actu","10":"tag-actualites","11":"tag-article-video","12":"tag-chris-froome","13":"tag-cyclisme","14":"tag-eu","15":"tag-europe","16":"tag-fr","17":"tag-france","18":"tag-info","19":"tag-news","20":"tag-provence-alpes-cote-dazur","21":"tag-republique-francaise","22":"tag-toulon","23":"tag-video","24":"tag-video-sports"},"share_on_mastodon":{"url":"https:\/\/pubeurope.com\/@fr\/115110649772922715","error":""},"_links":{"self":[{"href":"https:\/\/www.europesays.com\/fr\/wp-json\/wp\/v2\/posts\/351566","targetHints":{"allow":["GET"]}}],"collection":[{"href":"https:\/\/www.europesays.com\/fr\/wp-json\/wp\/v2\/posts"}],"about":[{"href":"https:\/\/www.europesays.com\/fr\/wp-json\/wp\/v2\/types\/post"}],"author":[{"embeddable":true,"href":"https:\/\/www.europesays.com\/fr\/wp-json\/wp\/v2\/users\/2"}],"replies":[{"embeddable":true,"href":"https:\/\/www.europesays.com\/fr\/wp-json\/wp\/v2\/comments?post=351566"}],"version-history":[{"count":0,"href":"https:\/\/www.europesays.com\/fr\/wp-json\/wp\/v2\/posts\/351566\/revisions"}],"wp:featuredmedia":[{"embeddable":true,"href":"https:\/\/www.europesays.com\/fr\/wp-json\/wp\/v2\/media\/351567"}],"wp:attachment":[{"href":"https:\/\/www.europesays.com\/fr\/wp-json\/wp\/v2\/media?parent=351566"}],"wp:term":[{"taxonomy":"category","embeddable":true,"href":"https:\/\/www.europesays.com\/fr\/wp-json\/wp\/v2\/categories?post=351566"},{"taxonomy":"post_tag","embeddable":true,"href":"https:\/\/www.europesays.com\/fr\/wp-json\/wp\/v2\/tags?post=351566"}],"curies":[{"name":"wp","href":"https:\/\/api.w.org\/{rel}","templated":true}]}}