{"id":351568,"date":"2025-08-29T06:31:13","date_gmt":"2025-08-29T06:31:13","guid":{"rendered":"https:\/\/www.europesays.com\/fr\/351568\/"},"modified":"2025-08-29T06:31:13","modified_gmt":"2025-08-29T06:31:13","slug":"le-forum-des-associations-lance-la-saison-vedasienne","status":"publish","type":"post","link":"https:\/\/www.europesays.com\/fr\/351568\/","title":{"rendered":"Le Forum des associations lance la saison v\u00e9dasienne"},"content":{"rendered":"<p>Le Forum des associations va investir le Parc du Terral samedi 30 ao\u00fbt de 10 h \u00e0 17 h, pour une journ\u00e9e qui, de fait, donne le top d\u00e9part de la saison associative.<\/p>\n<p>L\u2019occasion pour tous les V\u00e9dasiens, anciens ou nouveaux et quels que soient leurs \u00e2ges ou leurs envies, de (re) d\u00e9couvrir une palette associative extraordinairement riche, de discuter avec les responsables, b\u00e9n\u00e9voles et animateurs de ces structures et de faire son choix d\u2019activit\u00e9(s) pour la nouvelle saison.<\/p>\n<p>Les y attendent plus de 60 associations repr\u00e9sentant des domaines extr\u00eamement vari\u00e9s, bien-\u00eatre, sport, culture, loisirs, solidarit\u00e9, jeux, \u00e9ducation ou environnement\u2026 Sans compter un stand mairie o\u00f9 trouver toutes informations utiles sur les structures culturelles municipales (musique et arts plastiques), le centre de loisirs et le centre jeunesse, et plus g\u00e9n\u00e9ralement sur la vie de la commune (guide pratique, notices\u2026).<\/p>\n<p>De nombreuses animations seront ainsi propos\u00e9es par diff\u00e9rentes associations sans oublier une buvette et la possibilit\u00e9 de se restaurer. Bref, tout converge pour que chacun fasse son march\u00e9 d\u2019activit\u00e9s dans les meilleures conditions et organise ainsi au mieux son ann\u00e9e.<\/p>\n<p>Correspondant Midi Libre : 04 67 42 74 56<\/p>\n","protected":false},"excerpt":{"rendered":"Le Forum des associations va investir le Parc du Terral samedi 30 ao\u00fbt de 10 h \u00e0 17&hellip;\n","protected":false},"author":2,"featured_media":351569,"comment_status":"","ping_status":"","sticky":false,"template":"","format":"standard","meta":{"footnotes":""},"categories":[9599],"tags":[1111,11,1777,674,1011,27,2208,12,2680,25],"class_list":{"0":"post-351568","1":"post","2":"type-post","3":"status-publish","4":"format-standard","5":"has-post-thumbnail","7":"category-montpellier","8":"tag-actu","9":"tag-actualites","10":"tag-eu","11":"tag-europe","12":"tag-fr","13":"tag-france","14":"tag-montpellier","15":"tag-news","16":"tag-occitanie","17":"tag-republique-francaise"},"share_on_mastodon":{"url":"https:\/\/pubeurope.com\/@fr\/115110653725468421","error":""},"_links":{"self":[{"href":"https:\/\/www.europesays.com\/fr\/wp-json\/wp\/v2\/posts\/351568","targetHints":{"allow":["GET"]}}],"collection":[{"href":"https:\/\/www.europesays.com\/fr\/wp-json\/wp\/v2\/posts"}],"about":[{"href":"https:\/\/www.europesays.com\/fr\/wp-json\/wp\/v2\/types\/post"}],"author":[{"embeddable":true,"href":"https:\/\/www.europesays.com\/fr\/wp-json\/wp\/v2\/users\/2"}],"replies":[{"embeddable":true,"href":"https:\/\/www.europesays.com\/fr\/wp-json\/wp\/v2\/comments?post=351568"}],"version-history":[{"count":0,"href":"https:\/\/www.europesays.com\/fr\/wp-json\/wp\/v2\/posts\/351568\/revisions"}],"wp:featuredmedia":[{"embeddable":true,"href":"https:\/\/www.europesays.com\/fr\/wp-json\/wp\/v2\/media\/351569"}],"wp:attachment":[{"href":"https:\/\/www.europesays.com\/fr\/wp-json\/wp\/v2\/media?parent=351568"}],"wp:term":[{"taxonomy":"category","embeddable":true,"href":"https:\/\/www.europesays.com\/fr\/wp-json\/wp\/v2\/categories?post=351568"},{"taxonomy":"post_tag","embeddable":true,"href":"https:\/\/www.europesays.com\/fr\/wp-json\/wp\/v2\/tags?post=351568"}],"curies":[{"name":"wp","href":"https:\/\/api.w.org\/{rel}","templated":true}]}}