{"id":351570,"date":"2025-08-29T06:32:21","date_gmt":"2025-08-29T06:32:21","guid":{"rendered":"https:\/\/www.europesays.com\/fr\/351570\/"},"modified":"2025-08-29T06:32:21","modified_gmt":"2025-08-29T06:32:21","slug":"mhsc-amiens-montpellier-et-zoumana-camara-sattaquent-a-un-autre-chantier","status":"publish","type":"post","link":"https:\/\/www.europesays.com\/fr\/351570\/","title":{"rendered":"MHSC \u2013 Amiens\u00a0: Montpellier et Zoumana Camara s\u2019attaquent \u00e0 un autre chantier"},"content":{"rendered":"<p>\n                                                                Apr\u00e8s avoir solidifi\u00e9 leur d\u00e9fense, les Montpelli\u00e9rains veulent s\u2019am\u00e9liorer offensivement.\n                            <\/p>\n<p>La reconstruction, acte II. Le chantier men\u00e9 depuis le d\u00e9but de la saison par son ma\u00eetre d\u2019\u0153uvre, Zoumana Camara, a commenc\u00e9 par les fondations. Autrement dit la d\u00e9fense. Qui avait besoin d\u2019\u00eatre consolid\u00e9e, apr\u00e8s les nombreux trous d\u2019air et voies d\u2019eau connus la saison derni\u00e8re, avec 79 buts encaiss\u00e9s. L\u2019entra\u00eeneur de Montpellier a pos\u00e9 les premi\u00e8res briques et si son \u00e9quipe a encaiss\u00e9 un but \u00e0 tous les matches, il n\u2019en reste pas moins qu\u2019on ne sent plus cette porosit\u00e9.<\/p>\n<p>\u00ab\u00a0J\u2019ai le sentiment qu\u2019on a retrouv\u00e9 une certaine solidit\u00e9. On sent qu\u2019on est une \u00e9quipe qui peut voyager, m\u00eame quand on n\u2019a pas le ballon\u00a0\u00bb, assure le coach du MHSC.\u00a0En s\u2019appuyant sur une d\u00e9fense \u00e0 cinq et deux milieux r\u00e9cup\u00e9rateurs lors des deux derniers matches, le technicien pailladin a affich\u00e9 ses intentions sans pour autant renoncer \u00e0 ses ambitions de jeu, \u00e0 travers des sorties de balles courtes et des circuits de passes.<\/p>\n<\/p>\n<p>                    <img decoding=\"async\" class=\"responsive-img\" src=\"https:\/\/www.europesays.com\/fr\/wp-content\/uploads\/2025\/08\/1756449141_353_hqdefault.jpg\"\/><br \/>\n                <a class=\"stretched-link\" href=\"#paywall\" rel=\"js-anchor\"><\/p>\n<p>        <\/a><\/p>\n<p>Qu\u2019on peine \u00e0 retrouver sur la dur\u00e9e d\u2019un match.\u00a0\u00c9videmment, c\u2019est trop peu pour le moment, \u201cPapus\u201d Camara le reconna\u00eet lui-m\u00eame. \u00ab\u00a0Il ne suffit pas seulement d\u2019\u00eatre solide. Il faut pouvoir \u00eatre dangereux devant. Aujourd\u2019hui, c\u2019est ce qui manque.\u00a0\u00bb M\u00eame si son discours est dur \u00e0 entendre pour certains supporters, il faut de la patience et la reconstruction prendra du temps.<\/p>\n<p>\u00ab\u00a0Pas d\u2019obligation\u00a0\u00bb de victoire contre Amiens<\/p>\n<p>Pour lui, donc, il n\u2019y a pas d\u2019urgence de victoire contre Amiens, vendredi. \u00ab\u00a0Il n\u2019y a pas de n\u00e9cessit\u00e9, ce n\u2019est pas une obligation. Mais il est \u00e9vident qu\u2019il faudra mettre de l\u2019envie, de la combativit\u00e9, de l\u2019agressivit\u00e9, dans le bon sens du terme. Je pense que c\u2019est important et fondamental pour nous, pour bien finir cette petite premi\u00e8re partie de saison avant la tr\u00eave\u00a0\u00bb, consent l\u2019entra\u00eeneur montpelli\u00e9rain. Des valeurs comme des murs indispensables dans cette restauration.<\/p>\n<p>Commencer\u2026 par le commencement passe aussi par r\u00e9ussir ses entames. Montpellier a \u00e9t\u00e9 en difficult\u00e9 lors de la premi\u00e8re demi-heure de ses trois premiers matches. \u00ab\u00a0Il y a plusieurs facteurs qui peuvent l\u2019expliquer. Maintenant, c\u2019est une \u00e9vidence qu\u2019il faut rem\u00e9dier \u00e0 \u00e7a\u00a0\u00bb, esp\u00e8re Zoumana Camara.<\/p>\n<p>Tout sera compliqu\u00e9 en Ligue 2<\/p>\n<p>Malgr\u00e9 cela, malgr\u00e9 l\u2019ouverture du score adverse et l\u2019expulsion de Sainte-Luce \u00e0 Troyes (1-0), le MHSC avait les moyens de ramener un point. \u00ab\u00a0C\u2019est un match qui a laiss\u00e9 des regrets, parce qu\u2019\u00e0 10 contre 11, l\u2019adversaire s\u2019est cr\u00e9\u00e9 peu d\u2019occasions. On a quand m\u00eame eu par moments la ma\u00eetrise du ballon et on s\u2019est quand m\u00eame cr\u00e9\u00e9 des situations.\u00a0\u00bb<\/p>\n<p>Rien n\u2019est facile pour personne dans cette Ligue 2 et ce sera comme \u00e7a toute la saison. \u00ab\u00a0Tous les matches seront compliqu\u00e9s\u00a0\u00bb, ne cache pas Camara. Celui contre Amiens, ce vendredi, le sera surtout quand on est en reconstruction.<\/p>\n","protected":false},"excerpt":{"rendered":"Apr\u00e8s avoir solidifi\u00e9 leur d\u00e9fense, les Montpelli\u00e9rains veulent s\u2019am\u00e9liorer offensivement. La reconstruction, acte II. Le chantier men\u00e9 depuis&hellip;\n","protected":false},"author":2,"featured_media":351571,"comment_status":"","ping_status":"","sticky":false,"template":"","format":"standard","meta":{"footnotes":""},"categories":[9599],"tags":[1111,11,1777,674,1011,27,2208,12,2680,25],"class_list":{"0":"post-351570","1":"post","2":"type-post","3":"status-publish","4":"format-standard","5":"has-post-thumbnail","7":"category-montpellier","8":"tag-actu","9":"tag-actualites","10":"tag-eu","11":"tag-europe","12":"tag-fr","13":"tag-france","14":"tag-montpellier","15":"tag-news","16":"tag-occitanie","17":"tag-republique-francaise"},"share_on_mastodon":{"url":"https:\/\/pubeurope.com\/@fr\/115110657780709555","error":""},"_links":{"self":[{"href":"https:\/\/www.europesays.com\/fr\/wp-json\/wp\/v2\/posts\/351570","targetHints":{"allow":["GET"]}}],"collection":[{"href":"https:\/\/www.europesays.com\/fr\/wp-json\/wp\/v2\/posts"}],"about":[{"href":"https:\/\/www.europesays.com\/fr\/wp-json\/wp\/v2\/types\/post"}],"author":[{"embeddable":true,"href":"https:\/\/www.europesays.com\/fr\/wp-json\/wp\/v2\/users\/2"}],"replies":[{"embeddable":true,"href":"https:\/\/www.europesays.com\/fr\/wp-json\/wp\/v2\/comments?post=351570"}],"version-history":[{"count":0,"href":"https:\/\/www.europesays.com\/fr\/wp-json\/wp\/v2\/posts\/351570\/revisions"}],"wp:featuredmedia":[{"embeddable":true,"href":"https:\/\/www.europesays.com\/fr\/wp-json\/wp\/v2\/media\/351571"}],"wp:attachment":[{"href":"https:\/\/www.europesays.com\/fr\/wp-json\/wp\/v2\/media?parent=351570"}],"wp:term":[{"taxonomy":"category","embeddable":true,"href":"https:\/\/www.europesays.com\/fr\/wp-json\/wp\/v2\/categories?post=351570"},{"taxonomy":"post_tag","embeddable":true,"href":"https:\/\/www.europesays.com\/fr\/wp-json\/wp\/v2\/tags?post=351570"}],"curies":[{"name":"wp","href":"https:\/\/api.w.org\/{rel}","templated":true}]}}