{"id":351572,"date":"2025-08-29T06:33:09","date_gmt":"2025-08-29T06:33:09","guid":{"rendered":"https:\/\/www.europesays.com\/fr\/351572\/"},"modified":"2025-08-29T06:33:09","modified_gmt":"2025-08-29T06:33:09","slug":"le-trafic-sncf-reprend-progressivement-entre-rouen-et-le-havre","status":"publish","type":"post","link":"https:\/\/www.europesays.com\/fr\/351572\/","title":{"rendered":"le trafic SNCF reprend progressivement entre Rouen et le Havre"},"content":{"rendered":"<p>            Par<br \/>\n        <strong><br \/>\n            <a href=\"https:\/\/actu.fr\/auteur\/eaube\" title=\"Consulter tous les articles de Elo\u00efse Aub\u00e9\" target=\"_blank\" rel=\"noopener\">Elo\u00efse Aub\u00e9<\/a><br \/>\n        <\/strong><\/p>\n<p>        Publi\u00e9 le<\/p>\n<p>            29 ao\u00fbt 2025 \u00e0 7h19<br \/>\n        ; mis \u00e0 jour le 29 ao\u00fbt 2025 \u00e0 7h43    <\/p>\n<p><strong>Mise \u00e0 jour le 29 ao\u00fbt \u00e0 7h45<\/strong> : la SNCF indique que le trafic reprend progressivement sur la ligne.\u00a0<\/p>\n<p class=\" wall-content\">Attention si vous devez prendre le train t\u00f4t ce vendredi 29 ao\u00fbt 2025. La SNCF indique qu\u2019un <strong>animal a \u00e9t\u00e9 heurt\u00e9<\/strong> sur les rails entre Maromme et <a href=\"https:\/\/actu.fr\/normandie\/rouen_76540\" target=\"_blank\" rel=\"noopener\">Rouen<\/a>.<\/p>\n<p class=\" wall-content\">Cons\u00e9quence\u2009: le <strong>trafic des trains est interrompu dans les deux sens<\/strong> entre Rouen _ Le\u00a0Havre et Rouen \u2013 Dieppe.<\/p>\n<p class=\" wall-content\">La reprise du trafic est estim\u00e9e aux alentours de 8\u00a0heures.<\/p>\n<p>Un dispositif pour limiter les collisions<\/p>\n<p class=\" wall-content\">Les heurts entre les animaux et les trains ne sont (malheureusement) pas rares. L\u2019an pass\u00e9 un train avait <a href=\"https:\/\/actu.fr\/normandie\/val-de-scie_76034\/retard-ligne-rouen-dieppe-le-train-percute-une-vache_61426315.html\" target=\"_blank\" rel=\"noopener\">percut\u00e9 une vache<\/a> sur la ligne Rouen-Dieppe. Plus r\u00e9cemment, en juin\u00a02025, des <a href=\"https:\/\/actu.fr\/normandie\/rouen_76540\/la-circulation-des-trains-perturbee-ce-mercredi-a-cause-d-une-panne-pres-de-rouen_62726224.html\" target=\"_blank\" rel=\"noopener\">animaux avaient \u00e9t\u00e9 aper\u00e7us sur les rails<\/a> retardant longuement le trafic.<\/p>\n<p class=\" wall-content\">Pour pallier ces probl\u00e9matiques, la SNCF a mis en place, depuis 2023, des <a href=\"https:\/\/actu.fr\/societe\/la-sncf-teste-un-dispositif-pour-effaroucher-les-animaux-sur-les-voies_57816011.html\" target=\"_blank\" rel=\"noopener\">dispositifs d\u2019effaroucheurs sonores<\/a> sur certaines zones de France pour limiter les retards et les d\u00e9g\u00e2ts mat\u00e9riels caus\u00e9s par ces collisions.<\/p>\n<p>Suivez l\u2019actualit\u00e9 de Rouen sur notre <a href=\"https:\/\/www.whatsapp.com\/channel\/0029VaKfnf99hXF2ddApFB1D\" target=\"_blank\" rel=\"noopener\">cha\u00eene WhatsApp<\/a> et sur notre <a href=\"https:\/\/www.tiktok.com\/@76actu.fr?lang=fr\" target=\"_blank\" rel=\"noopener\">compte TikTok<\/a><\/p>\n<p class=\" wall-content\">Personnalisez votre actualit\u00e9 en ajoutant vos villes et m\u00e9dias en favori avec <a href=\"https:\/\/moncompte.actu.fr\" title=\"D\u00e9couvez Mon Actu\" rel=\"nofollow noopener\" data-trk=\"{&quot;cta&quot;:{&quot;action&quot;:&quot;https:\\\/\\\/moncompte.actu.fr&quot;,&quot;category&quot;:&quot;mon compte&quot;,&quot;from&quot;:&quot;article footer&quot;,&quot;name&quot;:&quot;Mon actu&quot;,&quot;type&quot;:&quot;cta&quot;}}\" target=\"_blank\">Mon Actu<\/a>.<\/p>\n<p>                    <script async src=\"\/\/www.tiktok.com\/embed.js\"><\/script><\/p>\n","protected":false},"excerpt":{"rendered":"Par Elo\u00efse Aub\u00e9 Publi\u00e9 le 29 ao\u00fbt 2025 \u00e0 7h19 ; mis \u00e0 jour le 29 ao\u00fbt 2025&hellip;\n","protected":false},"author":2,"featured_media":126791,"comment_status":"","ping_status":"","sticky":false,"template":"","format":"standard","meta":{"footnotes":""},"categories":[9587],"tags":[119,1111,11,3542,1777,674,118,1011,27,12,5161,25,9590,2215],"class_list":{"0":"post-351572","1":"post","2":"type-post","3":"status-publish","4":"format-standard","5":"has-post-thumbnail","7":"category-rouen","8":"tag-accident","9":"tag-actu","10":"tag-actualites","11":"tag-circulation","12":"tag-eu","13":"tag-europe","14":"tag-faits-divers","15":"tag-fr","16":"tag-france","17":"tag-news","18":"tag-normandie","19":"tag-republique-francaise","20":"tag-rouen","21":"tag-sncf"},"share_on_mastodon":{"url":"https:\/\/pubeurope.com\/@fr\/115110661470635580","error":""},"_links":{"self":[{"href":"https:\/\/www.europesays.com\/fr\/wp-json\/wp\/v2\/posts\/351572","targetHints":{"allow":["GET"]}}],"collection":[{"href":"https:\/\/www.europesays.com\/fr\/wp-json\/wp\/v2\/posts"}],"about":[{"href":"https:\/\/www.europesays.com\/fr\/wp-json\/wp\/v2\/types\/post"}],"author":[{"embeddable":true,"href":"https:\/\/www.europesays.com\/fr\/wp-json\/wp\/v2\/users\/2"}],"replies":[{"embeddable":true,"href":"https:\/\/www.europesays.com\/fr\/wp-json\/wp\/v2\/comments?post=351572"}],"version-history":[{"count":0,"href":"https:\/\/www.europesays.com\/fr\/wp-json\/wp\/v2\/posts\/351572\/revisions"}],"wp:featuredmedia":[{"embeddable":true,"href":"https:\/\/www.europesays.com\/fr\/wp-json\/wp\/v2\/media\/126791"}],"wp:attachment":[{"href":"https:\/\/www.europesays.com\/fr\/wp-json\/wp\/v2\/media?parent=351572"}],"wp:term":[{"taxonomy":"category","embeddable":true,"href":"https:\/\/www.europesays.com\/fr\/wp-json\/wp\/v2\/categories?post=351572"},{"taxonomy":"post_tag","embeddable":true,"href":"https:\/\/www.europesays.com\/fr\/wp-json\/wp\/v2\/tags?post=351572"}],"curies":[{"name":"wp","href":"https:\/\/api.w.org\/{rel}","templated":true}]}}