{"id":351575,"date":"2025-08-29T06:40:21","date_gmt":"2025-08-29T06:40:21","guid":{"rendered":"https:\/\/www.europesays.com\/fr\/351575\/"},"modified":"2025-08-29T06:40:21","modified_gmt":"2025-08-29T06:40:21","slug":"la-propagande-municipale-ne-fonctionne-plus","status":"publish","type":"post","link":"https:\/\/www.europesays.com\/fr\/351575\/","title":{"rendered":"LA PROPAGANDE MUNICIPALE NE FONCTIONNE PLUS"},"content":{"rendered":"<p>Posted On 29 ao\u00fbt 2025 <\/p>\n<p style=\"text-align: justify;\">La propagande municipale fonctionne d\u00e9cid\u00e9ment de moins en moins. <a target=\"_blank\" href=\"https:\/\/www.placegrenet.fr\/2025\/08\/27\/lexposition-sur-la-fresque-grenoble-2040-se-termine-une-demarche-qui-na-pas-fait-lunanimite\/658143\" rel=\"nofollow noopener\">Le m\u00e9dia en ligne Place Gre&rsquo;net<\/a> est r\u00e9cemment revenu sur l&rsquo;op\u00e9ration \u00ab\u00a0Grenoble 2040\u00a0\u00bb, une exposition qui a \u00e9t\u00e9 un bide complet cet \u00e9t\u00e9 malgr\u00e9 la comm&rsquo; d\u00e9ploy\u00e9e autour.<\/p>\n<p>UN NOUVEAU GADGET MARKETING&#8230;<\/p>\n<p style=\"text-align: justify;\">Voil\u00e0 plusieurs mois que les \u00e9lus Verts\/LFI utilisent les moyens municipaux pour faire tout un tapage autour <a target=\"_blank\" href=\"https:\/\/www.grenoble.fr\/uploads\/Presse\/pse_fichier\/82\/2109_302_DP-Grenoble-2040-pour-des-quartiers-favorables-a-la-sante.pdf\" rel=\"nofollow noopener\">du concept de Grenoble en 2040<\/a>. Une id\u00e9e purement marketing (pourquoi 2040 et pas une autre 2050 par exemple ?) qu&rsquo;ils pr\u00e9sentent comme \u00ab\u00a0une r\u00e9flexion collective sur l\u2019am\u00e9nagement des quartiers pour am\u00e9liorer la sant\u00e9 et le bien-\u00eatre des habitants\u00a0\u00bb\u00a0\u00e0 cet horizon. \u00ab\u00a0Une d\u00e9marche de prospective qui invite tous les Grenoblois et Grenobloises \u00e0 imaginer l&rsquo;avenir des lieux de vie\u00a0\u00bb&#8230;<\/p>\n<p><a href=\"https:\/\/i1.wp.com\/grenoble-le-changement.fr\/wp-content\/uploads\/2025\/08\/grenoble-2040-comm.png?ssl=1\" rel=\"lightbox[84300] nofollow noopener\" target=\"_blank\"><img loading=\"lazy\" decoding=\"async\" class=\" wp-image-84307 jetpack-lazy-image\" src=\"https:\/\/i1.wp.com\/grenoble-le-changement.fr\/wp-content\/uploads\/2025\/08\/grenoble-2040-comm.png?resize=577%2C371&amp;ssl=1\" alt=\"\" width=\"577\" height=\"371\" data-recalc-dims=\"1\" data-lazy-src=\"https:\/\/www.europesays.com\/fr\/wp-content\/uploads\/2025\/08\/grenoble-2040-comm.png\" \/><\/a>La nouvelle op\u00e9ration comm&rsquo; des Piollistes<br \/>\n&#8230; POUR NE PAS PARLER DU PR\u00c9SENT<\/p>\n<p style=\"text-align: justify;\">On commence \u00e0 les connaitre : en se projetant dans 20 ans, les Piollistes ont surtout pour objectif de ne surtout pas se retourner sur les 12 derni\u00e8res ann\u00e9es \u00e9coul\u00e9es, celles dont ils sont comptables, et on comprend pourquoi <a href=\"https:\/\/grenoble-le-changement.fr\/2024\/04\/19\/le-groupe-dopposition-a-hoche-pour-les-10-ans-de-piolle\/\" rel=\"nofollow noopener\" target=\"_blank\">tant leur bilan va \u00e0 l&rsquo;encontre de ce qu&rsquo;ils pr\u00f4nent pour 2040<\/a> : nous sommes devenus 1\u00e8re ville de France pour les ilots de chaleur, la qualit\u00e9 de vie dans tous les quartiers s&rsquo;est consid\u00e9rablement d\u00e9grad\u00e9e&#8230; mais \u00e7a irait mieux demain avec les m\u00eames !<\/p>\n<p><a href=\"https:\/\/i1.wp.com\/grenoble-le-changement.fr\/wp-content\/uploads\/2025\/08\/rue-de-stalingrad-35-logements-1-scaled.jpg?ssl=1\" rel=\"lightbox[84300] nofollow noopener\" target=\"_blank\"><img loading=\"lazy\" decoding=\"async\" class=\" wp-image-84308 jetpack-lazy-image\" src=\"https:\/\/i0.wp.com\/grenoble-le-changement.fr\/wp-content\/uploads\/2025\/08\/rue-de-stalingrad-35-logements-1.jpg?resize=600%2C450&amp;ssl=1\" alt=\"\" width=\"600\" height=\"450\" data-recalc-dims=\"1\" data-lazy-src=\"https:\/\/www.europesays.com\/fr\/wp-content\/uploads\/2025\/08\/rue-de-stalingrad-35-logements-1.jpg\" \/><\/a>Avec \u00ab\u00a0Grenoble 2040\u00a0\u00bb, on \u00e9voque curieusement jamais le PLUi densificateur vot\u00e9 par les Verts qui permet de b\u00e9tonner la moindre dent creuse. Ici Rue de Stalingrad cet \u00e9t\u00e9, 35 logements \u00e0 la place d&rsquo;une parcelle qui comportait un petit jardin<br \/>\nUNE CO\u00dbTEUSE EXPO DANS LES MDH&#8230;<\/p>\n<p style=\"text-align: justify;\">Toute la panoplie de moyens municipaux a \u00e9t\u00e9 d\u00e9ploy\u00e9e pour faire la promotion de ce qui r\u00e9sonne comme un quasi programme politique de candidat, \u00e0 quelques mois des municipales. En mars\/avril,\u00a0l&rsquo;exposition \u00ab\u00a0Grenoble 2040, pour des quartiers favorables \u00e0 la sant\u00e9\u00a0\u00bb <a href=\"https:\/\/grenoble-le-changement.fr\/2025\/04\/04\/biennale-des-villes-en-transition-la-grande-arnaque\/\" rel=\"nofollow noopener\" target=\"_blank\">s&rsquo;est ainsi install\u00e9e dans plusieurs Maison des Habitants et \u00e9quipements de la ville<\/a> avec mobilisation d&rsquo;agents et d&rsquo;une agence de comm&rsquo; (le contribuable paye) pour des \u00ab\u00a0animations\u00a0\u00bb.\u00a0<\/p>\n<p>&#8230; MAIS LE BOURRAGE DE CR\u00c2NE N&rsquo;A PAS EU UN GRAND SUCC\u00c8S<\/p>\n<p style=\"text-align: justify;\">L&rsquo;id\u00e9e \u00e9tant de faire noter aux habitants ce qu&rsquo;ils veulent pour leur quartier en 2040 pour une ville \u00ab\u00a0favorable \u00e0 la sant\u00e9\u00a0\u00bb. En t\u00e9l\u00e9guidant leur r\u00e9flexion pour qu&rsquo;elle entre dans le cadre des th\u00e9matiques ch\u00e8res aux Verts\/LFI, et ne traite surtout pas de ce qui les d\u00e9range : <a href=\"https:\/\/grenoble-le-changement.fr\/2025\/08\/25\/des-mediateurs-plutot-quune-veritable-politique-de-securite\/\" rel=\"nofollow noopener\" target=\"_blank\">ins\u00e9curit\u00e9<\/a>, densification, ou encore recul des services de proximit\u00e9 par exemple. Pas un franc succ\u00e8s : une petite centaine d&rsquo;habitants ont particip\u00e9 \u00e0 l&rsquo;op\u00e9ration dans les MDH.\u00a0<\/p>\n<p><a href=\"https:\/\/i0.wp.com\/grenoble-le-changement.fr\/wp-content\/uploads\/2025\/04\/Capture-de\u0301cran-2025-04-03-a\u0300-15.36.45.png?ssl=1\" rel=\"lightbox[84300] nofollow noopener\" target=\"_blank\"><img loading=\"lazy\" decoding=\"async\" class=\" wp-image-80999 jetpack-lazy-image\" src=\"https:\/\/i0.wp.com\/grenoble-le-changement.fr\/wp-content\/uploads\/2025\/04\/Capture-de\u0301cran-2025-04-03-a\u0300-15.36.45.png?resize=450%2C549&amp;ssl=1\" alt=\"\" width=\"450\" height=\"549\" data-recalc-dims=\"1\" data-lazy-src=\"https:\/\/i0.wp.com\/grenoble-le-changement.fr\/wp-content\/uploads\/2025\/04\/Capture-de\u0301cran-2025-04-03-a\u0300-15.36.45.png?resize=450%2C549&amp;is-pending-load=1#038;ssl=1\" \/><\/a>\u00ab\u00a0Fl\u00e2ner\u00a0\u00bb, \u00ab\u00a0faire du sport\u00a0\u00bb.. Il fallait bien cette avalanche de moyens dans les MDH pour recueillir de tels aspirations<br \/>\nLA \u00ab\u00a0BIENNALE DES VILLES EN TRANSITION\u00a0\u00bb COMME POINT D&rsquo;ORGUE\u00a0<\/p>\n<p style=\"text-align: justify;\">Pour poursuivre dans le matraquage il y a ensuite eu le clou du spectacle, <a href=\"https:\/\/grenoble-le-changement.fr\/2025\/05\/17\/biennale-des-villes-en-transition-loperation-de-propagande-coule-a-pic\/\" rel=\"nofollow noopener\" target=\"_blank\">la grande op\u00e9ration de comm&rsquo; de la \u00ab\u00a0biennale des villes en transition\u00a0\u00bb en mai dernier<\/a>. Avec pour l&rsquo;occasion l&rsquo;organisation d&rsquo;une table-ronde sur les \u00ab\u00a0quartiers favorables \u00e0 la sant\u00e9 en 2040\u00a0\u00bb, puis un atelier pour \u00ab\u00a0imaginer ensemble les quartiers de demain \u00e0 travers une grande fresque participative in\u00e9dite\u00a0\u00bb. L\u00e0 encore la propagande municipale a tourn\u00e9 \u00e0 plein pot&#8230;<\/p>\n<p>UN BIDE MONUMENTAL \u00c0 500 000 EUROS<\/p>\n<p style=\"text-align: justify;\">&#8230; mais le r\u00e9sultat est tr\u00e8s loin des attentes des \u00e9lus. <a href=\"https:\/\/grenoble-le-changement.fr\/2025\/05\/28\/bide-de-la-biennale-la-municipalite-avoue-500-000-e-de-depenses\/\" rel=\"nofollow noopener\" target=\"_blank\">La biennale aura co\u00fbt\u00e9 500 000 euros au contribuable grenoblois<\/a>, comme avait \u00e9t\u00e9 contraint de l&rsquo;admettre du bout des l\u00e8vres Eric Piolle interrog\u00e9 par le groupe d&rsquo;Alain Carignon en fin de conseil municipal avant l&rsquo;\u00e9t\u00e9. Tout \u00e7a pour financer un petit entre-soi, car les Grenoblois ont massivement boud\u00e9 l&rsquo;\u00e9v\u00e9nement, avec des conf\u00e9rences parfois sans public dans un palais des sports vide et triste comme la pluie.\u00a0<\/p>\n<p><a href=\"https:\/\/i0.wp.com\/grenoble-le-changement.fr\/wp-content\/uploads\/2025\/05\/biennale-desert-total.png?ssl=1\" rel=\"lightbox[84300] nofollow noopener\" target=\"_blank\"><img loading=\"lazy\" decoding=\"async\" class=\" wp-image-82261 jetpack-lazy-image\" src=\"https:\/\/i0.wp.com\/grenoble-le-changement.fr\/wp-content\/uploads\/2025\/05\/biennale-desert-total.png?resize=625%2C469&amp;ssl=1\" alt=\"\" width=\"625\" height=\"469\" data-recalc-dims=\"1\" data-lazy-src=\"https:\/\/www.europesays.com\/fr\/wp-content\/uploads\/2025\/08\/biennale-desert-total.png\" \/><\/a>La biennale des villes en transition. Pas besoin de commentaire<br \/>\nDES HABITANTS DE LA VILLENEUVE INTERPELLENT LES \u00c9LUS<\/p>\n<p class=\"p1\" style=\"text-align: justify;\">Le r\u00e9el avait tout de m\u00eame fait irruption \u00e0 l\u2019occasion de la fameuse fresque\u00a0 participative. Des habitants du 50 Place des G\u00e9ants, \u00e0 la Villeneuve, <a target=\"_blank\" href=\"https:\/\/grandgrenoble.alpes1.com\/news\/locales\/28306\/des-grenoblois-perturbent-la-biennale-des-villes-en-transition\" rel=\"nofollow noopener\">\u00e9taient intervenus avec des photos de leurs logements insalubres<\/a>, certains dangereux pour la sant\u00e9, expliquant que \u00ab\u00a0la municipalit\u00e9 n\u2019est pas cr\u00e9dible pour parler de la sant\u00e9 en 2040 en ne sachant pas traiter les probl\u00e8mes de 2025\u00a0\u00bb. Il leur avait bien s\u00fbr \u00e9t\u00e9 refus\u00e9 d\u2019afficher ces photos sur la fameuse fresque : il ne faut surtout pas mettre en cause l&rsquo;action pr\u00e9sente des \u00e9lus.<\/p>\n<p><a href=\"https:\/\/i0.wp.com\/grenoble-le-changement.fr\/wp-content\/uploads\/2025\/05\/place-des-geants-biennale-rotated.jpeg?ssl=1\" rel=\"lightbox[84300] nofollow noopener\" target=\"_blank\"><img loading=\"lazy\" decoding=\"async\" class=\" wp-image-82034 jetpack-lazy-image\" src=\"https:\/\/i1.wp.com\/grenoble-le-changement.fr\/wp-content\/uploads\/2025\/05\/place-des-geants-biennale.jpeg?resize=482%2C643&amp;ssl=1\" alt=\"\" width=\"482\" height=\"643\" data-recalc-dims=\"1\" data-lazy-src=\"https:\/\/www.europesays.com\/fr\/wp-content\/uploads\/2025\/08\/place-des-geants-biennale.jpeg\" \/><\/a>Irruption de la r\u00e9alit\u00e9 du quotidien \u00e0 la biennale<br \/>\nUNE EXPOSITION TOUT L\u2019\u00c9T\u00c9 \u00c0 L\u2019H\u00d4TEL DE VILLE\u2026<\/p>\n<p class=\"p1\" style=\"text-align: justify;\">Pour cl\u00f4turer l\u2019op\u00e9ration \u00ab\u00a0Grenoble 2040\u00a0\u00bb,<a target=\"_blank\" href=\"https:\/\/c.ledauphine.com\/culture-loisirs\/2025\/06\/30\/l-expo-grenoble-2040-pour-une-ville-favorable-a-la-sante\" rel=\"nofollow noopener\"> la municipalit\u00e9 a finalement install\u00e9 ces deux derniers mois son exposition \u00e0 l\u2019h\u00f4tel de ville<\/a>. Toujours dans l&rsquo;id\u00e9e affich\u00e9e de \u00ab\u00a0permettre aux Grenoblois et Grenobloises de d\u00e9couvrir et enrichir cette vision de Grenoble dans 15 ans\u00a0\u00bb,\u00a0avec \u00e0 l&rsquo;origine un programme tr\u00e8s riche annonc\u00e9, avec des \u00ab\u00a0m\u00e9diations\u00a0\u00bb dans les parcs tout au long de l&rsquo;\u00e9t\u00e9. Toujours cette objectif de bourrer le cr\u00e2ne au plus grand nombre avec les th\u00e8ses des Verts, alors que les \u00e9lections approchent.<\/p>\n<p><a href=\"https:\/\/i1.wp.com\/grenoble-le-changement.fr\/wp-content\/uploads\/2024\/10\/grenoble-2040-gre-mag-scaled.jpg?ssl=1\" rel=\"lightbox[84300] nofollow noopener\" target=\"_blank\"><img loading=\"lazy\" decoding=\"async\" class=\" wp-image-76933 jetpack-lazy-image\" src=\"https:\/\/i1.wp.com\/grenoble-le-changement.fr\/wp-content\/uploads\/2024\/10\/grenoble-2040-gre-mag.jpg?resize=461%2C615&amp;ssl=1\" alt=\"\" width=\"461\" height=\"615\" data-recalc-dims=\"1\" data-lazy-src=\"https:\/\/www.europesays.com\/fr\/wp-content\/uploads\/2025\/08\/grenoble-2040-gre-mag.jpg\" \/><\/a>Dans un \u00ab\u00a0Grenoble mag\u00a0\u00bb d\u00e9di\u00e9 aux enfants, le bourrage de cr\u00e2ne m\u00eame pour les plus petits..<br \/>\n\u2026 QUI AURA \u00c9GALEMENT \u00c9T\u00c9 UN FOUR<\/p>\n<p style=\"text-align: justify;\">Mais Place Gre&rsquo;net r\u00e9v\u00e8le que \u00e7a a, une fois de plus, \u00e9t\u00e9 un bide total. <a target=\"_blank\" href=\"https:\/\/www.placegrenet.fr\/2025\/08\/27\/lexposition-sur-la-fresque-grenoble-2040-se-termine-une-demarche-qui-na-pas-fait-lunanimite\/658143\" rel=\"nofollow noopener\">Et le m\u00e9dia de d\u00e9crire une exposition<\/a> \u00e0 la mairie \u00ab\u00a0peu mise en valeur, dans une salle aux rideaux ferm\u00e9s\u00a0\u00bb. Et le d\u00e9placement de l&rsquo;expo parc Paul Mistral \u00ab\u00a0annul\u00e9 faute de visiteurs\u00a0\u00bb. C&rsquo;est d\u00e9sormais ind\u00e9niable, Grenoble 2040 a fait un grand flop. \u00c0 l&rsquo;image de la fumisterie de la \u00ab\u00a0capitale verte\u00a0\u00bb en 2022 et de la biennale, les Grenoblois sont rest\u00e9s loin de cette comm\u00a0\u00bb. Il serait int\u00e9ressant de savoir combien tout cela a co\u00fbt\u00e9 au contribuable.\u00a0<\/p>\n<p>LA MACHINE VERTS\/LFI NE FONCTIONNE PLUS<\/p>\n<p style=\"text-align: justify;\">Le fait que, malgr\u00e9 une mobilisation de moyens humains et financiers d\u00e9mesur\u00e9s sur le dos de la ville, les Verts\/LFi ne parviennent pas \u00e0 toucher les habitants avec ce genre d&rsquo;op\u00e9ration \u00ab\u00a0prospective\u00a0\u00bb est un signal de plus du fait que leur machine est d\u00e9finitivement enray\u00e9e. Ils ne parviennent plus \u00e0 cr\u00e9er un r\u00e9cit qui enthousiasme, emp\u00eatr\u00e9s dans leur bilan calamiteux, <a href=\"https:\/\/grenoble-le-changement.fr\/2025\/08\/27\/verts-lfi-place-publique-divorces-en-serie-pour-les-gauches-a-grenoble\/\" rel=\"nofollow noopener\" target=\"_blank\">us\u00e9s par 2 mandats qui les ont m\u00eame divis\u00e9 politiquement<\/a>. Les Grenoblois peuvent achever de tourner cette page s&rsquo;ils sont au rendez-vous des \u00e9lections municipales en mars 2026.<\/p>\n","protected":false},"excerpt":{"rendered":"Posted On 29 ao\u00fbt 2025 La propagande municipale fonctionne d\u00e9cid\u00e9ment de moins en moins. Le m\u00e9dia en ligne&hellip;\n","protected":false},"author":2,"featured_media":351577,"comment_status":"","ping_status":"","sticky":false,"template":"","format":"standard","meta":{"footnotes":""},"categories":[9566],"tags":[1111,11,9601,2430,9607,1777,674,1011,27,2731,12,25],"class_list":{"0":"post-351575","1":"post","2":"type-post","3":"status-publish","4":"format-standard","5":"has-post-thumbnail","7":"category-grenoble","8":"tag-actu","9":"tag-actualites","10":"tag-alain-carignon","11":"tag-auvergne-rhone-alpes","12":"tag-eric-piolle","13":"tag-eu","14":"tag-europe","15":"tag-fr","16":"tag-france","17":"tag-grenoble","18":"tag-news","19":"tag-republique-francaise"},"share_on_mastodon":{"url":"","error":""},"_links":{"self":[{"href":"https:\/\/www.europesays.com\/fr\/wp-json\/wp\/v2\/posts\/351575","targetHints":{"allow":["GET"]}}],"collection":[{"href":"https:\/\/www.europesays.com\/fr\/wp-json\/wp\/v2\/posts"}],"about":[{"href":"https:\/\/www.europesays.com\/fr\/wp-json\/wp\/v2\/types\/post"}],"author":[{"embeddable":true,"href":"https:\/\/www.europesays.com\/fr\/wp-json\/wp\/v2\/users\/2"}],"replies":[{"embeddable":true,"href":"https:\/\/www.europesays.com\/fr\/wp-json\/wp\/v2\/comments?post=351575"}],"version-history":[{"count":0,"href":"https:\/\/www.europesays.com\/fr\/wp-json\/wp\/v2\/posts\/351575\/revisions"}],"wp:featuredmedia":[{"embeddable":true,"href":"https:\/\/www.europesays.com\/fr\/wp-json\/wp\/v2\/media\/351577"}],"wp:attachment":[{"href":"https:\/\/www.europesays.com\/fr\/wp-json\/wp\/v2\/media?parent=351575"}],"wp:term":[{"taxonomy":"category","embeddable":true,"href":"https:\/\/www.europesays.com\/fr\/wp-json\/wp\/v2\/categories?post=351575"},{"taxonomy":"post_tag","embeddable":true,"href":"https:\/\/www.europesays.com\/fr\/wp-json\/wp\/v2\/tags?post=351575"}],"curies":[{"name":"wp","href":"https:\/\/api.w.org\/{rel}","templated":true}]}}