{"id":351576,"date":"2025-08-29T06:40:23","date_gmt":"2025-08-29T06:40:23","guid":{"rendered":"https:\/\/www.europesays.com\/fr\/351576\/"},"modified":"2025-08-29T06:40:23","modified_gmt":"2025-08-29T06:40:23","slug":"metropole-rouen-normandie-5","status":"publish","type":"post","link":"https:\/\/www.europesays.com\/fr\/351576\/","title":{"rendered":"| M\u00e9tropole Rouen Normandie"},"content":{"rendered":"<p>48 rue victor hugo, 76000<\/p>\n<p>2 juin &#8211; 30 ao\u00fbt<\/p>\n<p>Durant plusieurs semaines, des \u00e9tudiants de l\u2018ENSA Normandie ont arpent\u00e9 la ville, carnet de croquis \u00e0 la main. Fa\u00e7ades, fen\u00eatres, portes, encorbellements\u2026 ont \u00e9t\u00e9 collect\u00e9s, dessin\u00e9s pour r\u00e9aliser un inventaire sous la forme d\u2019un leporello*.<\/p>\n<p>\u00c0 partir de ces fragments d\u2019architecture glan\u00e9s ici et l\u00e0, les \u00e9tudiants ont compos\u00e9 \u00ab Une autre ville \u00bb, issue de sc\u00e9narios imaginaires, b\u00e2tie de formes identifi\u00e9es, de volumes d\u00e9plac\u00e9s, de morceaux r\u00e9invent\u00e9s.<\/p>\n<p>Venez d\u00e9couvrir ces architectures imaginaires, n\u00e9es d\u2019un atelier encadr\u00e9 par Kacha Legrand et St\u00e9phane Landais, enseignants \u00e0 l\u2019ENSA Normandie.<br \/>Etudiants de licence : S01 INSA, S02, S04.<\/p>\n<p>*le leporello est une feuille pli\u00e9e en accord\u00e9on<\/p>\n","protected":false},"excerpt":{"rendered":"48 rue victor hugo, 76000 2 juin &#8211; 30 ao\u00fbt Durant plusieurs semaines, des \u00e9tudiants de l\u2018ENSA Normandie&hellip;\n","protected":false},"author":2,"featured_media":351578,"comment_status":"","ping_status":"","sticky":false,"template":"","format":"standard","meta":{"footnotes":""},"categories":[9587],"tags":[1111,11,1777,674,1011,27,12,5161,25,9590],"class_list":{"0":"post-351576","1":"post","2":"type-post","3":"status-publish","4":"format-standard","5":"has-post-thumbnail","7":"category-rouen","8":"tag-actu","9":"tag-actualites","10":"tag-eu","11":"tag-europe","12":"tag-fr","13":"tag-france","14":"tag-news","15":"tag-normandie","16":"tag-republique-francaise","17":"tag-rouen"},"share_on_mastodon":{"url":"https:\/\/pubeurope.com\/@fr\/115110689081277049","error":""},"_links":{"self":[{"href":"https:\/\/www.europesays.com\/fr\/wp-json\/wp\/v2\/posts\/351576","targetHints":{"allow":["GET"]}}],"collection":[{"href":"https:\/\/www.europesays.com\/fr\/wp-json\/wp\/v2\/posts"}],"about":[{"href":"https:\/\/www.europesays.com\/fr\/wp-json\/wp\/v2\/types\/post"}],"author":[{"embeddable":true,"href":"https:\/\/www.europesays.com\/fr\/wp-json\/wp\/v2\/users\/2"}],"replies":[{"embeddable":true,"href":"https:\/\/www.europesays.com\/fr\/wp-json\/wp\/v2\/comments?post=351576"}],"version-history":[{"count":0,"href":"https:\/\/www.europesays.com\/fr\/wp-json\/wp\/v2\/posts\/351576\/revisions"}],"wp:featuredmedia":[{"embeddable":true,"href":"https:\/\/www.europesays.com\/fr\/wp-json\/wp\/v2\/media\/351578"}],"wp:attachment":[{"href":"https:\/\/www.europesays.com\/fr\/wp-json\/wp\/v2\/media?parent=351576"}],"wp:term":[{"taxonomy":"category","embeddable":true,"href":"https:\/\/www.europesays.com\/fr\/wp-json\/wp\/v2\/categories?post=351576"},{"taxonomy":"post_tag","embeddable":true,"href":"https:\/\/www.europesays.com\/fr\/wp-json\/wp\/v2\/tags?post=351576"}],"curies":[{"name":"wp","href":"https:\/\/api.w.org\/{rel}","templated":true}]}}