{"id":351583,"date":"2025-08-29T06:49:16","date_gmt":"2025-08-29T06:49:16","guid":{"rendered":"https:\/\/www.europesays.com\/fr\/351583\/"},"modified":"2025-08-29T06:49:16","modified_gmt":"2025-08-29T06:49:16","slug":"strasbourg-va-signer-martial-godo","status":"publish","type":"post","link":"https:\/\/www.europesays.com\/fr\/351583\/","title":{"rendered":"Strasbourg va signer Martial Godo"},"content":{"rendered":"<p style=\"text-align: justify;\"><strong>TRANSFERTS \u2013 Selon <a href=\"https:\/\/x.com\/FabrizioRomano\/status\/1961147383229620733\">Fabrizio Romano<\/a>, Strasbourg va signer le jeune ailier ivoirien, Martial Godo (Fulham).<br \/><\/strong><\/p>\n<p style=\"text-align: justify;\">Les <strong>Alsaciens<\/strong> devaient voir arriver <strong>Julio<\/strong> <strong>Enciso<\/strong> en pr\u00eat, apr\u00e8s que ce dernier se soit engag\u00e9 avec <strong>Chelsea<\/strong>. Mais les <strong>Blues<\/strong> ont finalement annul\u00e9 l\u2019op\u00e9ration \u00e0 cause de la visite m\u00e9dicale du jeune talent paraguayen. Un coup dur pour <strong>Strasbourg,<\/strong> qui comptait sur le joueur pour renforcer son attaque en vue notamment de la <strong>Ligue<\/strong> <strong>Conf\u00e9rence<\/strong>.<\/p>\n<p>Martial Godo arrive \u00e0 Strasbourg<\/p>\n<p style=\"text-align: justify;\">Le club alsacien et ses actionnaires BlueCo se sont donc mis en qu\u00eate d\u2019une autre solution pour renforcer l\u2019attaque strasbourgeoise. Sauf retournement de situation, Strasbourg devrait s\u2019offrir le jeune talent <strong>Martial Godo,<\/strong> qui \u00e9volue \u00e0 <strong>Fulham<\/strong> depuis plusieurs saisons. Peu utilis\u00e9 la saison pass\u00e9e, il a connu qu\u2019une seule titularisation en <strong>Coupe d\u2019Angleterre<\/strong>.<\/p>\n<p style=\"text-align: justify;\">Malgr\u00e9 son peu d\u2019exp\u00e9rience au plus haut niveau, le club de Ligue 1 devrait d\u00e9bourser pas moins de 7 millions d\u2019euros pour signer l\u2019international espoirs ivoirien. L\u2019op\u00e9ration devrait \u00eatre finalis\u00e9e dans les 48 prochaines heures, et <strong>Martial<\/strong> <strong>Godo<\/strong> pourra ensuite aller passer sa visite m\u00e9dicale.<\/p>\n<p><a href=\"https:\/\/dicodusport.fr\/blog\/mercato-strasbourg-2025-2026-le-tableau-complet-des-transferts-arrivees-et-departs\/\" class=\"vlp-link\" title=\"Mercato Strasbourg 2025-2026 : Le tableau complet des transferts, arriv\u00e9es et d\u00e9parts\" target=\"_blank\" rel=\"noopener\"><img loading=\"lazy\" decoding=\"async\" style=\"max-width: 792px;\" width=\"792\" height=\"445\" class=\"attachment-800x445 size-800x445 perfmatters-lazy\" alt=\"Mercato Strasbourg 2025-2026 Le tableau complet des transferts, arriv\u00e9es et d\u00e9parts\" src=\"https:\/\/www.europesays.com\/fr\/wp-content\/uploads\/2025\/07\/Mercato-Strasbourg-2025-2026-Le-tableau-complet-des-transferts-arrivees-et-departs.png\"  data-\/><\/p>\n<p>Mercato Strasbourg 2025-2026 : Le tableau complet des transferts, arriv\u00e9es et d\u00e9parts<\/p>\n<p>TRANSFERTS STRASBOURG &#8211; Retrouvez tous les mouvements du RC Strasbourg Alsace pour l&rsquo;intersaison 2025 en Ligue 1. Arriv\u00e9es, d\u00e9part, pr\u00eats, transferts d\u00e9finitifs, ne ratez rien du mercato estival.\u00a0<\/p>\n<p>Lire l&rsquo;article<\/p>\n<p>dicodusport.fr<\/p>\n","protected":false},"excerpt":{"rendered":"TRANSFERTS \u2013 Selon Fabrizio Romano, Strasbourg va signer le jeune ailier ivoirien, Martial Godo (Fulham). Les Alsaciens devaient&hellip;\n","protected":false},"author":2,"featured_media":351584,"comment_status":"","ping_status":"","sticky":false,"template":"","format":"standard","meta":{"footnotes":""},"categories":[2820],"tags":[1111,11,2113,1777,674,1011,27,775,23100,12,28836,25,640],"class_list":{"0":"post-351583","1":"post","2":"type-post","3":"status-publish","4":"format-standard","5":"has-post-thumbnail","7":"category-strasbourg","8":"tag-actu","9":"tag-actualites","10":"tag-breve","11":"tag-eu","12":"tag-europe","13":"tag-fr","14":"tag-france","15":"tag-grand-est","16":"tag-mercato-football","17":"tag-news","18":"tag-rc-strasbourg-alsace","19":"tag-republique-francaise","20":"tag-strasbourg"},"share_on_mastodon":{"url":"https:\/\/pubeurope.com\/@fr\/115110724781826574","error":""},"_links":{"self":[{"href":"https:\/\/www.europesays.com\/fr\/wp-json\/wp\/v2\/posts\/351583","targetHints":{"allow":["GET"]}}],"collection":[{"href":"https:\/\/www.europesays.com\/fr\/wp-json\/wp\/v2\/posts"}],"about":[{"href":"https:\/\/www.europesays.com\/fr\/wp-json\/wp\/v2\/types\/post"}],"author":[{"embeddable":true,"href":"https:\/\/www.europesays.com\/fr\/wp-json\/wp\/v2\/users\/2"}],"replies":[{"embeddable":true,"href":"https:\/\/www.europesays.com\/fr\/wp-json\/wp\/v2\/comments?post=351583"}],"version-history":[{"count":0,"href":"https:\/\/www.europesays.com\/fr\/wp-json\/wp\/v2\/posts\/351583\/revisions"}],"wp:featuredmedia":[{"embeddable":true,"href":"https:\/\/www.europesays.com\/fr\/wp-json\/wp\/v2\/media\/351584"}],"wp:attachment":[{"href":"https:\/\/www.europesays.com\/fr\/wp-json\/wp\/v2\/media?parent=351583"}],"wp:term":[{"taxonomy":"category","embeddable":true,"href":"https:\/\/www.europesays.com\/fr\/wp-json\/wp\/v2\/categories?post=351583"},{"taxonomy":"post_tag","embeddable":true,"href":"https:\/\/www.europesays.com\/fr\/wp-json\/wp\/v2\/tags?post=351583"}],"curies":[{"name":"wp","href":"https:\/\/api.w.org\/{rel}","templated":true}]}}