{"id":351587,"date":"2025-08-29T06:56:09","date_gmt":"2025-08-29T06:56:09","guid":{"rendered":"https:\/\/www.europesays.com\/fr\/351587\/"},"modified":"2025-08-29T06:56:09","modified_gmt":"2025-08-29T06:56:09","slug":"pres-de-nice-ces-riverains-nen-peuvent-plus-du-survol-des-avions-ca-ne-sarrete-plus","status":"publish","type":"post","link":"https:\/\/www.europesays.com\/fr\/351587\/","title":{"rendered":"Pr\u00e8s de Nice. Ces riverains n&rsquo;en peuvent plus du survol des avions : \u00ab\u00a0\u00c7a ne s&rsquo;arr\u00eate plus\u00a0\u00bb"},"content":{"rendered":"<p>            Par<br \/>\n        <strong><br \/>\n            <a href=\"https:\/\/actu.fr\/auteur\/manon-reinhardt\" title=\"Consulter tous les articles de Manon Reinhardt\" target=\"_blank\" rel=\"noopener\">Manon Reinhardt<\/a><br \/>\n        <\/strong><\/p>\n<p>        Publi\u00e9 le<\/p>\n<p>            29 ao\u00fbt 2025 \u00e0 8h40        <\/p>\n<p>Ils tentent de se faire entendre, en vain jusqu\u2019\u00e0 pr\u00e9sent. Depuis le d\u00e9but de l\u2019\u00e9t\u00e9, de nombreux riverains qui vivent \u00e0 Antibes, pr\u00e8s de <a href=\"https:\/\/actu.fr\/provence-alpes-cote-d-azur\/nice_06088\" target=\"_blank\" rel=\"noopener\">Nice<\/a> (<a href=\"https:\/\/actu.fr\/provence-alpes-cote-d-azur\/alpes-maritimes_06\" target=\"_blank\" rel=\"noopener\">Alpes-Maritimes<\/a>), alertent sur le nombre de survols d\u2019avions qu\u2019ils jugent bien trop \u00e9lev\u00e9 au quotidien. Mais pas que\u2009: la nuit du dimanche 24\u00a0ao\u00fbt dernier aurait \u00e9t\u00e9 \u00ab<strong>\u2009particuli\u00e8rement insupportable\u2009\u00bb<\/strong> avec l\u2019atterrissage vers l\u2019a\u00e9roport de 17 appareils entre 23h30 et 6h du matin. Une association demande l\u2019arr\u00eat de ces pratiques dans une p\u00e9tition.<\/p>\n<p>\u00ab\u2009Comment ne pas devenir agressif\u2009\u00bb<\/p>\n<p class=\" wall-content\">Prendre un petit d\u00e9jeuner au calme, s\u2019endormir sans \u00eatre r\u00e9veill\u00e9 par un bruit sourd\u2026 Autant de besoins pourtant essentiels qu\u2019ont perdu ces habitants. \u00c0 Antibes, ils sont tr\u00e8s nombreux \u00e0 \u00e9voquer les <strong>nuisances sonores et sanitaires<\/strong> caus\u00e9es par le survol des avions au-dessus de chez eux.<\/p>\n<p class=\" wall-content\">Sur <a href=\"https:\/\/actu.fr\/tag\/reseaux-sociaux\" target=\"_blank\" rel=\"noopener\">les r\u00e9seaux sociaux<\/a>, les t\u00e9moignages affluent. \u00ab\u2009De 8h17 ce matin \u00e0 10h17 \u00e0 Val Claret, 30 avions sont pass\u00e9s au-dessus de nos t\u00eates. [\u2026] Comment ne pas devenir agressif\u2009\u00bb, peste Rachel. Comme Sandra, qui confirme\u2009: \u00ab\u2009Toutes les cinq minutes vers Rabiac Estagnol. Jusqu\u2019\u00e0 au moins 23h impossible de discuter. Je ne vous parle m\u00eame pas du matin\u2009\u00bb.<\/p>\n<p class=\" wall-content\">Et m\u00eame en soir\u00e9e, voire la nuit, les avions d\u00e9rangent les riverains. \u00ab\u2009Hier soir et jusqu\u2019\u00e0 tard, les avions volaient si bas que le seuil l\u00e9gal de d\u00e9cibel \u00e9tait <strong>largement pulv\u00e9ris\u00e9<\/strong> toutes les deux minutes\u2026\u2009\u00bb, \u00e9crit un autre internaute sur un groupe Facebook.<\/p>\n<p>La nuit du 24\u00a0ao\u00fbt dernier en question<\/p>\n<p class=\" wall-content\">Tous s\u2019accordent \u00e0 dire que les survols deviennent<strong> invivables<\/strong> depuis le d\u00e9but de la saison estivale. Depuis plusieurs ann\u00e9es, une association locale tente de faire cesser ces nuisances\u2009: il s\u2019agit du Comit\u00e9 de Lutte contre le Survol d\u2019Antibes (CLUSA). Son pr\u00e9sident, Philippe Jouvin, raconte que la nuit du dimanche 24\u00a0ao\u00fbt dernier a \u00e9t\u00e9 tout simplement \u00ab\u2009insupportable\u2009\u00bb.<\/p>\n<blockquote class=\"ac-article-quote wall-content\">\n<p>Le nombre de survols nocturnes au-dessus d\u2019Antibes Juan-les-Pins et de Golfe-Juan a \u00e9t\u00e9 particuli\u00e8rement \u00e9lev\u00e9 et insupportable. Il y a eu 17 survols dans l&rsquo;axe passant par Antibes entre 23h30 et 6h, au plus profond de la nuit montrant l\u2019absence d\u2019efficacit\u00e9 de l\u2019arr\u00eat\u00e9 du 2 mars 2010 et alors m\u00eame que les conditions m\u00e9t\u00e9orologiques \u00e9taient cl\u00e9mentes.<\/p>\n<p>    <strong>Philippe Jouvin<\/strong><br \/>\n        Pr\u00e9sident du Clusa    <\/p><\/blockquote>\n<p class=\" wall-content\">Dans <a href=\"https:\/\/www.change.org\/p\/faire-cesser-les-survols-intempestifs-au-dessus-d-antibes-juan-les-pins-et-golfe-juan\" target=\"_blank\" rel=\"noopener\">une p\u00e9tition<\/a>, sign\u00e9e 1706 fois \u00e0 ce jour, l\u2019association r\u00e9clame \u00ab\u2009moins de vols dans l\u2019axe passant juste au-dessus d\u2019Antibes Juan-les-Pins et communes voisines\u2009\u00bb, et une approche tourn\u00e9e vers la mer. Elle demande \u00e9galement <strong>un groupe de travail<\/strong> avec la Direction g\u00e9n\u00e9rale de l\u2019aviation civile (DGAC) ainsi qu\u2019une commission ind\u00e9pendante.<\/p>\n<p>Votre r\u00e9gion, votre actu !<\/p>\n<p>Recevez chaque jour les infos qui comptent pour vous.<\/p>\n<p>\t<a href=\"https:\/\/actu.fr\/newsletter\" class=\"ac-btn ac-btn--corner ac-btn--medium ac-btn--blue800\" target=\"_blank\" rel=\"noopener\">S&rsquo;incrire<\/a><br \/>\n\u00ab\u2009Des gens font des d\u00e9pressions\u2009\u00bb<\/p>\n<p class=\" wall-content\">\u00ab\u2009Nous sommes particuli\u00e8rement expos\u00e9s \u00e0 ce bruit, qui est largement au-dessus des recommandations de l\u2019OMS. Les atterrissages nocturnes sont tr\u00e8s probl\u00e9matiques\u2009\u00bb, d\u00e9nonce-t-il. Selon ses propres chiffres, 124 plaintes ont \u00e9t\u00e9 enregistr\u00e9es par l\u2019a\u00e9roport en 2024, neuf ont \u00e9t\u00e9 transmises \u00e0 la DGAC et seulement trois ont \u00e9t\u00e9 sanctionn\u00e9es.<\/p>\n<blockquote class=\"ac-article-quote wall-content\">\n<p>Il y a des gens qui font des d\u00e9pressions, qui ne supportent plus ce bruit qui est inacceptable.<\/p>\n<p>    <strong>Philippe Jouvin<\/strong><br \/>\n        Pr\u00e9sident du Clusa    <\/p><\/blockquote>\n<p class=\" wall-content\">Car lorsque les avions doivent emprunter ce fameux couloir d\u2019atterrissage (il existe trois approches au total vers Nice), les vols s\u2019encha\u00eenent <strong>\u00ab\u2009toutes les trois minutes pendant 11\u00a0heures\u2009\u00bb<\/strong>, affirme-t-il. Et ils seraient tr\u00e8s bas, \u00e0 environ \u00e0 570\u00a0m\u00e8tres. \u00ab\u2009Depuis cinq ans, le nombre de vols passant par Antibes ne s\u2019arr\u00eate plus.\u2009\u00bb Une r\u00e9union s\u2019est tenue d\u00e9but juillet avec la municipalit\u00e9.<\/p>\n<p>Un taux de survol \u00e0 peine plus \u00e9lev\u00e9, selon l\u2019a\u00e9roport<\/p>\n<p class=\" wall-content\">Interrog\u00e9s par nos confr\u00e8res de <a href=\"https:\/\/www.nicematin.com\/vie-associative\/-le-bruit-est-de-plus-en-plus-insupportable-une-petition-demande-de-faire-cesser-les-vols-intempestifs-vers-l-aeroport-nice-cote-d-azur-996459\" target=\"_blank\" rel=\"noopener\">Nice-Matin<\/a>, les services de l\u2019a\u00e9roport ni\u00e7ois avaient vivement contest\u00e9 les nuisances relat\u00e9es par les riverains. \u00ab\u2009Depuis le d\u00e9but du mois de juillet, le taux de survol de la ville est \u00e0 peine de 8,67\u2009% du total des mouvements aux arriv\u00e9es\u2009\u00bb, a r\u00e9pondu Aymeric Staub, porte-parole.<\/p>\n<p class=\" wall-content\">Avant d\u2019abonder\u2009: \u00ab\u2009Tous ces survols sont par ailleurs justifi\u00e9s par des <strong>conditions m\u00e9t\u00e9orologiques<\/strong> o\u00f9 le plafond nuageux est inf\u00e9rieur \u00e0 762\u00a0m\u00e8tres, la visibilit\u00e9 \u00e0 10 kilom\u00e8tres, et o\u00f9 la proc\u00e9dure d\u2019\u00e9vitement d\u2019Antibes ne peut \u00eatre effectu\u00e9e\u2009\u00bb.<\/p>\n<p class=\" wall-content\">Sacha, signataire de la p\u00e9tition, semble pourtant affirmer le contraire\u2009: \u00ab\u2009Ils passent tr\u00e8s souvent sur Antibes lorsque le ciel est d\u00e9gag\u00e9\u2009\u00bb, a-t-il comment\u00e9.<\/p>\n<p class=\" wall-content\">Personnalisez votre actualit\u00e9 en ajoutant vos villes et m\u00e9dias en favori avec <a href=\"https:\/\/moncompte.actu.fr\" title=\"D\u00e9couvez Mon Actu\" rel=\"nofollow noopener\" data-trk=\"{&quot;cta&quot;:{&quot;action&quot;:&quot;https:\\\/\\\/moncompte.actu.fr&quot;,&quot;category&quot;:&quot;mon compte&quot;,&quot;from&quot;:&quot;article footer&quot;,&quot;name&quot;:&quot;Mon actu&quot;,&quot;type&quot;:&quot;cta&quot;}}\" target=\"_blank\">Mon Actu<\/a>.<\/p>\n","protected":false},"excerpt":{"rendered":"Par Manon Reinhardt Publi\u00e9 le 29 ao\u00fbt 2025 \u00e0 8h40 Ils tentent de se faire entendre, en vain&hellip;\n","protected":false},"author":2,"featured_media":351588,"comment_status":"","ping_status":"","sticky":false,"template":"","format":"standard","meta":{"footnotes":""},"categories":[2819],"tags":[1111,11,1777,674,1011,27,12,2401,2897,882,25,104],"class_list":{"0":"post-351587","1":"post","2":"type-post","3":"status-publish","4":"format-standard","5":"has-post-thumbnail","7":"category-nice","8":"tag-actu","9":"tag-actualites","10":"tag-eu","11":"tag-europe","12":"tag-fr","13":"tag-france","14":"tag-news","15":"tag-nice","16":"tag-nice-cote-dazur","17":"tag-provence-alpes-cote-dazur","18":"tag-republique-francaise","19":"tag-societe"},"share_on_mastodon":{"url":"https:\/\/pubeurope.com\/@fr\/115110751898953946","error":""},"_links":{"self":[{"href":"https:\/\/www.europesays.com\/fr\/wp-json\/wp\/v2\/posts\/351587","targetHints":{"allow":["GET"]}}],"collection":[{"href":"https:\/\/www.europesays.com\/fr\/wp-json\/wp\/v2\/posts"}],"about":[{"href":"https:\/\/www.europesays.com\/fr\/wp-json\/wp\/v2\/types\/post"}],"author":[{"embeddable":true,"href":"https:\/\/www.europesays.com\/fr\/wp-json\/wp\/v2\/users\/2"}],"replies":[{"embeddable":true,"href":"https:\/\/www.europesays.com\/fr\/wp-json\/wp\/v2\/comments?post=351587"}],"version-history":[{"count":0,"href":"https:\/\/www.europesays.com\/fr\/wp-json\/wp\/v2\/posts\/351587\/revisions"}],"wp:featuredmedia":[{"embeddable":true,"href":"https:\/\/www.europesays.com\/fr\/wp-json\/wp\/v2\/media\/351588"}],"wp:attachment":[{"href":"https:\/\/www.europesays.com\/fr\/wp-json\/wp\/v2\/media?parent=351587"}],"wp:term":[{"taxonomy":"category","embeddable":true,"href":"https:\/\/www.europesays.com\/fr\/wp-json\/wp\/v2\/categories?post=351587"},{"taxonomy":"post_tag","embeddable":true,"href":"https:\/\/www.europesays.com\/fr\/wp-json\/wp\/v2\/tags?post=351587"}],"curies":[{"name":"wp","href":"https:\/\/api.w.org\/{rel}","templated":true}]}}