{"id":351591,"date":"2025-08-29T07:03:13","date_gmt":"2025-08-29T07:03:13","guid":{"rendered":"https:\/\/www.europesays.com\/fr\/351591\/"},"modified":"2025-08-29T07:03:13","modified_gmt":"2025-08-29T07:03:13","slug":"primaire-de-la-droite-a-nantes-ce-week-end-un-fauteuil-pour-deux","status":"publish","type":"post","link":"https:\/\/www.europesays.com\/fr\/351591\/","title":{"rendered":"Primaire de la droite \u00e0 Nantes ce week-end : un fauteuil pour deux !"},"content":{"rendered":"<p class=\"block date\" id=\"dateEtAuteur\">Publi\u00e9 : 8h24 &#8211; Modifi\u00e9 : 8h41 H\u00e9l\u00e8ne  HAMON <\/p>\n<p><img decoding=\"async\" class=\"\" style=\"width:100%\" src=\"https:\/\/www.europesays.com\/fr\/wp-content\/uploads\/2025\/08\/NANTES_HOTEL_DE_VILLE_CECILE_KHOLER_JACQUES_PARIS1756447588173.jpg\" alt=\"H\u00f4tel de Ville de Nantes\"\/><\/p>\n<p>H\u00f4tel de Ville de Nantes<\/p>\n<p>Cr\u00e9dit : H\u00e9l\u00e8ne Hamon<\/p>\n<p>Quel visage pour conduire la droite nantaise aux \u00e9lections municipales 2026 ? R\u00e9ponse ce dimanche soir (31 ao\u00fbt). Les R\u00e9publicains organisent une primaire dans la cit\u00e9 des ducs. Pr\u00e8s de mille militants sont appel\u00e9s \u00e0 voter pour d\u00e9partager Julien Bainvel et Foulques Chombart de Lauwe. <\/p>\n<p><strong>Quel candidat pour la droite nantaise aux municipales de l\u2019ann\u00e9e prochaine ? <\/strong>On le saura \u00e0 l&rsquo;issue du week-end. Les militants Les R\u00e9publicains sont appel\u00e9s \u00e0 voter ce samedi et dimanche pour d\u00e9partager Julien Bainvel et Foulques Chombart de Lauwe.<\/p>\n<p>Le vainqueur de cette primaire conduira la droite, avec un objectif affich\u00e9 : battre, les 15 et 22 mars 2026, la socialiste Johanna Rolland, dans le fauteuil de la mairie depuis 2014. Mais quels sont les profils des deux candidats ?<\/p>\n<blockquote><p>\nM\u00eame programme mais strat\u00e9gie diff\u00e9rente\n<\/p><\/blockquote>\n<p>On a interrog\u00e9 un fin observateur de la vie politique nantaise, Thibault Dumas, r\u00e9dacteur en chef de <a href=\"https:\/\/www.mediacites.fr\/breve\/nantes\/2025\/08\/28\/lr-a-nantes-une-primaire-bainvel-chombart-de-lauwe-a-haut-risque\/\" rel=\"noopener\" target=\"_blank\">M\u00e9diacit\u00e9s \u00e0 Nantes.<\/a> \u00ab\u00a0Ils ont \u00e0 peu pr\u00e8s le m\u00eame \u00e2ge, pas loin de 50 ans. Tous les deux sont Nantais. Julien Bainvel est \u00e9lu municipal depuis 17 ans et Foulques Chombart de Lauwe conseiller municipal depuis 2020. Julien Bainvel est bien connu, certains disent que c&rsquo;est un techno, un apparatchik parce qu&rsquo;il est aussi collaborateur du groupe d&rsquo;opposition de droite et du centre au d\u00e9partement. Il se positionne plut\u00f4t, on va dire, au centre droit.<\/p>\n<p>\u00a0<\/p>\n<p style=\"text-align: center;\">\n<p>\u00a0<\/p>\n<p>Foulques Chombart de Lauwe est issu d&rsquo;une famille de r\u00e9sistants, comme l&rsquo;indique son nom. Il est parti en campagne beaucoup plus t\u00f4t que Julien Bainvel, depuis l&rsquo;automne 2023. Lui, c&rsquo;est vraiment les coups de com\u2019, et il situe plus \u00e0 droite que Julien Bainvel et il veut \u00ab\u00a0d\u00e9gager Johanna Rolland de la mairie\u00a0\u00bb.<strong> Sur le terrain des programmes, ils sont assez proches, cependant la strat\u00e9gie n&rsquo;est pas la m\u00eame : <\/strong>Julien Bainvel, lui pense qu&rsquo;il faut directement aller chercher les d\u00e9\u00e7us de Johanna Rolland et se positionner au centre dans sa campagne alors que Foulques Chombart de Lauwe pense qu\u2019il faut faire une campagne \u00e0 droite et aller s&rsquo;additionner au centre pour \u00e9ventuellement gagner.\u00a0\u00bb<\/p>\n<p>Thibault Dumas, r\u00e9dacteur en chef de M\u00e9diacit\u00e9s \u00e0 Nantes :Thibault Dumas, r\u00e9dacteur en chef de M\u00e9diacit\u00e9s \u00e0 Nantes : <\/p>\n<blockquote><p>\nFoulques Chombart de Lauwe peut-il cr\u00e9er la surprise ?\n<\/p><\/blockquote>\n<p>Alors que tout le monde voyait le discret Julien Bainvel confortablement d\u00e9sign\u00e9, ce cavalier solitaire est venu jouer les troubles f\u00eates. \u00ab\u00a0Cela fait 10 ans que Julie Bainvel est candidat \u00e0 la mairie. Il devait l&rsquo;\u00eatre en 2014, enfin il voulait l&rsquo;\u00eatre et il ne l&rsquo;a pas \u00e9t\u00e9 &#8211; ce fut Laurence Garnier et en 2020 la question s&rsquo;est pos\u00e9e, l\u00e0 on pensait que c&rsquo;\u00e9tait l&rsquo;autoroute pour lui (ndlr : <a href=\"https:\/\/www.la-croix.com\/elections\/resultats-municipales\/loire-atlantique-44\/nantes-44100\" rel=\"noopener\" target=\"_blank\">et finalement il y a eu Val\u00e9rie Oppelt et Laurence Garnier).<\/a><\/p>\n<p>Julien Bainvel est soutenu par tous les t\u00e9nors de la droite et du centre localement, quasiment tous&#8230; mais il y a Foulques Chombart de Lauwe qui quelque part lui a coup\u00e9 l&rsquo;herbre sous le pied en partant en campagne un an et demi avant lui, dans le m\u00eame parti. Il fallait trouver une solution pour d\u00e9partager les deux, et Foulques Chombart de Lauwe, beaucoup moins connu, a fait une campagne o\u00f9 il a tout fait pour le devenir.<\/p>\n<p style=\"text-align: center;\">\n<p> Je pense que la peur qu&rsquo;il y a chez les LR, c&rsquo;est qu&rsquo;il y ait deux listes au final, selon Thibault Dumas. <strong>\u00c0 Nantes, la gauche est au pouvoir depuis 36 ans. Johanna Roland brigue un troisi\u00e8me mandat et les oppositions ne peuvent pas se permettre d&rsquo;avoir deux listes. <\/strong>D\u00e9j\u00e0 que c&rsquo;est une mission quasi impossible alors s&rsquo;il y a deux listes, \u00e7a devient totalement impossible\u00a0\u00bb. <\/p>\n<p>Thibault Dumas, r\u00e9dacteur en chef de M\u00e9diacit\u00e9s \u00e0 Nantes Thibault Dumas, r\u00e9dacteur en chef de M\u00e9diacit\u00e9s \u00e0 Nantes  <\/p>\n<p>Il n&rsquo;en reste pas moins que les deux candidats se rassemblent sur une chose : l&rsquo;un comme l&rsquo;autre ne manque pas de taper sur la politique de Johanna Rolland. D\u2019ailleurs, l\u2019actuelle \u00e9dile craint-elle l\u2019un des deux candidats ?\u00a0\u00ab\u00a0Jusqu&rsquo;ici, elle a concentr\u00e9 ses attaques sur Julien Bainvel, retient Thibault Dumas.<\/p>\n<p>Si elle a une personne qu&rsquo;elle cite dans ses bilans de mandat ou publiquement c&rsquo;est Julien Bainvel avec un angle d&rsquo;attaque, il est \u00e9lu r\u00e9gional et il a soutenu les coupes budg\u00e9taires de Christelle Moran\u00e7ais (ndlr : la pr\u00e9sidente de la r\u00e9gion Pays de la Loire). C&rsquo;est l\u00e0-dessus qu&rsquo;il est tr\u00e8s attaqu\u00e9 par Johanna Roland.<\/p>\n<blockquote><p>\nJulien Bainvel favori, mais Foulques Chombart de Lauwe pourrait passer \u00ab\u00a0dans un trou de souris\u00a0\u00bb\n<\/p><\/blockquote>\n<p>Foulques Chombart de Lauwe n&rsquo;est m\u00eame pas cit\u00e9 par Johanna Roland. Simplement, son entourage et ses adjoints parlent de \u00ab\u00a0Trump nantais\u00a0\u00bb. La logique voudrait que Bainvel l&#8217;emporte. Il a quand m\u00eame le soutien des poids lourds localement, m\u00eame la partie la plus conservatrice de LR, Laurence Garnier candidate deux fois, l&rsquo;a adoub\u00e9. Donc si Foulques Chombart de Lauwe passe, c&rsquo;est dans un trou de souris. Apr\u00e8s la politique, c&rsquo;est l&rsquo;art de se tromper quand on fait des pr\u00e9dictions. Mais Julien Bainvel est quand m\u00eame favori l\u00e0\u00a0\u00bb.<\/p>\n<p>Thibault Dumas, r\u00e9dacteur en chef de M\u00e9diacit\u00e9s \u00e0 Nantes Thibault Dumas, r\u00e9dacteur en chef de M\u00e9diacit\u00e9s \u00e0 Nantes <img decoding=\"async\" class=\"\" style=\"width:100%\" src=\"https:\/\/www.europesays.com\/fr\/wp-content\/uploads\/2025\/08\/LEGISLATIVES___URNE1756449241926.jpg\" alt=\"Urne\"\/> <\/p>\n<p>Pr\u00e8s de 1000 militants vont s&rsquo;exprimer ce week-end, soit physiquement au si\u00e8ge de la <a href=\"https:\/\/republicains.fr\/federation\/44-loire-atlantique\/\" rel=\"noopener\" target=\"_blank\">F\u00e9d\u00e9ration LR \u00e0 Nantes<\/a>, soit par vote \u00e9lectronique.<\/p>\n<p>La fin du scrutin est fix\u00e9e \u00e0 17 heures.<\/p>\n","protected":false},"excerpt":{"rendered":"Publi\u00e9 : 8h24 &#8211; Modifi\u00e9 : 8h41 H\u00e9l\u00e8ne HAMON H\u00f4tel de Ville de Nantes Cr\u00e9dit : H\u00e9l\u00e8ne Hamon&hellip;\n","protected":false},"author":2,"featured_media":351592,"comment_status":"","ping_status":"","sticky":false,"template":"","format":"standard","meta":{"footnotes":""},"categories":[2818],"tags":[1111,11,6592,5949,1777,674,48824,1011,27,6945,16579,6319,3228,5107,48825,3554,7127,766,12,2636,16072,25],"class_list":{"0":"post-351591","1":"post","2":"type-post","3":"status-publish","4":"format-standard","5":"has-post-thumbnail","7":"category-nantes","8":"tag-actu","9":"tag-actualites","10":"tag-droite","11":"tag-elections","12":"tag-eu","13":"tag-europe","14":"tag-foulques-chombart-de-lauwe","15":"tag-fr","16":"tag-france","17":"tag-johanna-rolland","18":"tag-julien-bainvel","19":"tag-les-republicains","20":"tag-lr","21":"tag-maire","22":"tag-mediacites","23":"tag-municipales","24":"tag-nantaise","25":"tag-nantes","26":"tag-news","27":"tag-pays-de-la-loire","28":"tag-primaire","29":"tag-republique-francaise"},"share_on_mastodon":{"url":"https:\/\/pubeurope.com\/@fr\/115110779971965428","error":""},"_links":{"self":[{"href":"https:\/\/www.europesays.com\/fr\/wp-json\/wp\/v2\/posts\/351591","targetHints":{"allow":["GET"]}}],"collection":[{"href":"https:\/\/www.europesays.com\/fr\/wp-json\/wp\/v2\/posts"}],"about":[{"href":"https:\/\/www.europesays.com\/fr\/wp-json\/wp\/v2\/types\/post"}],"author":[{"embeddable":true,"href":"https:\/\/www.europesays.com\/fr\/wp-json\/wp\/v2\/users\/2"}],"replies":[{"embeddable":true,"href":"https:\/\/www.europesays.com\/fr\/wp-json\/wp\/v2\/comments?post=351591"}],"version-history":[{"count":0,"href":"https:\/\/www.europesays.com\/fr\/wp-json\/wp\/v2\/posts\/351591\/revisions"}],"wp:featuredmedia":[{"embeddable":true,"href":"https:\/\/www.europesays.com\/fr\/wp-json\/wp\/v2\/media\/351592"}],"wp:attachment":[{"href":"https:\/\/www.europesays.com\/fr\/wp-json\/wp\/v2\/media?parent=351591"}],"wp:term":[{"taxonomy":"category","embeddable":true,"href":"https:\/\/www.europesays.com\/fr\/wp-json\/wp\/v2\/categories?post=351591"},{"taxonomy":"post_tag","embeddable":true,"href":"https:\/\/www.europesays.com\/fr\/wp-json\/wp\/v2\/tags?post=351591"}],"curies":[{"name":"wp","href":"https:\/\/api.w.org\/{rel}","templated":true}]}}