{"id":351597,"date":"2025-08-29T07:05:35","date_gmt":"2025-08-29T07:05:35","guid":{"rendered":"https:\/\/www.europesays.com\/fr\/351597\/"},"modified":"2025-08-29T07:05:35","modified_gmt":"2025-08-29T07:05:35","slug":"un-mineur-non-accompagne-passe-la-nuit-dans-des-conditions-deshumanisantes-au-commissariat-auvare-a-nice","status":"publish","type":"post","link":"https:\/\/www.europesays.com\/fr\/351597\/","title":{"rendered":"Un mineur non accompagn\u00e9 passe la nuit dans \u00ab\u00a0des conditions d\u00e9shumanisantes\u00a0\u00bb au commissariat Auvare \u00e0 Nice"},"content":{"rendered":"<p>Ce lundi 25 ao\u00fbt,\u00a0Mohammed M., Mineur Non Accompagn\u00e9 (MNA) somalien, est orient\u00e9 vers le commissariat Auvare \u00e0 Nice par le Secours Catholique.<\/p>\n<p>Il passe ensuite la nuit enferm\u00e9 dans un box, sans possibilit\u00e9 de boire ou de se nourrir. Des conditions d&rsquo;accueil \u00ab\u00a0d\u00e9shumanisantes\u00a0\u00bb que d\u00e9nonce l&rsquo;association Tous Citoyens.<\/p>\n<p>David Nakache, pr\u00e9sident de l&rsquo;association, pour qui\u00a0ce genre de situation n&rsquo;est pas une premi\u00e8re, explique que les migrants mineurs qui se pr\u00e9sentent seuls se font souvent \u00ab\u00a0refouler\u00a0\u00bb de ce poste de police, qui connait une forte affluence.<\/p>\n<p>\u00ab\u00a0Quand ils arrivent au commissariat, ils ne voient m\u00eame pas le visage de leur interlocuteur, qui est derri\u00e8re une vitre teint\u00e9, raconte David Nakache. Ils ne parlent pas fran\u00e7ais, on leur dit de revenir plus tard, et ils peuvent attendre des heures dehors, sous la pluie, ou en pleine nuit. Donc souvent ils repartent sans faire valoir leurs droits.\u00a0\u00bb<\/p>\n<p>Car effectivement, passer les fronti\u00e8res en \u00e9tant mineur n&rsquo;est pas ill\u00e9gal. Les jeunes MNA doivent ensuite b\u00e9n\u00e9ficier des aides sociales et de la protection de l&rsquo;enfance.\u00a0<\/p>\n<p>\u00ab\u00a0S&rsquo;ils sont accept\u00e9s au commissariat, ils sont parqu\u00e9s dans un petit box avec des barreaux aux fen\u00eatres, parfois \u00e0 plusieurs. Sans matelas, sans nourriture, sans possibilit\u00e9 d&rsquo;aller aux toilettes et sans accompagnement social alors que ce sont des jeunes qui ont v\u00e9cu des traumatismes\u00a0\u00bb, d\u00e9plore le pr\u00e9sident de l&rsquo;association.<\/p>\n<p>Lundi soir, Mohammed M. \u00e9tait \u00ab\u00a0en panique et tapait \u00e0 la porte, sans r\u00e9ponse ni explications\u00a0\u00bb.<\/p>\n<p>Avertie, l&rsquo;association joint le commissariat qui leur dit ne pas avoir les moyens de le nourrir.<\/p>\n<p>Les b\u00e9n\u00e9voles proposent alors d&rsquo;apporter un repas, mais \u00e0 leur arriv\u00e9e au poste, ils se voient finalement refuser l&rsquo;entr\u00e9e, et seule une bouteille d&rsquo;eau sera apport\u00e9e \u00e0 Mohammed M.\u00a0<\/p>\n<p>Un protocole d&rsquo;accord entre le D\u00e9partement et la Pr\u00e9fecture<\/p>\n<p>Depuis d\u00e9cembre 2019, un protocole d&rsquo;accord discret entre le D\u00e9partement des Alpes-Maritimes, le Pr\u00e9fet et les procureurs de Grasse et de Nice impose aux MNA de passer par cet unique poste de police, avant d&rsquo;\u00eatre accompagn\u00e9 par un travailleur social du D\u00e9partement.<\/p>\n<p>En temps normal, un mineur se pr\u00e9sente directement aupr\u00e8s du Conseil du D\u00e9partement pour \u00eatre accompagn\u00e9. Alors sur le papier, ce protocole vise \u00e0\u00a0\u00ab\u00a0contr\u00f4ler l&rsquo;identit\u00e9, pour \u00e9viter les fraudes ou les risques de terrorisme\u00a0\u00bb, selon l&rsquo;association Tous Citoyens.<\/p>\n<p>Mais en pratique, \u00ab\u00a0personne ne prend les empreintes et v\u00e9rifie quoi que ce soit, ils font simplement un signalement au Conseil d\u00e9partemental pour qu&rsquo;ils envoient un \u00e9ducateur chercher le mineur, affirme David Nakache. Ils ne font qu&rsquo;attendre, dans des conditions inadapt\u00e9es.\u00a0\u00bb<\/p>\n<p>Dans le texte, consult\u00e9 par Nice-Matin, seul l&rsquo;article 1, alin\u00e9a 3 mentionne les services de police : \u00ab\u00a0Les personnes se pr\u00e9sentant comme mineures, \u00e0 la demande des services de police de l&rsquo;air et des fronti\u00e8res, de police ou de gendarmerie, b\u00e9n\u00e9ficient d&rsquo;une prise en charge administrative, qualifi\u00e9e de \u00ab\u00a0mise \u00e0 l&rsquo;abri\u00a0\u00bb, pouvant durer jusqu&rsquo;\u00e0 23 jours. Elle vise \u00e0 assurer une protection aux jeunes, potentiellement mineurs isol\u00e9s \u00e9trangers, le temps que les services de protection de l&rsquo;enfance proc\u00e8dent \u00e0 des investigations concernant ce statut.\u00a0\u00bb\u00a0<\/p>\n<p>Rien d&rsquo;explicite sur le commissariat Auvare \u00e0 Nice donc.<\/p>\n<p>Pourtant, selon David Nakache, la police et le D\u00e9partement se r\u00e9f\u00e8rent \u00e0 ce texte pour justifier cette \u00e9tape.<\/p>\n<p>Pour l&rsquo;heure, la Pr\u00e9fecture n&rsquo;a pas r\u00e9pondu \u00e0 nos sollicitations.<\/p>\n<p>Une mesure pour limiter l&rsquo;immigration dans le d\u00e9partement ?<\/p>\n<p>\u00ab\u00a0Lorsqu&rsquo;on \u00e9change avec les policiers d&rsquo;Auvare, rapporte le pr\u00e9sident de Tous Citoyens, on entend certes des propos x\u00e9nophobes, mais aussi certains qui nous disent qu&rsquo;ils font tout ce qu&rsquo;ils peuvent pour accompagner les MNA mais n&rsquo;ont pas de moyens.\u00a0\u00bb\u00a0<\/p>\n<p>David Nakache d\u00e9crit des policier \u00ab\u00a0en souffrance et surcharg\u00e9s\u00a0\u00bb: \u00ab\u00a0Ce n&rsquo;est pas leur r\u00f4le d&rsquo;accueillir des mineurs migrants, ils n&rsquo;ont ni le temps, ni les moyens financiers, ni les locaux adapt\u00e9s.\u00a0\u00bb<\/p>\n<p>\u00ab\u00a0Alors qu&rsquo;ils devraient \u00eatre en foyer, ces jeunes passent la nuit en errance dans la rue, sans information, ont froid et faim. Et ils finissent par renoncer\u00a0\u00bb, appuie l&rsquo;association.<\/p>\n<p>Pour eux donc, cette mesure vise surtout \u00e0 les inciter \u00e0 renoncer \u00e0 leur droit d&rsquo;\u00eatre accueillis dans les Alpes-Maritimes, et de continuer leur chemin vers un autre d\u00e9partement.<\/p>\n<p>Une \u00e9ventuelle mani\u00e8re d\u00e9guis\u00e9e de limiter l&rsquo;immigration.\u00a0<\/p>\n<p>Adapter les lieux d&rsquo;accueil<\/p>\n<p>David Nakache souhaiter que les autorit\u00e9s revoient le dispositif d&rsquo;accueil dans les Alpes-Maritimes, si le protocole doit \u00eatre maintenu: \u00ab\u00a0Il faut arr\u00eater de les traiter comme des d\u00e9linquants. C&rsquo;est d\u00e9j\u00e0\u00a0sid\u00e9rant que la pr\u00e9fecture et le d\u00e9partement signent cet accord mais ne pr\u00e9voient rien pour le mettre en place. On esp\u00e8re donc que le nouveau pr\u00e9fet, Laurent Hottiaux, va se saisir de cette question.\u00a0\u00bb<\/p>\n<p>L&rsquo;association a \u00e9galement engag\u00e9 une action en justice \u00e0 l&rsquo;encontre de ce protocole.\u00a0<\/p>\n<p>Aujourd&rsquo;hui, Mohammed M. est accompagn\u00e9 par un \u00e9ducateur du D\u00e9partement, et il attend son \u00e9valuation de minorit\u00e9.<\/p>\n","protected":false},"excerpt":{"rendered":"Ce lundi 25 ao\u00fbt,\u00a0Mohammed M., Mineur Non Accompagn\u00e9 (MNA) somalien, est orient\u00e9 vers le commissariat Auvare \u00e0 Nice&hellip;\n","protected":false},"author":2,"featured_media":351598,"comment_status":"","ping_status":"","sticky":false,"template":"","format":"standard","meta":{"footnotes":""},"categories":[2819],"tags":[1111,11,1777,674,332,1011,27,12,2401,882,25],"class_list":{"0":"post-351597","1":"post","2":"type-post","3":"status-publish","4":"format-standard","5":"has-post-thumbnail","7":"category-nice","8":"tag-actu","9":"tag-actualites","10":"tag-eu","11":"tag-europe","12":"tag-faits-de-societe","13":"tag-fr","14":"tag-france","15":"tag-news","16":"tag-nice","17":"tag-provence-alpes-cote-dazur","18":"tag-republique-francaise"},"share_on_mastodon":{"url":"https:\/\/pubeurope.com\/@fr\/115110787339674200","error":""},"_links":{"self":[{"href":"https:\/\/www.europesays.com\/fr\/wp-json\/wp\/v2\/posts\/351597","targetHints":{"allow":["GET"]}}],"collection":[{"href":"https:\/\/www.europesays.com\/fr\/wp-json\/wp\/v2\/posts"}],"about":[{"href":"https:\/\/www.europesays.com\/fr\/wp-json\/wp\/v2\/types\/post"}],"author":[{"embeddable":true,"href":"https:\/\/www.europesays.com\/fr\/wp-json\/wp\/v2\/users\/2"}],"replies":[{"embeddable":true,"href":"https:\/\/www.europesays.com\/fr\/wp-json\/wp\/v2\/comments?post=351597"}],"version-history":[{"count":0,"href":"https:\/\/www.europesays.com\/fr\/wp-json\/wp\/v2\/posts\/351597\/revisions"}],"wp:featuredmedia":[{"embeddable":true,"href":"https:\/\/www.europesays.com\/fr\/wp-json\/wp\/v2\/media\/351598"}],"wp:attachment":[{"href":"https:\/\/www.europesays.com\/fr\/wp-json\/wp\/v2\/media?parent=351597"}],"wp:term":[{"taxonomy":"category","embeddable":true,"href":"https:\/\/www.europesays.com\/fr\/wp-json\/wp\/v2\/categories?post=351597"},{"taxonomy":"post_tag","embeddable":true,"href":"https:\/\/www.europesays.com\/fr\/wp-json\/wp\/v2\/tags?post=351597"}],"curies":[{"name":"wp","href":"https:\/\/api.w.org\/{rel}","templated":true}]}}