{"id":351599,"date":"2025-08-29T07:11:22","date_gmt":"2025-08-29T07:11:22","guid":{"rendered":"https:\/\/www.europesays.com\/fr\/351599\/"},"modified":"2025-08-29T07:11:22","modified_gmt":"2025-08-29T07:11:22","slug":"elle-va-passer-dans-des-communes-mal-desservies","status":"publish","type":"post","link":"https:\/\/www.europesays.com\/fr\/351599\/","title":{"rendered":"elle va passer dans des communes mal desservies"},"content":{"rendered":"<p>            Par<br \/>\n        <strong><br \/>\n            <a href=\"https:\/\/actu.fr\/auteur\/lea-afonso\" title=\"Consulter tous les articles de L\u00e9a Afonso\" rel=\"nofollow noopener\" target=\"_blank\">L\u00e9a Afonso<\/a><br \/>\n        <\/strong><\/p>\n<p>        Publi\u00e9 le<\/p>\n<p>            29 ao\u00fbt 2025 \u00e0 6h52        <\/p>\n<p>C\u2019est une grande nouveaut\u00e9 pour les habitants de l\u2019agglo de <a href=\"https:\/\/actu.fr\/toulouse\/\" rel=\"nofollow noopener\" target=\"_blank\">Toulouse<\/a> qui \u00e9tait sans doute attendue par nombre d\u2019entre eux\u2009: la <strong>premi\u00e8re ligne de bus express<\/strong> qui va <strong>relier<\/strong> de nombreuses <strong>communes<\/strong> \u2014 mal desservies jusqu\u2019alors \u2014 <strong>\u00e0 la Ville rose<\/strong>. Elle ouvre d\u00e8s le<strong> 1er\u00a0septembre<\/strong>.<\/p>\n<p>D\u00e9senclaver les communes d\u2019un point d\u2019un point de vue des transports<\/p>\n<p class=\" wall-content\">Cette nouvelle ligne de bus, le<strong> 117 express<\/strong> \u2014 anciennement 117 \u2014, reliera d\u00e8s ce lundi 1er septembre la commune de <strong>Muret \u00e0 Toulouse<\/strong>, en <strong>passant par le centre commercial de Roques<\/strong> et celui de <strong>Portet-sur-Garonne<\/strong>.<\/p>\n<p class=\" wall-content\">Une toute nouvelle ligne, avec un voyage de <strong>35\u00a0minutes<\/strong>, qui passera d\u00e9sormais dans des communes assez mal desservies. L\u2019occasion de rendre les trajets en transport en commun direction Toulouse, plus faciles.<\/p>\n<p class=\" wall-content\">\u00ab\u2009Avec ce nouveau service, plus de 19\u2009000 emplois sont accessibles avec des arr\u00eats sp\u00e9cifiquement pens\u00e9s pour les actifs et habitants de ces zones\u2009\u00bb, indique Tiss\u00e9o.<\/p>\n<p>Arr\u00eats et horaires<\/p>\n<p class=\" wall-content\">Le 117 express aura comme <strong>terminus Muret Gare SNCF et Basso Cambo<\/strong> en passant par <strong>15 arr\u00eats<\/strong>\u2009: Muret Gare SNCF, Charles de\u00a0Gaulle, Douzans, Cin\u00e9ma, Porte de Muret, Muret Sans Souci, M\u00fbriers, Centre commercial Roques-Micha\u00eblis, Ax, Jean Jaur\u00e8s, Centre Commercial Porter, Larrieu, Eisenhower Est, Desnos, Basso Cambo.<\/p>\n<p>Vid\u00e9os : en ce moment sur Actu<\/p>\n<p class=\" wall-content\">Il passera <strong>toutes les 15 \u00e0 30\u00a0minutes en heures de pointe<\/strong> (une heure pour les heures creuses) du lundi au vendredi. Le samedi, toutes les 40\u00a0minutes. Durant les vacances scolaires, toutes les 30\u00a0minutes en heures de pointe et une heure en heures creuses. La plage horaire pour le 117 express \u00e9tant <strong>de 6\u2009h \u00e0 21\u2009h du lundi au samedi<\/strong>.<\/p>\n<p>    <img   decoding=\"async\" loading=\"lazy\" src=\"https:\/\/www.europesays.com\/fr\/wp-content\/uploads\/2025\/08\/capture-decran-2025-08-28-a-121301-960x640.png\" alt=\"Voici le plan de la ligne 117 express.\" width=\"960\" height=\"640\"\/><br \/>\n    Voici le plan de la ligne 117 express. (\u00a9Capture d\u2019\u00e9cran Tiss\u00e9o)<\/p>\n<p>Votre r\u00e9gion, votre actu !<\/p>\n<p>Recevez chaque jour les infos qui comptent pour vous.<\/p>\n<p>\t<a href=\"https:\/\/actu.fr\/newsletter\" class=\"ac-btn ac-btn--corner ac-btn--medium ac-btn--blue800\" rel=\"nofollow noopener\" target=\"_blank\">S&rsquo;incrire<\/a><br \/>\nDes am\u00e9nagements r\u00e9alis\u00e9s<\/p>\n<p class=\" wall-content\">Pour accueillir le 117 express, quelques am\u00e9nagements ont \u00e9t\u00e9 r\u00e9alis\u00e9s sur les routes : \u00ab<strong>\u200930\u2009%<\/strong> de l\u2019itin\u00e9raire de la Ligne Express circule <strong>sur des voies r\u00e9serv\u00e9es aux bus<\/strong>\u2009\u00bb explique Tiss\u00e9o. Ainsi, \u00ab<strong>\u2009huit nouveaux carrefours<\/strong> \u00e9quip\u00e9s d\u2019un syst\u00e8me de priorit\u00e9 aux feux aux principaux carrefours\u2009\u00bb ont \u00e9t\u00e9 cr\u00e9\u00e9s.<\/p>\n<p class=\" wall-content\">Par ailleurs, \u00ab\u200968\u2009% des arr\u00eats sont \u00e9quip\u00e9s de bornes d\u2019informations voyageurs\u2009\u00bb et \u00ab\u2009le temps d\u2019attente sera indiqu\u00e9 sur \u00e9cran aux arr\u00eats les plus fr\u00e9quent\u00e9s tout au long du trac\u00e9\u2009\u00bb, termine Tiss\u00e9o.<\/p>\n<p class=\" wall-content\">Personnalisez votre actualit\u00e9 en ajoutant vos villes et m\u00e9dias en favori avec <a href=\"https:\/\/moncompte.actu.fr\" title=\"D\u00e9couvez Mon Actu\" rel=\"nofollow noopener\" data-trk=\"{&quot;cta&quot;:{&quot;action&quot;:&quot;https:\\\/\\\/moncompte.actu.fr&quot;,&quot;category&quot;:&quot;mon compte&quot;,&quot;from&quot;:&quot;article footer&quot;,&quot;name&quot;:&quot;Mon actu&quot;,&quot;type&quot;:&quot;cta&quot;}}\" target=\"_blank\">Mon Actu<\/a>.<\/p>\n","protected":false},"excerpt":{"rendered":"Par L\u00e9a Afonso Publi\u00e9 le 29 ao\u00fbt 2025 \u00e0 6h52 C\u2019est une grande nouveaut\u00e9 pour les habitants de&hellip;\n","protected":false},"author":2,"featured_media":351600,"comment_status":"","ping_status":"","sticky":false,"template":"","format":"standard","meta":{"footnotes":""},"categories":[2816],"tags":[1111,11,1777,674,1011,27,12,2680,25,104,5400,2312,2803],"class_list":{"0":"post-351599","1":"post","2":"type-post","3":"status-publish","4":"format-standard","5":"has-post-thumbnail","7":"category-toulouse","8":"tag-actu","9":"tag-actualites","10":"tag-eu","11":"tag-europe","12":"tag-fr","13":"tag-france","14":"tag-news","15":"tag-occitanie","16":"tag-republique-francaise","17":"tag-societe","18":"tag-tisseo","19":"tag-toulouse","20":"tag-transport"},"share_on_mastodon":{"url":"https:\/\/pubeurope.com\/@fr\/115110811035125547","error":""},"_links":{"self":[{"href":"https:\/\/www.europesays.com\/fr\/wp-json\/wp\/v2\/posts\/351599","targetHints":{"allow":["GET"]}}],"collection":[{"href":"https:\/\/www.europesays.com\/fr\/wp-json\/wp\/v2\/posts"}],"about":[{"href":"https:\/\/www.europesays.com\/fr\/wp-json\/wp\/v2\/types\/post"}],"author":[{"embeddable":true,"href":"https:\/\/www.europesays.com\/fr\/wp-json\/wp\/v2\/users\/2"}],"replies":[{"embeddable":true,"href":"https:\/\/www.europesays.com\/fr\/wp-json\/wp\/v2\/comments?post=351599"}],"version-history":[{"count":0,"href":"https:\/\/www.europesays.com\/fr\/wp-json\/wp\/v2\/posts\/351599\/revisions"}],"wp:featuredmedia":[{"embeddable":true,"href":"https:\/\/www.europesays.com\/fr\/wp-json\/wp\/v2\/media\/351600"}],"wp:attachment":[{"href":"https:\/\/www.europesays.com\/fr\/wp-json\/wp\/v2\/media?parent=351599"}],"wp:term":[{"taxonomy":"category","embeddable":true,"href":"https:\/\/www.europesays.com\/fr\/wp-json\/wp\/v2\/categories?post=351599"},{"taxonomy":"post_tag","embeddable":true,"href":"https:\/\/www.europesays.com\/fr\/wp-json\/wp\/v2\/tags?post=351599"}],"curies":[{"name":"wp","href":"https:\/\/api.w.org\/{rel}","templated":true}]}}