{"id":351601,"date":"2025-08-29T07:12:15","date_gmt":"2025-08-29T07:12:15","guid":{"rendered":"https:\/\/www.europesays.com\/fr\/351601\/"},"modified":"2025-08-29T07:12:15","modified_gmt":"2025-08-29T07:12:15","slug":"tfc-psg-cest-le-choc-samedi-soir-au-stadium","status":"publish","type":"post","link":"https:\/\/www.europesays.com\/fr\/351601\/","title":{"rendered":"TFC-PSG, c&rsquo;est le choc samedi soir au Stadium!"},"content":{"rendered":"<p><img decoding=\"async\" class=\"\" style=\"width:100%\" src=\"https:\/\/www.europesays.com\/fr\/wp-content\/uploads\/2025\/08\/TFC_PSG_30_08_251756449314834.jpg\" alt=\"TFC PSG\"\/><\/p>\n<p>TFC-PSG ce samedi 30 Ao\u00fbt 2025 au Stadium de Toulouse<\/p>\n<p>Cr\u00e9dit : Facebook du TFC<\/p>\n<p>C&rsquo;est un match au sommet qui attend les Violets demain (30 Ao\u00fbt 2025) au Stadium de Toulouse.<\/p>\n<p>Le TFC re\u00e7oit le PSG, \u00e0 21h05, pour le compte de la 3ie journ\u00e9e de Ligue1. Un match qui va se joueur \u00e0 guichets ferm\u00e9s. Les Toulousains auront donc le soutien du public dans un stade en \u00e9bullition. Ils vont tenter de poursuivre leur d\u00e9but de saison sans faute (deux victoires en deux match) face aux Champions Parisiens. Le TFC occupe actuellement la 3ie place du Championnat. Les Parisiens occupent eux la 3i\u00e8me place du classement, comptant \u00e9galement six points \u00e0 la suite de leurs succ\u00e8s \u00e0 Nantes et contre Angers.<\/p>\n","protected":false},"excerpt":{"rendered":"TFC-PSG ce samedi 30 Ao\u00fbt 2025 au Stadium de Toulouse Cr\u00e9dit : Facebook du TFC C&rsquo;est un match&hellip;\n","protected":false},"author":2,"featured_media":351602,"comment_status":"","ping_status":"","sticky":false,"template":"","format":"standard","meta":{"footnotes":""},"categories":[2816],"tags":[20747,1111,11,1777,674,1011,27,12,2680,25,2312],"class_list":{"0":"post-351601","1":"post","2":"type-post","3":"status-publish","4":"format-standard","5":"has-post-thumbnail","7":"category-toulouse","8":"tag-20747","9":"tag-actu","10":"tag-actualites","11":"tag-eu","12":"tag-europe","13":"tag-fr","14":"tag-france","15":"tag-news","16":"tag-occitanie","17":"tag-republique-francaise","18":"tag-toulouse"},"share_on_mastodon":{"url":"https:\/\/pubeurope.com\/@fr\/115110814857882607","error":""},"_links":{"self":[{"href":"https:\/\/www.europesays.com\/fr\/wp-json\/wp\/v2\/posts\/351601","targetHints":{"allow":["GET"]}}],"collection":[{"href":"https:\/\/www.europesays.com\/fr\/wp-json\/wp\/v2\/posts"}],"about":[{"href":"https:\/\/www.europesays.com\/fr\/wp-json\/wp\/v2\/types\/post"}],"author":[{"embeddable":true,"href":"https:\/\/www.europesays.com\/fr\/wp-json\/wp\/v2\/users\/2"}],"replies":[{"embeddable":true,"href":"https:\/\/www.europesays.com\/fr\/wp-json\/wp\/v2\/comments?post=351601"}],"version-history":[{"count":0,"href":"https:\/\/www.europesays.com\/fr\/wp-json\/wp\/v2\/posts\/351601\/revisions"}],"wp:featuredmedia":[{"embeddable":true,"href":"https:\/\/www.europesays.com\/fr\/wp-json\/wp\/v2\/media\/351602"}],"wp:attachment":[{"href":"https:\/\/www.europesays.com\/fr\/wp-json\/wp\/v2\/media?parent=351601"}],"wp:term":[{"taxonomy":"category","embeddable":true,"href":"https:\/\/www.europesays.com\/fr\/wp-json\/wp\/v2\/categories?post=351601"},{"taxonomy":"post_tag","embeddable":true,"href":"https:\/\/www.europesays.com\/fr\/wp-json\/wp\/v2\/tags?post=351601"}],"curies":[{"name":"wp","href":"https:\/\/api.w.org\/{rel}","templated":true}]}}