{"id":351603,"date":"2025-08-29T07:18:33","date_gmt":"2025-08-29T07:18:33","guid":{"rendered":"https:\/\/www.europesays.com\/fr\/351603\/"},"modified":"2025-08-29T07:18:33","modified_gmt":"2025-08-29T07:18:33","slug":"lille-une-nouvelle-salle-de-sport-hors-du-commun-se-construit-derriere-la-gare-saint-sauveur","status":"publish","type":"post","link":"https:\/\/www.europesays.com\/fr\/351603\/","title":{"rendered":"Lille. Une nouvelle salle de sport hors du commun se construit derri\u00e8re la gare Saint-Sauveur"},"content":{"rendered":"<p>            Par<br \/>\n        <strong><br \/>\n            <a href=\"https:\/\/actu.fr\/auteur\/annesophie-2\" title=\"Consulter tous les articles de Anne-Sophie Hourdeaux\" target=\"_blank\" rel=\"noopener\">Anne-Sophie Hourdeaux<\/a><br \/>\n        <\/strong><\/p>\n<p>        Publi\u00e9 le<\/p>\n<p>            29 ao\u00fbt 2025 \u00e0 8h32        <\/p>\n<p><b>Le site Saint-Sauveur<\/b> \u00e0 <a href=\"https:\/\/actu.fr\/hauts-de-france\/lille_59350\" target=\"_blank\" rel=\"noopener\">Lille<\/a> (Nord) continue d\u2019\u00eatre r\u00e9am\u00e9nag\u00e9 pour le plaisir des Lillois. Fin 2025, une<b> nouvelle salle de sport incroyable verra le jour<\/b>, sur 3 \u00e9tages et 2\u2009000 m\u00b2<b>. <\/b>Situ\u00e9 juste derri\u00e8re la gare Saint-So, avec une <b>esth\u00e9tique impressionnante<\/b>, le b\u00e2timent sera aussi l\u2019un des premiers \u00e9quipements sportifs en France avec une telle performance \u00e9nerg\u00e9tique.<\/p>\n<p>    <img   decoding=\"async\" loading=\"lazy\" class=\"size-large\" src=\"https:\/\/www.europesays.com\/fr\/wp-content\/uploads\/2025\/08\/ad4212e7fea86715212e7fea825521v-960x640.jpg\" alt=\"salle sports saint sauveur lille\" width=\"960\" height=\"640\"\/><br \/>\n    La structure de la nouvelle salle de sport en construction sur le site Saint-Sauveur \u00e0 Lille est en bois, en forme de vague invers\u00e9e. \u00a9Agence Face B Architecte<\/p>\n<p class=\" wall-content\">Le chantier a d\u00e9marr\u00e9 en f\u00e9vrier 2024 rue Camille-Gu\u00e9rin, pour s\u2019achever fin 2025. L\u2019architecture du b\u00e2timent est impressionnante, avec son toit en bois en forme de vagues qui donne un effet \u00ab\u2009waouh\u2009\u00bb.<\/p>\n<p>    <img   decoding=\"async\" loading=\"lazy\" class=\"size-large\" src=\"https:\/\/www.europesays.com\/fr\/wp-content\/uploads\/2025\/08\/7088d1e7fea869488d1e7fea86988dv-960x640.jpg\" alt=\"salle sports saint sauveur lille\" width=\"960\" height=\"640\"\/><br \/>\n    Projection de ce que sera le b\u00e2timent une fois achev\u00e9. \u00a9Agence Face B Architecte3 \u00e9tages pour de nombreux sports<\/p>\n<p class=\" wall-content\">Sur plusieurs niveaux, ce complexe sportif de plus de 2\u2009000 m\u00b2 comprendra\u2009:<\/p>\n<ul class=\" wall-content\">\n<li><b>une salle multisports<\/b> au rez-de-chauss\u00e9e (judo, basket, volley, badminton\u2026) accessible \u00e0 tous\u2009;<\/li>\n<li><b>deux dojos<\/b> au premier \u00e9tage\u2009;<\/li>\n<li><b>et une autre salle<\/b> au second \u00e9tage (basket, volley, badminton) pour les clubs, les associations et les \u00e9coles.\n<\/li>\n<\/ul>\n<p>    <img   decoding=\"async\" loading=\"lazy\" class=\"size-large\" src=\"https:\/\/www.europesays.com\/fr\/wp-content\/uploads\/2025\/08\/11c291e7fea8645c291e7fea869c29v-960x640.jpg\" alt=\"salle sports saint sauveur lille\" width=\"960\" height=\"640\"\/><br \/>\n    La construction de la salle de sports Saint-Sauveur avance. \u00a9Agence Face B<\/p>\n<p>Votre r\u00e9gion, votre actu !<\/p>\n<p>Recevez chaque jour les infos qui comptent pour vous.<\/p>\n<p>\t<a href=\"https:\/\/actu.fr\/newsletter\" class=\"ac-btn ac-btn--corner ac-btn--medium ac-btn--blue800\" target=\"_blank\" rel=\"noopener\">S&rsquo;incrire<\/a><\/p>\n<p class=\" wall-content\">Outre son esth\u00e9tique notable, avec vue sur la ville, la dimension \u00e9cologique est respect\u00e9e\u2009: il sera de conception passive, avec pour objectif la certification Passivhaus\u00ae.<\/p>\n<p>    <img   decoding=\"async\" loading=\"lazy\" class=\"size-large\" src=\"https:\/\/www.europesays.com\/fr\/wp-content\/uploads\/2025\/08\/c021b1e7fea86a421b1e7fea87821bv-960x640.jpg\" alt=\"salle sports saint sauveur lille\" width=\"960\" height=\"640\"\/><br \/>\n    La vue du 3e \u00e9tage sera incroyable\u2009! \u00a9Agence Face BNiveau de performance \u00e9nerg\u00e9tique maximal<\/p>\n<p class=\" wall-content\">Con\u00e7u par l\u2019architecte lillois \u00ab\u2009Bureau Face B\u2009\u00bb, il sera l\u2019un des premiers \u00e9quipements sportifs en France \u00e0 atteindre ces niveaux de performance\u2009: besoins en chauffage inf\u00e9rieurs \u00e0 15\u00a0kWh\/m\u00b2\/an, et consommation en \u00e9nergie primaire pour tous postes confondus inf\u00e9rieure \u00e0 120\u00a0kWh\/m\u00b2\/an.<\/p>\n<p class=\" wall-content\">Cela signifie une tr\u00e8s forte isolation du b\u00e2timent, un traitement pouss\u00e9 des ponts thermiques et une excellente \u00e9tanch\u00e9it\u00e9 \u00e0 l\u2019air. C\u00f4t\u00e9 \u00e9quipements, on retrouve une ventilation double-flux \u00e0 tr\u00e8s haut rendement et des syst\u00e8mes de production de chaleur \u00e9conomes.<\/p>\n<p class=\" wall-content\">Le budget de ce chantier est de 6\u00a0millions d\u2019euros.<\/p>\n<p class=\" wall-content\">Personnalisez votre actualit\u00e9 en ajoutant vos villes et m\u00e9dias en favori avec <a href=\"https:\/\/moncompte.actu.fr\" title=\"D\u00e9couvez Mon Actu\" rel=\"nofollow noopener\" data-trk=\"{&quot;cta&quot;:{&quot;action&quot;:&quot;https:\\\/\\\/moncompte.actu.fr&quot;,&quot;category&quot;:&quot;mon compte&quot;,&quot;from&quot;:&quot;article footer&quot;,&quot;name&quot;:&quot;Mon actu&quot;,&quot;type&quot;:&quot;cta&quot;}}\" target=\"_blank\">Mon Actu<\/a>.<\/p>\n","protected":false},"excerpt":{"rendered":"Par Anne-Sophie Hourdeaux Publi\u00e9 le 29 ao\u00fbt 2025 \u00e0 8h32 Le site Saint-Sauveur \u00e0 Lille (Nord) continue d\u2019\u00eatre&hellip;\n","protected":false},"author":2,"featured_media":351604,"comment_status":"","ping_status":"","sticky":false,"template":"","format":"standard","meta":{"footnotes":""},"categories":[2815],"tags":[1111,11,1777,674,1011,27,811,1307,12,25,104,2086],"class_list":{"0":"post-351603","1":"post","2":"type-post","3":"status-publish","4":"format-standard","5":"has-post-thumbnail","7":"category-lille","8":"tag-actu","9":"tag-actualites","10":"tag-eu","11":"tag-europe","12":"tag-fr","13":"tag-france","14":"tag-hauts-de-france","15":"tag-lille","16":"tag-news","17":"tag-republique-francaise","18":"tag-societe","19":"tag-travaux"},"share_on_mastodon":{"url":"https:\/\/pubeurope.com\/@fr\/115110838691011839","error":""},"_links":{"self":[{"href":"https:\/\/www.europesays.com\/fr\/wp-json\/wp\/v2\/posts\/351603","targetHints":{"allow":["GET"]}}],"collection":[{"href":"https:\/\/www.europesays.com\/fr\/wp-json\/wp\/v2\/posts"}],"about":[{"href":"https:\/\/www.europesays.com\/fr\/wp-json\/wp\/v2\/types\/post"}],"author":[{"embeddable":true,"href":"https:\/\/www.europesays.com\/fr\/wp-json\/wp\/v2\/users\/2"}],"replies":[{"embeddable":true,"href":"https:\/\/www.europesays.com\/fr\/wp-json\/wp\/v2\/comments?post=351603"}],"version-history":[{"count":0,"href":"https:\/\/www.europesays.com\/fr\/wp-json\/wp\/v2\/posts\/351603\/revisions"}],"wp:featuredmedia":[{"embeddable":true,"href":"https:\/\/www.europesays.com\/fr\/wp-json\/wp\/v2\/media\/351604"}],"wp:attachment":[{"href":"https:\/\/www.europesays.com\/fr\/wp-json\/wp\/v2\/media?parent=351603"}],"wp:term":[{"taxonomy":"category","embeddable":true,"href":"https:\/\/www.europesays.com\/fr\/wp-json\/wp\/v2\/categories?post=351603"},{"taxonomy":"post_tag","embeddable":true,"href":"https:\/\/www.europesays.com\/fr\/wp-json\/wp\/v2\/tags?post=351603"}],"curies":[{"name":"wp","href":"https:\/\/api.w.org\/{rel}","templated":true}]}}